{"id":162094,"date":"2014-09-20T12:31:10","date_gmt":"2014-09-20T12:31:10","guid":{"rendered":"http:\/\/diariodominicano.ddns.net\/?p=162094"},"modified":"2014-09-20T12:31:10","modified_gmt":"2014-09-20T12:31:10","slug":"abogados-del-partido-revolucionario-moderno-manifiestan-respaldo-a-candidatura-presidencial-de-hipolito-mejia","status":"publish","type":"post","link":"https:\/\/diariodominicano.com\/?p=162094","title":{"rendered":"Abogados del Partido Revolucionario Moderno manifiestan respaldo a candidatura presidencial de Hip\u00f3lito Mej\u00eda"},"content":{"rendered":"<p><body><\/p>\n<p><img decoding=\"async\" src=\"img3\/abogado 20.php.html\" \/>  <\/p>\n<p>Santo Domingo RD 20 septiembre.- Abogados del Partido Revolucionario Moderno (PRM) manifestaron su apoyo al ex Presidente Hip\u00f3lito Mej\u00eda para que acepte supostulaci\u00f3n para la candidatura presidencial por ese partido y la Convergencia por un Mejor Pa\u00eds con miras a las elecciones a celebrarseen mayo de 2016.<\/p>\n<\/p>\n<p>En visita realizada este viernes a su casa campestre de San Crist\u00f3bal, los juristas perreme\u00edstas estimaron que Mej\u00eda cuenta con las cualidades pol\u00edticas para enfrentar y detener al Partido de la Liberaci\u00f3n Dominicana (PLD).<\/p>\n<\/p>\n<p>Dijeron que el ex presidente Hip\u00f3lito Mej\u00eda representa la firmeza y experiencia que amerita el pa\u00eds, cuenta con la simpat\u00eda popular y con la mejor preparaci\u00f3npara enfrentar las tempestades que puedan venir, as\u00ed como acabar con la corrupci\u00f3n del pasado y el presente gobierno peledeista.<\/p>\n<\/p>\n<p>La visita fue coordinada y encabezada por la doctora B\u00e9lgica Soler, presidenta del Frente de Abogados del PRM y l\u00edder de ese sector.<\/p>\n<\/p>\n<p>Adem\u00e1s de la doctor Soler, participaron Juan Francisco Matos, Jos\u00e9 Medrano,  Virginia Feliz, Winston Marte, Yonce Encarnaci\u00f3n, Sardis Suero,  Saturnino Encarnaci\u00f3n,  Dorka Medina,  Jorge Pe\u00f1a, Katiuska Estrella, Teresa Franco, Adolfo Franco, Dulce Qui\u00f1ones,  Claudio Est\u00e9vez , Elenny  Tejeda, Carlos Garc\u00eda, Mario Acosta, Carlos Joaqu\u00edn , Nuris Marte, Luis Quintanilla , entre otros.<\/p>\n<h6> 2014-09-20 12:31:10 <\/h6>\n<p><!--\n<link rel=\"stylesheet\" href=\"css\/bootstrap.min.css\">\n\n\n<ul class=\"pagination\">\n\t    \n\t\n\n<li >\n\t<a href='?page_no=14533'>Previous<\/a>\n\t<\/li>\n\n\n       \n    \n\n<li><a href='?page_no=1'>1<\/a><\/li>\n\n\n\n<li><a href='?page_no=2'>2<\/a><\/li>\n\n\n\n<li><a>...<\/a><\/li>\n\n\n\n<li><a href='?page_no=14532'>14532<\/a><\/li>\n\n\n\n<li><a href='?page_no=14533'>14533<\/a><\/li>\n\n\n\n<li class='active'><a>14534<\/a><\/li>\n\n\n\n<li><a href='?page_no=14535'>14535<\/a><\/li>\n\n\n\n<li><a href='?page_no=14536'>14536<\/a><\/li>\n\n\n\n<li><a>...<\/a><\/li>\n\n\n\n<li><a href='?page_no=36999'>36999<\/a><\/li>\n\n\n\n<li><a href='?page_no=37000'>37000<\/a><\/li>\n\n    \n\t\n\n<li >\n\t<a href='?page_no=14535'>Next<\/a>\n\t<\/li>\n\n\n    \n\n<li><a href='?page_no=37000'>Last &rsaquo;&rsaquo;<\/a><\/li>\n\n<\/ul>\n\n\n--><br \/>\n<\/body><\/p>\n","protected":false},"excerpt":{"rendered":"<p>Santo Domingo RD 20 septiembre.- Abogados del Partido Revolucionario Moderno (PRM) manifestaron su apoyo al ex Presidente Hip\u00f3lito Mej\u00eda para que acepte supostulaci\u00f3n para la candidatura presidencial por ese partido y la Convergencia por un Mejor Pa\u00eds con miras a las elecciones a celebrarseen mayo de 2016. En visita realizada este viernes a su casa [&hellip;]<\/p>\n","protected":false},"author":3,"featured_media":0,"comment_status":"open","ping_status":"open","sticky":false,"template":"","format":"standard","meta":{"footnotes":""},"categories":[22],"tags":[],"class_list":["post-162094","post","type-post","status-publish","format-standard","hentry","category-politica"],"_links":{"self":[{"href":"https:\/\/diariodominicano.com\/index.php?rest_route=\/wp\/v2\/posts\/162094","targetHints":{"allow":["GET"]}}],"collection":[{"href":"https:\/\/diariodominicano.com\/index.php?rest_route=\/wp\/v2\/posts"}],"about":[{"href":"https:\/\/diariodominicano.com\/index.php?rest_route=\/wp\/v2\/types\/post"}],"author":[{"embeddable":true,"href":"https:\/\/diariodominicano.com\/index.php?rest_route=\/wp\/v2\/users\/3"}],"replies":[{"embeddable":true,"href":"https:\/\/diariodominicano.com\/index.php?rest_route=%2Fwp%2Fv2%2Fcomments&post=162094"}],"version-history":[{"count":0,"href":"https:\/\/diariodominicano.com\/index.php?rest_route=\/wp\/v2\/posts\/162094\/revisions"}],"wp:attachment":[{"href":"https:\/\/diariodominicano.com\/index.php?rest_route=%2Fwp%2Fv2%2Fmedia&parent=162094"}],"wp:term":[{"taxonomy":"category","embeddable":true,"href":"https:\/\/diariodominicano.com\/index.php?rest_route=%2Fwp%2Fv2%2Fcategories&post=162094"},{"taxonomy":"post_tag","embeddable":true,"href":"https:\/\/diariodominicano.com\/index.php?rest_route=%2Fwp%2Fv2%2Ftags&post=162094"}],"curies":[{"name":"wp","href":"https:\/\/api.w.org\/{rel}","templated":true}]}}