{"id":162091,"date":"2014-09-20T14:25:45","date_gmt":"2014-09-20T14:25:45","guid":{"rendered":"http:\/\/diariodominicano.ddns.net\/?p=162091"},"modified":"2014-09-20T14:25:45","modified_gmt":"2014-09-20T14:25:45","slug":"sera-en-noviembre-cuando-el-partido-reformista-inicie-escogencia-de-candidatos","status":"publish","type":"post","link":"https:\/\/diariodominicano.com\/?p=162091","title":{"rendered":"&#13;&#13;Ser\u00e1 en noviembre cuando el Partido Reformista inicie escogencia de candidatos"},"content":{"rendered":"<p><body><\/p>\n<p><img decoding=\"async\" src=\"img3\/quique 20.jpg\" \/>  <\/p>\n<\/p>\n<p>PRSC iniciar\u00e1 la selecci\u00f3n candidatos en noviembre<\/p>\n<\/p>\n<p>\tEnviar a un amigo<\/p>\n<p>El presidente del Partido Reformista Social Cristiano (PRSC), Federico Ant\u00fan Batlle, anunci\u00f3 que en el mes de noviembre pr\u00f3ximo se dar\u00e1n inicio al proceso de selecci\u00f3n de los candidatos que presentar\u00e1 esa organizaci\u00f3n pol\u00edtica para las elecciones de 2016.<\/p>\n<\/p>\n<p>Ant\u00fan Batlle dijo que el partido colorao y sus candidatos van tras el rescate de la Rep\u00fablica Dominicana.<\/p>\n<\/p>\n<p>Explic\u00f3 que se est\u00e1 trabajando de manera organizada y planificada para que en el mes de noviembre se inicie el proceso de definici\u00f3n de la candidatura presidencial reformista, as\u00ed como de los candidatos a senadores, diputados, alcaldes y regidores de todas las provincias, municipios y distritos municipales.<\/p>\n<\/p>\n<p>Manifest\u00f3 que para ello se est\u00e1 realizando un trabajo arduo en armon\u00eda y unidad, con el convencimiento de todos los dirigentes y militantes del nuevo PRSC \u00abque vamos a rescatar el pa\u00eds para poner a los j\u00f3venes y los pobres en el poder de la Republica Dominicana\u00bb.<\/p>\n<\/p>\n<p>Quique Ant\u00fan dijo que el nuevo reformismo presentar\u00e1 candidaturas en cada una de las comarcas del pa\u00eds para reconquistar a la naci\u00f3n \u00aby as\u00ed liberarla de las manos de los que de una manera u otra han sido indiferentes con los sectores m\u00e1s desprotegidos del pa\u00eds\u00bb.<\/p>\n<\/p>\n<p>Resalt\u00f3 que muchos dirigentes ya tienen definidos sus proyectos para candidaturas a cargos congresuales y municipales, \u00aby muchos de ellos ya est\u00e1n muy bien posesionados, porque gozan de apoyo, simpat\u00eda y respeto en sus respectivas comunidades\u00bb<\/p>\n<\/p>\n<p> \u00abCompatriotas, no se dejen confundir por los que andan haciendo ofertas que despu\u00e9s no cumplir\u00e1n. Mant\u00e9nganse firmes en este gran partido que fund\u00f3 Joaqu\u00edn Balaguer y ustedes ver\u00e1n que juntos y unidos lo vamos a llevar al poder\u00bb, agreg\u00f3.<\/p>\n<\/p>\n<p>El l\u00edder de los reformistas resalt\u00f3, en medio de fuertes y prolongados aplausos, que este es el momento del PRSC \u00abporque la mayor\u00eda de los ciudadanos reconoce que los reformistas son los que mejores saben gobernar\u00bb.<\/p>\n<\/p>\n<p>Y somos ?a\u00f1adi\u00f3- los que les devolveremos a la naci\u00f3n dominicana el sendero de nuestra nacionalidad.<\/p>\n<\/p>\n<p>Exhort\u00f3 a los reformistas, especialmente a los j\u00f3venes y las mujeres, a seguir trabajando de manera activa para continuar fortaleciendo el partido colorao.<\/p>\n<\/p>\n<p>El presidente del PRSC habl\u00f3 en el marco de un encuentro con cientos de dirigentes en la sede principal de la organizaci\u00f3n pol\u00edtica.<\/p>\n<h6> 2014-09-20 14:25:45 <\/h6>\n<p><!--\n<link rel=\"stylesheet\" href=\"css\/bootstrap.min.css\">\n\n\n<ul class=\"pagination\">\n\t    \n\t\n\n<li >\n\t<a href='?page_no=14530'>Previous<\/a>\n\t<\/li>\n\n\n       \n    \n\n<li><a href='?page_no=1'>1<\/a><\/li>\n\n\n\n<li><a href='?page_no=2'>2<\/a><\/li>\n\n\n\n<li><a>...<\/a><\/li>\n\n\n\n<li><a href='?page_no=14529'>14529<\/a><\/li>\n\n\n\n<li><a href='?page_no=14530'>14530<\/a><\/li>\n\n\n\n<li class='active'><a>14531<\/a><\/li>\n\n\n\n<li><a href='?page_no=14532'>14532<\/a><\/li>\n\n\n\n<li><a href='?page_no=14533'>14533<\/a><\/li>\n\n\n\n<li><a>...<\/a><\/li>\n\n\n\n<li><a href='?page_no=36999'>36999<\/a><\/li>\n\n\n\n<li><a href='?page_no=37000'>37000<\/a><\/li>\n\n    \n\t\n\n<li >\n\t<a href='?page_no=14532'>Next<\/a>\n\t<\/li>\n\n\n    \n\n<li><a href='?page_no=37000'>Last &rsaquo;&rsaquo;<\/a><\/li>\n\n<\/ul>\n\n\n--><br \/>\n<\/body><\/p>\n","protected":false},"excerpt":{"rendered":"<p>PRSC iniciar\u00e1 la selecci\u00f3n candidatos en noviembre Enviar a un amigo El presidente del Partido Reformista Social Cristiano (PRSC), Federico Ant\u00fan Batlle, anunci\u00f3 que en el mes de noviembre pr\u00f3ximo se dar\u00e1n inicio al proceso de selecci\u00f3n de los candidatos que presentar\u00e1 esa organizaci\u00f3n pol\u00edtica para las elecciones de 2016. Ant\u00fan Batlle dijo que el [&hellip;]<\/p>\n","protected":false},"author":3,"featured_media":0,"comment_status":"open","ping_status":"open","sticky":false,"template":"","format":"standard","meta":{"footnotes":""},"categories":[22],"tags":[],"class_list":["post-162091","post","type-post","status-publish","format-standard","hentry","category-politica"],"_links":{"self":[{"href":"https:\/\/diariodominicano.com\/index.php?rest_route=\/wp\/v2\/posts\/162091","targetHints":{"allow":["GET"]}}],"collection":[{"href":"https:\/\/diariodominicano.com\/index.php?rest_route=\/wp\/v2\/posts"}],"about":[{"href":"https:\/\/diariodominicano.com\/index.php?rest_route=\/wp\/v2\/types\/post"}],"author":[{"embeddable":true,"href":"https:\/\/diariodominicano.com\/index.php?rest_route=\/wp\/v2\/users\/3"}],"replies":[{"embeddable":true,"href":"https:\/\/diariodominicano.com\/index.php?rest_route=%2Fwp%2Fv2%2Fcomments&post=162091"}],"version-history":[{"count":0,"href":"https:\/\/diariodominicano.com\/index.php?rest_route=\/wp\/v2\/posts\/162091\/revisions"}],"wp:attachment":[{"href":"https:\/\/diariodominicano.com\/index.php?rest_route=%2Fwp%2Fv2%2Fmedia&parent=162091"}],"wp:term":[{"taxonomy":"category","embeddable":true,"href":"https:\/\/diariodominicano.com\/index.php?rest_route=%2Fwp%2Fv2%2Fcategories&post=162091"},{"taxonomy":"post_tag","embeddable":true,"href":"https:\/\/diariodominicano.com\/index.php?rest_route=%2Fwp%2Fv2%2Ftags&post=162091"}],"curies":[{"name":"wp","href":"https:\/\/api.w.org\/{rel}","templated":true}]}}