{"id":162090,"date":"2014-09-20T20:45:10","date_gmt":"2014-09-20T20:45:10","guid":{"rendered":"http:\/\/diariodominicano.ddns.net\/?p=162090"},"modified":"2014-09-20T20:45:10","modified_gmt":"2014-09-20T20:45:10","slug":"fello-subervi-mi-candidatura-representa-una-esperanza-para-la-capital","status":"publish","type":"post","link":"https:\/\/diariodominicano.com\/?p=162090","title":{"rendered":"Fello Subervi: Mi candidatura representa una esperanza para la capital"},"content":{"rendered":"<p><body><\/p>\n<p><img decoding=\"async\" src=\"img3\/fello.jpg\" \/>  <\/p>\n<p><span class=\"text1noticias\">Santo Domingo, RD, 20 de septiembre.-El doctor Rafael Suberv\u00ed Bonilla, ex S\u00edndico de la ciudad de Santo Domingo, afirm\u00f3 que su candidatura constituye una esperanza para los mun\u00edcipes de la capital.<\/span><\/p>\n<\/p>\n<p><span class=\"text1noticias\">En un concurrido acto donde fueron juramentados miembros y dirigentes del Partido Revolucionario Moderno, PRM del sector Los Girasoles II en el Equipo de Campa\u00f1a del tres veces S\u00edndico de la capital.<\/span><\/p>\n<\/p>\n<p><span class=\"text1noticias\">El ex alcalde del Distrito Nacional, agradeci\u00f3 a los miembros y dirigentes del PRM, Zona O9 de  Los Girasoles que han decidido luchar a favor de su precandidatura y los exhort\u00f3 a trabajar en la conformaci\u00f3n de todo su equipo de campa\u00f1a en el Distrito Nacional, con miras al lanzamiento oficial de sus aspiraciones a realizarse el pr\u00f3ximo mes de noviembre.<\/span><\/p>\n<\/p>\n<p><span class=\"text1noticias\">Explic\u00f3 el experimentado dirigente pol\u00edtico, que su candidatura representa una esperanza para la capital, asegurando que al retornar a la alcald\u00eda ejecutar\u00e1 un programa de empleos que ha dise\u00f1ado para beneficiar a la juventud.<\/span><\/p>\n<\/p>\n<p><span class=\"text1noticias\">\u00abLos exhort\u00f3 a que redoblen los esfuerzos para conformar los equipos de trabajo de respaldo a mi precandidatura que ninguno de ustedes se arrepentir\u00e1 de apoyar mis aspiraciones\u00bb, dijo de manera enf\u00e1tica el aspirante a la Alcald\u00eda del Distrito Nacional.<\/span><\/p>\n<\/p>\n<p><span class=\"text1noticias\">De inmediato el precandidato tom\u00f3 el juramento de rigor a su equipo de campa\u00f1a, quienes se comprometieron a no descansar, hasta lograr el objetivo de retornar al doctor Fello Suberv\u00ed a presidir por cuarta ocasi\u00f3n la Alcald\u00eda del Distrito Nacional.<\/span><\/p>\n<\/p>\n<p><span class=\"text1noticias\">El acto se inici\u00f3 con las palabras del Coordinador Porfirio Vargas quien dio la bienvenida a los presentes y los exhort\u00f3 a trabajar a favor de la  precandidatura del doctor Rafael Suberv\u00ed Bonilla a la alcald\u00eda del Distrito Nacional.<\/span><\/p>\n<\/p>\n<p><span class=\"text1noticias\">Vargas record\u00f3 que Suberv\u00ed construy\u00f3 numerosas obras en esa comunidad, entre las cuales figuran, una cancha deportiva, una botica popular, un consultorio m\u00e9dico. Tambi\u00e9n envi\u00f3 transformadores, asfalt\u00f3 calles, dot\u00f3 decenas de viviendas de sistema sanitario adecuado, entre m\u00faltiples servicios que favorecieron a los moradores de Los Girasoles.<\/span><\/p>\n<\/p>\n<p><span class=\"text1noticias\">Sostuvo Vargas que la gesti\u00f3n realizada por el doctor Suberv\u00ed Bonilla  es lo que ha motivado que esa comunidad respalde las aspiraciones del ex s\u00edndico de la ciudad de Santo Domingo.<\/span><\/p>\n<\/p>\n<p><strong><span class=\"text1noticias\">Habla Elido Alc\u00e1ntara<\/span><\/strong><\/p>\n<\/p>\n<p><span class=\"text1noticias\">El dirigente del Distrito Nacional del PRM, Elido Alc\u00e1ntara afirm\u00f3 que constituye una decisi\u00f3n inteligente llevar de nuevo a un hombre de la talla y la reciedumbre moral del doctor Suberv\u00ed a la Alcald\u00eda del Distrito Nacional.<\/span><\/p>\n<\/p>\n<p><span class=\"text1noticias\">Alc\u00e1ntara advirti\u00f3 que es importante respaldar estas aspiraciones  debido a que Fello no se dobla y cumple con los compromisos que asume. Insisti\u00f3 en que Suberv\u00ed Bonilla es desde ya, el candidato oficial del PRM, raz\u00f3n por la cual s\u00f3lo falta su  proclamaci\u00f3n.<\/span><\/p>\n<\/p>\n<p><span class=\"text1noticias\">Elido Alc\u00e1ntara advirti\u00f3 que la gente est\u00e1 cansada de la administraci\u00f3n del alcalde Roberto Salcedo. El doctor Suberv\u00ed representa el candidato id\u00f3neo para derrotarlo, afirm\u00f3 de manera enf\u00e1tica el dirigente pol\u00edtico.<\/span><\/p>\n<p><span class=\"text1noticias\"><strong>Precandidata a regidora Nidia Mercado<\/strong><\/span><\/p>\n<\/p>\n<p><span class=\"text1noticias\">Por su parte la precandidata a Regidora, se\u00f1ora Nidia Mercado destac\u00f3 los grandes servicios aportados por Fello Suberv\u00ed a en beneficio de Los Girasoles l y exhort\u00f3 a todos los miembros y dirigentes del PRM, a trabajar de manera intensa hasta lograr el retorno del tambi\u00e9n ex Ministro de Trabajo a la Alcald\u00eda del Distrito Nacional.<\/span><\/p>\n<\/p>\n<p><span class=\"text1noticias\">Estuvieron presentes los dirigentes del PRM, Elido Alc\u00e1ntara, Asistente Personal del doctor Suberv\u00ed Bonilla , doctor Neufry P\u00e9rez V\u00f3lquez, Aderson Mota, Espinosa, Coordinador Zona O9, Porfirio Vargas, Armando Mercedes,Juan Francisco Paulino, Nidia Mercado, Precandidata a Regidora,Emilio Jaquez, Austria Castro, Joselito Santana, Zenaida Mesa Montero,Rub\u00e9n Reynoso,F\u00e8lix Mercado Suberv\u00ed, Coordinador Primeros.(HG)<\/span>. <\/p>\n<h6> 2014-09-20 20:45:10 <\/h6>\n<p><!--\n<link rel=\"stylesheet\" href=\"css\/bootstrap.min.css\">\n\n\n<ul class=\"pagination\">\n\t    \n\t\n\n<li >\n\t<a href='?page_no=14529'>Previous<\/a>\n\t<\/li>\n\n\n       \n    \n\n<li><a href='?page_no=1'>1<\/a><\/li>\n\n\n\n<li><a href='?page_no=2'>2<\/a><\/li>\n\n\n\n<li><a>...<\/a><\/li>\n\n\n\n<li><a href='?page_no=14528'>14528<\/a><\/li>\n\n\n\n<li><a href='?page_no=14529'>14529<\/a><\/li>\n\n\n\n<li class='active'><a>14530<\/a><\/li>\n\n\n\n<li><a href='?page_no=14531'>14531<\/a><\/li>\n\n\n\n<li><a href='?page_no=14532'>14532<\/a><\/li>\n\n\n\n<li><a>...<\/a><\/li>\n\n\n\n<li><a href='?page_no=36999'>36999<\/a><\/li>\n\n\n\n<li><a href='?page_no=37000'>37000<\/a><\/li>\n\n    \n\t\n\n<li >\n\t<a href='?page_no=14531'>Next<\/a>\n\t<\/li>\n\n\n    \n\n<li><a href='?page_no=37000'>Last &rsaquo;&rsaquo;<\/a><\/li>\n\n<\/ul>\n\n\n--><br \/>\n<\/body><\/p>\n","protected":false},"excerpt":{"rendered":"<p>Santo Domingo, RD, 20 de septiembre.-El doctor Rafael Suberv\u00ed Bonilla, ex S\u00edndico de la ciudad de Santo Domingo, afirm\u00f3 que su candidatura constituye una esperanza para los mun\u00edcipes de la capital. En un concurrido acto donde fueron juramentados miembros y dirigentes del Partido Revolucionario Moderno, PRM del sector Los Girasoles II en el Equipo de [&hellip;]<\/p>\n","protected":false},"author":3,"featured_media":0,"comment_status":"open","ping_status":"open","sticky":false,"template":"","format":"standard","meta":{"footnotes":""},"categories":[22],"tags":[],"class_list":["post-162090","post","type-post","status-publish","format-standard","hentry","category-politica"],"_links":{"self":[{"href":"https:\/\/diariodominicano.com\/index.php?rest_route=\/wp\/v2\/posts\/162090","targetHints":{"allow":["GET"]}}],"collection":[{"href":"https:\/\/diariodominicano.com\/index.php?rest_route=\/wp\/v2\/posts"}],"about":[{"href":"https:\/\/diariodominicano.com\/index.php?rest_route=\/wp\/v2\/types\/post"}],"author":[{"embeddable":true,"href":"https:\/\/diariodominicano.com\/index.php?rest_route=\/wp\/v2\/users\/3"}],"replies":[{"embeddable":true,"href":"https:\/\/diariodominicano.com\/index.php?rest_route=%2Fwp%2Fv2%2Fcomments&post=162090"}],"version-history":[{"count":0,"href":"https:\/\/diariodominicano.com\/index.php?rest_route=\/wp\/v2\/posts\/162090\/revisions"}],"wp:attachment":[{"href":"https:\/\/diariodominicano.com\/index.php?rest_route=%2Fwp%2Fv2%2Fmedia&parent=162090"}],"wp:term":[{"taxonomy":"category","embeddable":true,"href":"https:\/\/diariodominicano.com\/index.php?rest_route=%2Fwp%2Fv2%2Fcategories&post=162090"},{"taxonomy":"post_tag","embeddable":true,"href":"https:\/\/diariodominicano.com\/index.php?rest_route=%2Fwp%2Fv2%2Ftags&post=162090"}],"curies":[{"name":"wp","href":"https:\/\/api.w.org\/{rel}","templated":true}]}}