{"id":162088,"date":"2014-09-20T20:52:15","date_gmt":"2014-09-20T20:52:15","guid":{"rendered":"http:\/\/diariodominicano.ddns.net\/?p=162088"},"modified":"2014-09-20T20:52:15","modified_gmt":"2014-09-20T20:52:15","slug":"francisco-javier-arremete-contra-la-falta-de-atencion-a-la-base-peledeista-2","status":"publish","type":"post","link":"https:\/\/diariodominicano.com\/?p=162088","title":{"rendered":"Francisco Javier arremete contra la falta de atenci\u00f3n a la base peledeista"},"content":{"rendered":"<p><body><\/p>\n<p><span class=\"text1noticias\">Nagua, Maria Tinidad Sanchez, RD, 20 de Septiembre.-El precandidato presidencial del Partido de la Liberaci\u00f3n Dominicana, Francisco Javier sostuvo aqu\u00ed, que en estos momentos existen dos PLD, el primero es el normal, y el segundo, el de los excluidos, es el que est\u00e1 formado por la base peledeista que no ha recibido los beneficios del poder.<\/span><\/p>\n<\/p>\n<p><span class=\"text1noticias\">\u00abDa pena la falta de atenci\u00f3n que sufren las bases peledeistas de parte de algunos funcionarios\u00bb, dijo Francisco Javier, y proclam\u00f3 que eso cambiar\u00e1 a partir del 16 de agosto del 2016, cuando sea presidente de la Rep\u00fablica.<\/span><\/p>\n<\/p>\n<p><span class=\"text1noticias\">Francisco Javier llam\u00f3 a la base del PLD a tomar las riendas de su futuro para poder determinar su suerte. \u00abel futuro de ustedes est\u00e1 en sus manos, de seguir peor o mejor\u00bb, dijo Francisco Javier, al significar que las bases deben escogerlo como su candidato a la presidencia.<\/span><\/p>\n<\/p>\n<p><span class=\"text1noticias\">Dijo que el PLD es un partido democr\u00e1tico, que se ha convertido en una f\u00e1brica de l\u00edderes, \u00abpero que no es patrimonio particular de nadie, sino del pueblo dominicano\u00bb.<\/span><\/p>\n<\/p>\n<p><span class=\"text1noticias\">A\u00f1adi\u00f3 que en el PLD existen cuatro precandidatos presidenciales, Temistocles Montas, Reynaldo Pared, Radhames Segura, y \u00e9l, que est\u00e1n dejando la suela de sus zapatos en la carretera, recorriendo todo el pa\u00eds, para conseguir la candidatura presidencial.<\/span><\/p>\n<\/p>\n<p><span class=\"text1noticias\">Francisco Javier sostuvo que su proyecto navega en un bote con cuatro motores de 250 caballos de fuerza, y se dirige a puerto seguro, por lo que ninguna brisa por fuerte que sople lo va hacer zozobrar.<\/span><\/p>\n<\/p>\n<p><span class=\"text1noticias\">El aspirante a la nominaci\u00f3n presidencial peledeista reiter\u00f3 la necesidad de un aumento salarial, como forma de reactivar la econom\u00eda y procurar un verdadero desarrollo de los sectores m\u00e1s necesitados del pa\u00eds.<\/span><\/p>\n<\/p>\n<p><span class=\"text1noticias\">Las declaraciones de Francisco Javier se produjeron al pronunciar un discurso durante el acto de juramentaci\u00f3n de su equipo de trabajo pol\u00edtico para su proyecto presidencial, en la provincia Mar\u00eda Trinidad S\u00e1nchez, coordinado por Mauro Garc\u00eda y Wendy Reyes.<\/span><\/p>\n<\/p>\n<p><span class=\"text1noticias\">A Francisco Javier lo acompa\u00f1aron por el recorrido de la provincia Mar\u00eda Trinidad S\u00e1nchez, Juan Ferreira, Ram\u00f3n Rivas, Raymundo Cuevas, entre  otros dirigentes de su proyecto pol\u00edtico.(HG)<\/span>.<\/p>\n<h6> 2014-09-20 20:52:15 <\/h6>\n<p><!--\n<link rel=\"stylesheet\" href=\"css\/bootstrap.min.css\">\n\n\n<ul class=\"pagination\">\n\t    \n\t\n\n<li >\n\t<a href='?page_no=14528'>Previous<\/a>\n\t<\/li>\n\n\n       \n    \n\n<li><a href='?page_no=1'>1<\/a><\/li>\n\n\n\n<li><a href='?page_no=2'>2<\/a><\/li>\n\n\n\n<li><a>...<\/a><\/li>\n\n\n\n<li><a href='?page_no=14527'>14527<\/a><\/li>\n\n\n\n<li><a href='?page_no=14528'>14528<\/a><\/li>\n\n\n\n<li class='active'><a>14529<\/a><\/li>\n\n\n\n<li><a href='?page_no=14530'>14530<\/a><\/li>\n\n\n\n<li><a href='?page_no=14531'>14531<\/a><\/li>\n\n\n\n<li><a>...<\/a><\/li>\n\n\n\n<li><a href='?page_no=36999'>36999<\/a><\/li>\n\n\n\n<li><a href='?page_no=37000'>37000<\/a><\/li>\n\n    \n\t\n\n<li >\n\t<a href='?page_no=14530'>Next<\/a>\n\t<\/li>\n\n\n    \n\n<li><a href='?page_no=37000'>Last &rsaquo;&rsaquo;<\/a><\/li>\n\n<\/ul>\n\n\n--><br \/>\n<\/body><\/p>\n","protected":false},"excerpt":{"rendered":"<p>Nagua, Maria Tinidad Sanchez, RD, 20 de Septiembre.-El precandidato presidencial del Partido de la Liberaci\u00f3n Dominicana, Francisco Javier sostuvo aqu\u00ed, que en estos momentos existen dos PLD, el primero es el normal, y el segundo, el de los excluidos, es el que est\u00e1 formado por la base peledeista que no ha recibido los beneficios del [&hellip;]<\/p>\n","protected":false},"author":3,"featured_media":0,"comment_status":"open","ping_status":"open","sticky":false,"template":"","format":"standard","meta":{"footnotes":""},"categories":[22],"tags":[],"class_list":["post-162088","post","type-post","status-publish","format-standard","hentry","category-politica"],"_links":{"self":[{"href":"https:\/\/diariodominicano.com\/index.php?rest_route=\/wp\/v2\/posts\/162088","targetHints":{"allow":["GET"]}}],"collection":[{"href":"https:\/\/diariodominicano.com\/index.php?rest_route=\/wp\/v2\/posts"}],"about":[{"href":"https:\/\/diariodominicano.com\/index.php?rest_route=\/wp\/v2\/types\/post"}],"author":[{"embeddable":true,"href":"https:\/\/diariodominicano.com\/index.php?rest_route=\/wp\/v2\/users\/3"}],"replies":[{"embeddable":true,"href":"https:\/\/diariodominicano.com\/index.php?rest_route=%2Fwp%2Fv2%2Fcomments&post=162088"}],"version-history":[{"count":0,"href":"https:\/\/diariodominicano.com\/index.php?rest_route=\/wp\/v2\/posts\/162088\/revisions"}],"wp:attachment":[{"href":"https:\/\/diariodominicano.com\/index.php?rest_route=%2Fwp%2Fv2%2Fmedia&parent=162088"}],"wp:term":[{"taxonomy":"category","embeddable":true,"href":"https:\/\/diariodominicano.com\/index.php?rest_route=%2Fwp%2Fv2%2Fcategories&post=162088"},{"taxonomy":"post_tag","embeddable":true,"href":"https:\/\/diariodominicano.com\/index.php?rest_route=%2Fwp%2Fv2%2Ftags&post=162088"}],"curies":[{"name":"wp","href":"https:\/\/api.w.org\/{rel}","templated":true}]}}