{"id":162087,"date":"2014-09-21T12:26:24","date_gmt":"2014-09-21T12:26:24","guid":{"rendered":"http:\/\/diariodominicano.ddns.net\/?p=162087"},"modified":"2014-09-21T12:26:24","modified_gmt":"2014-09-21T12:26:24","slug":"multitud-recibe-en-ny-presidente-medina-vociferandole-4-anos-mas","status":"publish","type":"post","link":"https:\/\/diariodominicano.com\/?p=162087","title":{"rendered":"Multitud recibe en NY Presidente Medina vocifer\u00e1ndole \u00ab4 a\u00f1os m\u00e1s\u00bb&#13;"},"content":{"rendered":"<p><body><\/p>\n<p><img decoding=\"async\" src=\"img3\/llegada.jpg\" \/>  <\/p>\n<p><span class=\"text1noticias\">Por Ram\u00f3n Mercedes<\/span><\/p>\n<\/p>\n<p><span class=\"text1noticias\">Nueva York, EE.UU. 21 de Septiembre.-El presidente dominicano Danilo Medina fue recibido este s\u00e1bado en el aeropuerto John F. Kennedy por una multitud de dominicanos que acudi\u00f3 a recibirlo, junto a su esposa C\u00e1ndida Montilla, y donde los cientos de criollos vociferaban \u00abcuatro a\u00f1os m\u00e1s\u00bb por la transparencia, combate a la pobreza, el 4% de la educaci\u00f3n, la Banca Solidaria y la institucionalidad en el Estado.<\/span><\/p>\n<\/p>\n<p><span class=\"text1noticias\">El mandatario lleg\u00f3 a la terminar del Kennedy a las 10:38 de la noche, en el vuelo comercial n\u00famero 488 de Delta, procedente desde la Rep\u00fablica Dominicana, y a parte de su esposa Montilla, les acompa\u00f1an los ministros de la Presidencia, Gustavo Montalvo, Relaciones Exteriores, Andr\u00e9s Navarro; Administrativo, Jos\u00e9 Ram\u00f3n Peralta, Vocero de la Presidencia, Roberto Marchena, los asistentes especiales del Jefe de Estado, Carlos Pared P\u00e9rez y Robert Acosa, adem\u00e1s del jefe del Cuerpo de Seguridad Presidencial, mayor general Ad\u00e1n C\u00e1ceres.<\/span><\/p>\n<\/p>\n<p><span class=\"text1noticias\">En la terminal a\u00e9rea el mandatario quisqueyano fue recibido por el Embajador dominicano en Washington, An\u00edbal de Castro; el Embajador Representante Permanente del pa\u00eds ante la Organizaci\u00f3n de las Naciones Unidas (ONU); Frank Cortorreal; el presidente del Plan Nacional de Alfabetizaci\u00f3n \u00abQuisqueya Aprende Contigo\u00bb y uno de los representantes pol\u00edticos de m\u00e1s alto nivel del Presidente Medina en La Gran Manzana, Luis Lithgow.<\/span><\/p>\n<\/p>\n<p><span class=\"text1noticias\">Asimismo por los embajadores alternos ante la ONU, Emiliano P\u00e9rez y Marcos Montilla; el ex director del sector externo de la pasada campa\u00f1a, German de Le\u00f3n; el presidente del Intermedio B-5 \u00abAm\u00edlcar Cabral\u00bb del Partido de la Liberaci\u00f3n Dominicana (PLD) en Brooklyn, Jos\u00e9 Polanco; Benjam\u00edn Vargas, de la seccional del partido en la Metr\u00f3poli; Arturo Ort\u00edz, presidente del Distrito Seccional Cuatro de la entidad pol\u00edtica en Manhattan y veintena de otros altos dirigentes.<\/span><\/p>\n<\/p>\n<p><span class=\"text1noticias\">Cuando el presidente Medina sali\u00f3 de la terminar tuvo que permanecer por m\u00e1s de media hora, saludando a sus seguidores, tambi\u00e9n a decenas de dominicanos que acudieron a la terminal a buscar sus familiares y amigos, quienes sin conocer al mandatario les vociferaron \u00abPresidente qu\u00e9dese ah\u00ed cuatro a\u00f1os m\u00e1s, que si vuelve o regresa otro no le van a dar continuidad a su obra de transparencia, ni seguir sacando las gentes de la pobreza. <\/span><\/p>\n<\/p>\n<p><span class=\"text1noticias\">Otros les expresaban en voz alta \u00abPresidente el pueblo es que le est\u00e1 pidiendo la reelecci\u00f3n por convicci\u00f3n y no por imposici\u00f3n y el pueblo est\u00e1 por encima de la Constituci\u00f3n, exclamaban.<\/span><\/p>\n<\/p>\n<p><span class=\"text1noticias\">Se inform\u00f3 que Medina adelant\u00f3 el viaje a la urbe para poder participar y acompa\u00f1ar este domingo al presidente del Plan \u00abQuisqueya Aprende Contigo, Lithgow, en la graduaci\u00f3n de los primeros dominicanos en ser alfabetizados en esta ciudad, la cual se efectuar\u00e1 a las 10:30 de la ma\u00f1ana de este domingo en el Teatro Principal de Hostos Community College, localizado en el 450 de la avenida Grand Concourse y la calle 149, en El Bronx.<\/span><\/p>\n<\/p>\n<p><span class=\"text1noticias\">El mandatario dominicano vino a participar de la 69 Asamblea General de la ONU, que se realiza en el marco del 70 aniversario de ese organismo y le tocar\u00e1 hablar el pr\u00f3ximo mi\u00e9rcoles d\u00eda 24 en horas de la tarde. Se hospedar\u00e1 en el hotel Mandar\u00edn Oriental, ubicado en la calle 60 con Broadway en down town, donde tambi\u00e9n fue recibido a eso de las 12:15 de la madrugada por otra multitud de criollos bajo prolongados aplausos.<\/span><\/p>\n<\/p>\n<p><span class=\"text1noticias\">El gobernante dominicano iniciar\u00e1 sus actividades oficiales el lunes 22, cuando est\u00e1 invitado a participar en la ceremonia de apertura de la d\u00e9cima reuni\u00f3n anual de la Iniciativa Global Clinton, que ha sido denominada \u00abReimaginando el impacto\u00bb.(HG)<\/span>.<\/p>\n<h6> 2014-09-21 12:26:24 <\/h6>\n<p><!--\n<link rel=\"stylesheet\" href=\"css\/bootstrap.min.css\">\n\n\n<ul class=\"pagination\">\n\t    \n\t\n\n<li >\n\t<a href='?page_no=14527'>Previous<\/a>\n\t<\/li>\n\n\n       \n    \n\n<li><a href='?page_no=1'>1<\/a><\/li>\n\n\n\n<li><a href='?page_no=2'>2<\/a><\/li>\n\n\n\n<li><a>...<\/a><\/li>\n\n\n\n<li><a href='?page_no=14526'>14526<\/a><\/li>\n\n\n\n<li><a href='?page_no=14527'>14527<\/a><\/li>\n\n\n\n<li class='active'><a>14528<\/a><\/li>\n\n\n\n<li><a href='?page_no=14529'>14529<\/a><\/li>\n\n\n\n<li><a href='?page_no=14530'>14530<\/a><\/li>\n\n\n\n<li><a>...<\/a><\/li>\n\n\n\n<li><a href='?page_no=36999'>36999<\/a><\/li>\n\n\n\n<li><a href='?page_no=37000'>37000<\/a><\/li>\n\n    \n\t\n\n<li >\n\t<a href='?page_no=14529'>Next<\/a>\n\t<\/li>\n\n\n    \n\n<li><a href='?page_no=37000'>Last &rsaquo;&rsaquo;<\/a><\/li>\n\n<\/ul>\n\n\n--><br \/>\n<\/body><\/p>\n","protected":false},"excerpt":{"rendered":"<p>Por Ram\u00f3n Mercedes Nueva York, EE.UU. 21 de Septiembre.-El presidente dominicano Danilo Medina fue recibido este s\u00e1bado en el aeropuerto John F. Kennedy por una multitud de dominicanos que acudi\u00f3 a recibirlo, junto a su esposa C\u00e1ndida Montilla, y donde los cientos de criollos vociferaban \u00abcuatro a\u00f1os m\u00e1s\u00bb por la transparencia, combate a la pobreza, [&hellip;]<\/p>\n","protected":false},"author":3,"featured_media":0,"comment_status":"open","ping_status":"open","sticky":false,"template":"","format":"standard","meta":{"footnotes":""},"categories":[22],"tags":[],"class_list":["post-162087","post","type-post","status-publish","format-standard","hentry","category-politica"],"_links":{"self":[{"href":"https:\/\/diariodominicano.com\/index.php?rest_route=\/wp\/v2\/posts\/162087","targetHints":{"allow":["GET"]}}],"collection":[{"href":"https:\/\/diariodominicano.com\/index.php?rest_route=\/wp\/v2\/posts"}],"about":[{"href":"https:\/\/diariodominicano.com\/index.php?rest_route=\/wp\/v2\/types\/post"}],"author":[{"embeddable":true,"href":"https:\/\/diariodominicano.com\/index.php?rest_route=\/wp\/v2\/users\/3"}],"replies":[{"embeddable":true,"href":"https:\/\/diariodominicano.com\/index.php?rest_route=%2Fwp%2Fv2%2Fcomments&post=162087"}],"version-history":[{"count":0,"href":"https:\/\/diariodominicano.com\/index.php?rest_route=\/wp\/v2\/posts\/162087\/revisions"}],"wp:attachment":[{"href":"https:\/\/diariodominicano.com\/index.php?rest_route=%2Fwp%2Fv2%2Fmedia&parent=162087"}],"wp:term":[{"taxonomy":"category","embeddable":true,"href":"https:\/\/diariodominicano.com\/index.php?rest_route=%2Fwp%2Fv2%2Fcategories&post=162087"},{"taxonomy":"post_tag","embeddable":true,"href":"https:\/\/diariodominicano.com\/index.php?rest_route=%2Fwp%2Fv2%2Ftags&post=162087"}],"curies":[{"name":"wp","href":"https:\/\/api.w.org\/{rel}","templated":true}]}}