{"id":162086,"date":"2014-09-21T12:39:57","date_gmt":"2014-09-21T12:39:57","guid":{"rendered":"http:\/\/diariodominicano.ddns.net\/?p=162086"},"modified":"2014-09-21T12:39:57","modified_gmt":"2014-09-21T12:39:57","slug":"reinaldo-pared-perez-el-comite-central-del-pld-debe-decidir-las-precandidaturas-en-el-primer-cuatrimestre-del-2015","status":"publish","type":"post","link":"https:\/\/diariodominicano.com\/?p=162086","title":{"rendered":"Reinaldo Pared P\u00e9rez: \u00abEl Comit\u00e9 Central del PLD debe decidir las precandidaturas en el primer cuatrimestre del 2015\u00bb"},"content":{"rendered":"<p><body><\/p>\n<p><img decoding=\"async\" src=\"img3\/Reinaldo.jpg\" \/>  <\/p>\n<p><span class=\"text1noticias\">Santo Domingo, RD, 21 de Septiembre.-El secretario general del Partido de la Liberaci\u00f3n Dominicana (PLD) manifest\u00f3 aqu\u00ed que el Comit\u00e9 Central de esa organizaci\u00f3n pol\u00edtica debe reunirse en el primer cuatrimestre del pr\u00f3ximo a\u00f1o para oficializar las precandidaturas presidenciales de cara a elegir la opci\u00f3n que presentar\u00e1 al electorado nacional en los comicios del 15 de mayo del 2016.<\/span><\/p>\n<\/p>\n<p><span class=\"text1noticias\">El doctor Reinaldo Pared P\u00e9rez, senador por el Distrito Nacional y aspirante a la Presidencia por el PLD, resalt\u00f3 que su candidatura est\u00e1 cada d\u00eda m\u00e1s s\u00f3lida y que, como dicen los h\u00edpicos, \u00abtengo el carril de adentro en la carrera por la nominaci\u00f3n presidencial de mi partido\u00bb.<\/span><\/p>\n<\/p>\n<p><span class=\"text1noticias\">\u00abEntre febrero y abril debe reunirse el Comit\u00e9 Central para oficializar las precandidaturas presidenciales del partido\u00bb, afirm\u00f3 el aspirante presidencial confiado en que ser\u00e1 candidato presidencial del PLD y el pr\u00f3ximo Presidente de la Rep\u00fablica Dominicana con el voto mayoritario de los pelede\u00edstas y el pueblo dominicano.<\/span><\/p>\n<\/p>\n<p><span class=\"text1noticias\">Este s\u00e1bado el doctor Pared P\u00e9rez visit\u00f3 al diputado Rub\u00e9n Maldonado, en su residencia del residencial Amapola, quien le recibi\u00f3 junto a decenas de presidentes de comit\u00e9s intermedios y miembros de su comit\u00e9 de trabajo en el municipio Santo Domingo Norte, y reiter\u00f3 su adhesi\u00f3n a la candidatura presidencial del expresidente del Senado.<\/span><\/p>\n<\/p>\n<p><span class=\"text1noticias\">Al referirse a las razones que le llevan a \u00e9l y su equipo a respaldar a Pared P\u00e9rez, el diputado Rub\u00e9n Maldonado expres\u00f3 que lo hace porque est\u00e1 identificado, no solo con el pol\u00edtico, sino tambi\u00e9n con el tipo de ser humano que es Pared P\u00e9rez.<\/span><\/p>\n<\/p>\n<p><span class=\"text1noticias\">Desde la residencia del diputado Maldonado, el doctor Pared P\u00e9rez se traslad\u00f3 a la <\/span><\/p>\n<p><span class=\"text1noticias\">Circunscripci\u00f3n No. 6 de la provincia Santo Domingo y en el residencial Las Palmeras, en Los Guaricamos, fue recibido por el diputado  Carlos Guzm\u00e1n, aspirante a alcalde de Santo Domingo Norte.<\/span><\/p>\n<\/p>\n<p><span class=\"text1noticias\">Adem\u00e1s del diputado Carlos Guzm\u00e1n, en Los Guaricamos el doctor Pared P\u00e9rez se reuni\u00f3 con los destacados dirigentes pele de\u00edstas Reinaldo Soriano y Jhonny Thomas, miembros del Comit\u00e9 Central del PLD; \u00c1ngela Perdomo, presidenta del comit\u00e9 intermedio Francisca Mart\u00ednez, y otras destacadas figuras de la referida circunscripci\u00f3n.<\/span><\/p>\n<\/p>\n<p><span class=\"text1noticias\">En ambos escenarios el doctor Pared P\u00e9rez resalt\u00f3 la calidad del liderazgo que tiene el Partido de la Liberaci\u00f3n Dominicana en sus instancias dirigenciales, y plante\u00f3 la necesidad de que el PLD presente una figura fresca como candidato presidencial, para a seguidas puntualizar que el presidente del partido ha sido tres veces presidente de la Rep\u00fablica y que el actual mandatario est\u00e1 impedido constitucionalmente para aspirar a esa posici\u00f3n, por lo menos para el 2016.<\/span><\/p>\n<\/p>\n<p><span class=\"text1noticias\">\u00abEn estas circunstancias y como clave para que el Partido de la Liberaci\u00f3n Dominicana retenga el poder m\u00e1s all\u00e1 del 2016, debemos presentar una candidatura novedosa, una figura fresca, una opci\u00f3n diferente, un producto acabado y ese producto acabado est\u00e1 aqu\u00ed frente a ustedes\u00bb, dijo el doctor Pared P\u00e9rez.<\/span><\/p>\n<\/p>\n<p><span class=\"text1noticias\">Tras visitar a los diputados Rub\u00e9n Maldonado y Carlos Guzm\u00e1n, el doctor Reinaldo Pared P\u00e9rez se traslad\u00f3 al local de la Asociaci\u00f3n Dominicana de Profesores (ADP), en el Distrito Nacional, donde se reuni\u00f3 con el presidente de esa entidad, profesor Eduardo Hidalgo, con quien habl\u00f3 sobre diversos t\u00f3picos e intercambi\u00f3 impresiones sobre el sistema educativo nacional.(HG)<\/span>.<\/p>\n<\/p>\n<h6> 2014-09-21 12:39:57 <\/h6>\n<p><!--\n<link rel=\"stylesheet\" href=\"css\/bootstrap.min.css\">\n\n\n<ul class=\"pagination\">\n\t    \n\t\n\n<li >\n\t<a href='?page_no=14526'>Previous<\/a>\n\t<\/li>\n\n\n       \n    \n\n<li><a href='?page_no=1'>1<\/a><\/li>\n\n\n\n<li><a href='?page_no=2'>2<\/a><\/li>\n\n\n\n<li><a>...<\/a><\/li>\n\n\n\n<li><a href='?page_no=14525'>14525<\/a><\/li>\n\n\n\n<li><a href='?page_no=14526'>14526<\/a><\/li>\n\n\n\n<li class='active'><a>14527<\/a><\/li>\n\n\n\n<li><a href='?page_no=14528'>14528<\/a><\/li>\n\n\n\n<li><a href='?page_no=14529'>14529<\/a><\/li>\n\n\n\n<li><a>...<\/a><\/li>\n\n\n\n<li><a href='?page_no=36999'>36999<\/a><\/li>\n\n\n\n<li><a href='?page_no=37000'>37000<\/a><\/li>\n\n    \n\t\n\n<li >\n\t<a href='?page_no=14528'>Next<\/a>\n\t<\/li>\n\n\n    \n\n<li><a href='?page_no=37000'>Last &rsaquo;&rsaquo;<\/a><\/li>\n\n<\/ul>\n\n\n--><br \/>\n<\/body><\/p>\n","protected":false},"excerpt":{"rendered":"<p>Santo Domingo, RD, 21 de Septiembre.-El secretario general del Partido de la Liberaci\u00f3n Dominicana (PLD) manifest\u00f3 aqu\u00ed que el Comit\u00e9 Central de esa organizaci\u00f3n pol\u00edtica debe reunirse en el primer cuatrimestre del pr\u00f3ximo a\u00f1o para oficializar las precandidaturas presidenciales de cara a elegir la opci\u00f3n que presentar\u00e1 al electorado nacional en los comicios del 15 [&hellip;]<\/p>\n","protected":false},"author":3,"featured_media":0,"comment_status":"open","ping_status":"open","sticky":false,"template":"","format":"standard","meta":{"footnotes":""},"categories":[22],"tags":[],"class_list":["post-162086","post","type-post","status-publish","format-standard","hentry","category-politica"],"_links":{"self":[{"href":"https:\/\/diariodominicano.com\/index.php?rest_route=\/wp\/v2\/posts\/162086","targetHints":{"allow":["GET"]}}],"collection":[{"href":"https:\/\/diariodominicano.com\/index.php?rest_route=\/wp\/v2\/posts"}],"about":[{"href":"https:\/\/diariodominicano.com\/index.php?rest_route=\/wp\/v2\/types\/post"}],"author":[{"embeddable":true,"href":"https:\/\/diariodominicano.com\/index.php?rest_route=\/wp\/v2\/users\/3"}],"replies":[{"embeddable":true,"href":"https:\/\/diariodominicano.com\/index.php?rest_route=%2Fwp%2Fv2%2Fcomments&post=162086"}],"version-history":[{"count":0,"href":"https:\/\/diariodominicano.com\/index.php?rest_route=\/wp\/v2\/posts\/162086\/revisions"}],"wp:attachment":[{"href":"https:\/\/diariodominicano.com\/index.php?rest_route=%2Fwp%2Fv2%2Fmedia&parent=162086"}],"wp:term":[{"taxonomy":"category","embeddable":true,"href":"https:\/\/diariodominicano.com\/index.php?rest_route=%2Fwp%2Fv2%2Fcategories&post=162086"},{"taxonomy":"post_tag","embeddable":true,"href":"https:\/\/diariodominicano.com\/index.php?rest_route=%2Fwp%2Fv2%2Ftags&post=162086"}],"curies":[{"name":"wp","href":"https:\/\/api.w.org\/{rel}","templated":true}]}}