{"id":162085,"date":"2014-09-21T12:47:41","date_gmt":"2014-09-21T12:47:41","guid":{"rendered":"http:\/\/diariodominicano.ddns.net\/?p=162085"},"modified":"2014-09-21T12:47:41","modified_gmt":"2014-09-21T12:47:41","slug":"montas-asegura-su-gobierno-sera-como-el-de-danilo","status":"publish","type":"post","link":"https:\/\/diariodominicano.com\/?p=162085","title":{"rendered":"Mont\u00e1s asegura su gobierno ser\u00e1 como el de Danilo"},"content":{"rendered":"<p><body><\/p>\n<p><img decoding=\"async\" src=\"img3\/montas.jpg\" \/>  <\/p>\n<p><span class=\"text1noticias\">OVIEDO, Pedernales, RD, 21 de Septiembre.- El precandidato presidencial por el Partido de la Liberaci\u00f3n Dominicana (PLD), ingeniero Tem\u00edstocles Mont\u00e1s prometi\u00f3 a las bases del partido morado en esta provincia que gobernar\u00e1 como el presidente Danilo Medina, todo el tiempo junto con el pueblo, en lucha permanente contra la pobreza y la desigualdad social mediante la creaci\u00f3n de empleo para que la gente pueda vivir con dignidad.<\/span><\/p>\n<\/p>\n<p><span class=\"text1noticias\">\t\u00abSi hay un dirigente del PLD que se parece a Danilo, que trabaja con Danilo en el gobierno, que es un compa\u00f1ero y un amigo sincero, que lo ayuda a gobernar bien y a estar al servicio del pueblo, ese soy yo, Tem\u00edstocles Mont\u00e1s, y estoy comprometido a seguir su obra y a profundizar los cambios para llevar a los pobres a la clase media y a los desempleados a un puesto de trabajo digno\u00bb, afirm\u00f3 el Ministro de Econom\u00eda, Planificaci\u00f3n y Desarrollo.<\/span><\/p>\n<\/p>\n<p><span class=\"text1noticias\">\tMont\u00e1s sostuvo que hoy los dominicanos est\u00e1n contentos con la obra de gobierno que est\u00e1 haciendo el presidente Medina, a pesar de todos los problemas, y prometi\u00f3 que cuando sea electo presidente en mayo de 2016 \u00abhabr\u00e1 continuidad del buen gobierno y alternabilidad en el liderazgo democr\u00e1tico\u00bb.<\/span><\/p>\n<\/p>\n<p><span class=\"text1noticias\">\tAl advertir que hay quienes anhelan llevar al PLD y al pa\u00eds al pasado, Mont\u00e1s sostuvo que eso no ser\u00e1 posible porque hoy Medina \u00abes el presidente mejor valorado de Am\u00e9rica Latina y el que ha alcanzado la mayor popularidad en la historia de la Rep\u00fablica Dominicana\u00bb.<\/span><\/p>\n<\/p>\n<p><span class=\"text1noticias\">\tPrevio al acto masivo en Pedernales, Mont\u00e1s encabez\u00f3 actividades muy concurridas en Oviedo y Juancho, donde los principales dirigentes del PLD y las autoridades municipales dieron su respaldo al l\u00edder pelede\u00edsta.<\/span><\/p>\n<p><span class=\"text1noticias\">|\tEn los actos encabezados por Mont\u00e1s participaron Odalis Feliz Salda\u00f1a, Cristino N\u00fa\u00f1ez, alcalde de La Colonia; Luz Salda\u00f1a y Juan P\u00e9rez. Asimismo, respaldaron al precandidato Joaqu\u00edn P\u00e9rez, Indira P\u00e9rez, Belkis Feliz y Ram\u00f3n P\u00e9rez.<\/span><\/p>\n<\/p>\n<p><span class=\"text1noticias\">\tLa primera de las actividades fue celebrada en la Plaza de Guancho, donde los representantes de juntas de vecinos, de iglesias, agropecuaria y deportivos dieron su apoyo al precandidato presidencial.<\/span><\/p>\n<\/p>\n<p><span class=\"text1noticias\">\tEn esta actividad, habl\u00f3 el sindico Cristino N\u00fa\u00f1ez, quien tambi\u00e9n dio su apoyo a las aspiraciones de Mont\u00e1s. En tanto, que la segunda actividad fue celebrada en las instalaciones de donde opera el proyecto de coordinaci\u00f3n. Baltolo Terrero, dirigente local del PLD, dijo que Temo Mont\u00e1s merece ser presidente en el 2016.<\/span><\/p>\n<\/p>\n<p><span class=\"text1noticias\">\tEn Pedernales, la \u00faltimas de las actividades encabezadas por Mont\u00e1s en su recorido, estuvo compa\u00f1ado por los se\u00f1ores Omar Mendez, coordinador del proyecto; Juan Mancebo,la joven Indhira P\u00e9rez, coordinadora, Odalis F\u00e9liz, Isabel  Rosario, dirigente provincial. En tanto, que Jos\u00e9 Rodr\u00edguez tuvo las palabras de bienvenida.<\/span><\/p>\n<\/p>\n<p><span class=\"text1noticias\">\t\u00abEsa alta popularidad del compa\u00f1ero Danilo Medina y ese buen gobierno que est\u00e1 haciendo para asombro del mundo, es hijo leg\u00edtimo de la alternabilidad en el ejercicio del poder, de la renovaci\u00f3n del liderazgo y de la buena decisi\u00f3n de las bases del PLD\u00bb, manifest\u00f3 el dirigente pol\u00edtico.<\/span><\/p>\n<\/p>\n<p><span class=\"text1noticias\">\tEl dirigente del Comit\u00e9 Pol\u00edtico del PLD record\u00f3 a las bases que Juan Bosch fund\u00f3 el partido morado para que fuera un instrumento del pueblo dominicano para luchar por la libertad, la justicia social y la igualdad, nunca pensando en que alguien piense que puede ser un objeto de lucro personal.<\/span><\/p>\n<\/p>\n<p><span class=\"text1noticias\">\t\u00abBosch muri\u00f3 y con su sentida partida no hundi\u00f3 al PLD como sucedi\u00f3 con el Partido Dominicano de Trujillo o el Partido Nacional de Horacio V\u00e1squez, porque el PLD no era de Bosch, sino del pueblo dominicano. Por eso el PLD sigue luchando por la democracia y por la justicia social, porque es el partido de muchos l\u00edderes, no de un l\u00edder\u00bb, apunt\u00f3 el aspirante presidencial para las elecciones de 2016.<\/span><\/p>\n<\/p>\n<p><span class=\"text1noticias\">\tPrevio al acto masivo en Pedernales, Mont\u00e1s encabez\u00f3 actividades muy concurridas en Oviedo y Juancho, donde los principales dirigentes del PLD y las autoridades municipales dieron su respaldo al l\u00edder pelede\u00edsta.<\/span><\/p>\n<\/p>\n<p><span class=\"text1noticias\">\tEn los actos encabezados por Mont\u00e1s participaron Odalis Feliz Salda\u00f1a, Cristino N\u00fa\u00f1ez, alcalde de La Colonia; Luz Salda\u00f1a y Juan P\u00e9rez. Asimismo, respaldaron al precandidato Joaqu\u00edn P\u00e9rez, Indira P\u00e9rez, Belkis Feliz y Ram\u00f3n P\u00e9rez.(HG)<\/span>.<\/p>\n<\/p>\n<h6> 2014-09-21 12:47:41 <\/h6>\n<p><!--\n<link rel=\"stylesheet\" href=\"css\/bootstrap.min.css\">\n\n\n<ul class=\"pagination\">\n\t    \n\t\n\n<li >\n\t<a href='?page_no=14525'>Previous<\/a>\n\t<\/li>\n\n\n       \n    \n\n<li><a href='?page_no=1'>1<\/a><\/li>\n\n\n\n<li><a href='?page_no=2'>2<\/a><\/li>\n\n\n\n<li><a>...<\/a><\/li>\n\n\n\n<li><a href='?page_no=14524'>14524<\/a><\/li>\n\n\n\n<li><a href='?page_no=14525'>14525<\/a><\/li>\n\n\n\n<li class='active'><a>14526<\/a><\/li>\n\n\n\n<li><a href='?page_no=14527'>14527<\/a><\/li>\n\n\n\n<li><a href='?page_no=14528'>14528<\/a><\/li>\n\n\n\n<li><a>...<\/a><\/li>\n\n\n\n<li><a href='?page_no=36999'>36999<\/a><\/li>\n\n\n\n<li><a href='?page_no=37000'>37000<\/a><\/li>\n\n    \n\t\n\n<li >\n\t<a href='?page_no=14527'>Next<\/a>\n\t<\/li>\n\n\n    \n\n<li><a href='?page_no=37000'>Last &rsaquo;&rsaquo;<\/a><\/li>\n\n<\/ul>\n\n\n--><br \/>\n<\/body><\/p>\n","protected":false},"excerpt":{"rendered":"<p>OVIEDO, Pedernales, RD, 21 de Septiembre.- El precandidato presidencial por el Partido de la Liberaci\u00f3n Dominicana (PLD), ingeniero Tem\u00edstocles Mont\u00e1s prometi\u00f3 a las bases del partido morado en esta provincia que gobernar\u00e1 como el presidente Danilo Medina, todo el tiempo junto con el pueblo, en lucha permanente contra la pobreza y la desigualdad social mediante [&hellip;]<\/p>\n","protected":false},"author":3,"featured_media":0,"comment_status":"open","ping_status":"open","sticky":false,"template":"","format":"standard","meta":{"footnotes":""},"categories":[22],"tags":[],"class_list":["post-162085","post","type-post","status-publish","format-standard","hentry","category-politica"],"_links":{"self":[{"href":"https:\/\/diariodominicano.com\/index.php?rest_route=\/wp\/v2\/posts\/162085","targetHints":{"allow":["GET"]}}],"collection":[{"href":"https:\/\/diariodominicano.com\/index.php?rest_route=\/wp\/v2\/posts"}],"about":[{"href":"https:\/\/diariodominicano.com\/index.php?rest_route=\/wp\/v2\/types\/post"}],"author":[{"embeddable":true,"href":"https:\/\/diariodominicano.com\/index.php?rest_route=\/wp\/v2\/users\/3"}],"replies":[{"embeddable":true,"href":"https:\/\/diariodominicano.com\/index.php?rest_route=%2Fwp%2Fv2%2Fcomments&post=162085"}],"version-history":[{"count":0,"href":"https:\/\/diariodominicano.com\/index.php?rest_route=\/wp\/v2\/posts\/162085\/revisions"}],"wp:attachment":[{"href":"https:\/\/diariodominicano.com\/index.php?rest_route=%2Fwp%2Fv2%2Fmedia&parent=162085"}],"wp:term":[{"taxonomy":"category","embeddable":true,"href":"https:\/\/diariodominicano.com\/index.php?rest_route=%2Fwp%2Fv2%2Fcategories&post=162085"},{"taxonomy":"post_tag","embeddable":true,"href":"https:\/\/diariodominicano.com\/index.php?rest_route=%2Fwp%2Fv2%2Ftags&post=162085"}],"curies":[{"name":"wp","href":"https:\/\/api.w.org\/{rel}","templated":true}]}}