{"id":162084,"date":"2014-09-21T15:29:13","date_gmt":"2014-09-21T15:29:13","guid":{"rendered":"http:\/\/diariodominicano.ddns.net\/?p=162084"},"modified":"2014-09-21T15:29:13","modified_gmt":"2014-09-21T15:29:13","slug":"licenciado-fernando-rosa-estremece-el-proselitismo-este-fin-de-semana-con-varios-mano-a-mano","status":"publish","type":"post","link":"https:\/\/diariodominicano.com\/?p=162084","title":{"rendered":"Licenciado Fernando Rosa estremece el proselitismo este fin de semana con varios mano a mano"},"content":{"rendered":"<p><body><\/p>\n<p><img decoding=\"async\" src=\"http:\/\/localhost:8080\/img3\/CAMBOYA.jpg\" \/>  <\/p>\n<p><span class=\"text1noticias\">Santiago, RD, 21 de Septiembre.-Con una multitud que estremec\u00eda de emoci\u00f3n, el precan\u00addi\u00adda\u00adto a la Alcald\u00eda por Santiago del Par\u00adti\u00addo de la Li\u00adbe\u00adra\u00adci\u00f3n Do\u00admi\u00adni\u00adca\u00adna (PLD), Licenciado Fernando Rosa,  encabez\u00f3 varios mano a mano en los emblem\u00e1ticos sectores de la Yaguita de Pastor y Camboya de esta ciudad de Santiago.<\/span><\/p>\n<\/p>\n<p><span class=\"text1noticias\">Convertido en caravanas, miles de personas se sumaron para apoyar la precandidatura del Licenciado Fernando Rosa, manifestando que es \u00fanico que puede unificar al PLD.<\/span><\/p>\n<\/p>\n<p><span class=\"text1noticias\">Los mano a mano concite la atenci\u00f3n de todo los habitantes de cada sector, se pod\u00eda palpar la alegr\u00eda de cada simpatizantes con afiches, banderas, gorras, calcoman\u00edas, los cuales agitaban al comp\u00e1s de varios merengues al precandidato.<\/span><\/p>\n<\/p>\n<p><span class=\"text1noticias\">Dirigentes y Coordinadores de Campa\u00f1a de los sectores de la Yaguita de Pastor y Camboya, dijeron que el Licenciado Fernando Rosa es candidato nativo que la ciudad Coraz\u00f3n y es la persona m\u00e1s id\u00f3nea para ocupar la alcald\u00eda.<\/span><\/p>\n<p><span class=\"text1noticias\"> <\/span><\/p>\n<p><span class=\"text1noticias\">\u00abFernando es la garant\u00eda de unificaci\u00f3n del partido, es el gerente que Santiago est\u00e1 en espera por m\u00e1s de 20, es el \u00fanico que puede transforma la ciudad coraz\u00f3n en una ciudad modelo y moderna y es un ser humano que nunca se olvida del pueblo\u00bb, expresaron.<\/span><\/p>\n<\/p>\n<p><span class=\"text1noticias\">Dijeron estar sumamente seguro que el 2016, el pueblo de Santiago, volver\u00e1 hacer la ciudad del sue\u00f1o Santiaguero, volver\u00e1 ser la ciudad organizada y volver\u00e1 ser la ciudad que tanto so\u00f1aste porque tendr\u00e1 un alcalde del PLD, llamado Fernando Rosa.<\/span><\/p>\n<\/p>\n<p><span class=\"text1noticias\">En las palabras de clausuras el licenciado Fernando Rosa, dijo sentirse muy orgulloso con estas muestras de manifestaci\u00f3n que con tanto entusiasmo y amor que recibido en cada uno de los lugares que he visitado.<\/span><\/p>\n<\/p>\n<p><span class=\"text1noticias\">El dirigente pol\u00edtico prometi\u00f3 retornar nuevamente al Partido de la Liberaci\u00f3n Dominicana (PLD) a la conducci\u00f3n del Ayuntamiento, luego de 24 a\u00f1os fuera de la direcci\u00f3n de la Alcald\u00eda.<\/span><\/p>\n<\/p>\n<p><span class=\"text1noticias\">Sostuvo que cada manifestaci\u00f3n que realiza es un paso filme y seguro encaminado a ser el pr\u00f3ximo alcalde de la ciudad, yaqu\u00e9 los Santiagueros necesita una persona que piense y vele por los problemas de Santiago<\/span><\/p>\n<\/p>\n<p><span class=\"text1noticias\">\u00abEl objetivo central de nuestra gesti\u00f3n es, hacer de Santiago, a un Horizonte de desarrollo sostenible capaz de aportar al pa\u00eds una base econ\u00f3mica solida, diversificada y competitiva a sus habitantes, un futuro con empleos de calidad, objeci\u00f3n social y calidad de vida en un entorno ambiental urbano libre de contaminaci\u00f3n\u00bb, puntualiz\u00f3 el Licenciado Fernando Rosa.<\/span><\/p>\n<\/p>\n<p><span class=\"text1noticias\">Sostuvo, que entre las l\u00edneas estrat\u00e9gicas que se promover\u00e1n durante su gesti\u00f3n, se encuentran la de impulsar y difundir una cultura educativa como instrumento de participaci\u00f3n en el municipio, coordinar acciones para conseguir una mayor integraci\u00f3n de todos los grupos sociales con su \u00e1rea de influencia y su espacio.<\/span><\/p>\n<\/p>\n<p><span class=\"text1noticias\">\u00abEst\u00e9n seguro que el PLD, con su representante que hoy ustedes est\u00e1n promoviendo, el cual se llama Fernando Rosa dirigir\u00e1 en el Agosto del 2016 los destinos del ayuntamiento del municipio de Santiago y as\u00ed todos juntos lograremos la transformaci\u00f3n que necesita la ciudad de Coraz\u00f3n\u00bb, expreso<\/span><\/p>\n<\/p>\n<p><span class=\"text1noticias\">Finalmente llam\u00f3 a cada uno de los Compa\u00f1eros, amigos y simpatizantes a seguir promoviendo su precandidatura hasta que no quede un habitante en el municipio de Santiago que no conozca a Fernando Rosa, yaqu\u00e9 nuestro descans\u00f3 ser\u00e1 el 16 de agosto del 2016, cuando todos juntos subamos las escalinatas del palacio municipal del ayuntamiento para volver a tener la ciudad que merecemos.(HG)<\/span>.  <\/p>\n<\/p>\n<h6> 2014-09-21 15:29:13 <\/h6>\n<p><!--\n<link rel=\"stylesheet\" href=\"css\/bootstrap.min.css\">\n\n\n<ul class=\"pagination\">\n\t    \n\t\n\n<li >\n\t<a href='?page_no=14524'>Previous<\/a>\n\t<\/li>\n\n\n       \n    \n\n<li><a href='?page_no=1'>1<\/a><\/li>\n\n\n\n<li><a href='?page_no=2'>2<\/a><\/li>\n\n\n\n<li><a>...<\/a><\/li>\n\n\n\n<li><a href='?page_no=14523'>14523<\/a><\/li>\n\n\n\n<li><a href='?page_no=14524'>14524<\/a><\/li>\n\n\n\n<li class='active'><a>14525<\/a><\/li>\n\n\n\n<li><a href='?page_no=14526'>14526<\/a><\/li>\n\n\n\n<li><a href='?page_no=14527'>14527<\/a><\/li>\n\n\n\n<li><a>...<\/a><\/li>\n\n\n\n<li><a href='?page_no=36999'>36999<\/a><\/li>\n\n\n\n<li><a href='?page_no=37000'>37000<\/a><\/li>\n\n    \n\t\n\n<li >\n\t<a href='?page_no=14526'>Next<\/a>\n\t<\/li>\n\n\n    \n\n<li><a href='?page_no=37000'>Last &rsaquo;&rsaquo;<\/a><\/li>\n\n<\/ul>\n\n\n--><br \/>\n<\/body><\/p>\n","protected":false},"excerpt":{"rendered":"<p>Santiago, RD, 21 de Septiembre.-Con una multitud que estremec\u00eda de emoci\u00f3n, el precan\u00addi\u00adda\u00adto a la Alcald\u00eda por Santiago del Par\u00adti\u00addo de la Li\u00adbe\u00adra\u00adci\u00f3n Do\u00admi\u00adni\u00adca\u00adna (PLD), Licenciado Fernando Rosa, encabez\u00f3 varios mano a mano en los emblem\u00e1ticos sectores de la Yaguita de Pastor y Camboya de esta ciudad de Santiago. Convertido en caravanas, miles de personas [&hellip;]<\/p>\n","protected":false},"author":3,"featured_media":0,"comment_status":"open","ping_status":"open","sticky":false,"template":"","format":"standard","meta":{"footnotes":""},"categories":[22],"tags":[],"class_list":["post-162084","post","type-post","status-publish","format-standard","hentry","category-politica"],"_links":{"self":[{"href":"https:\/\/diariodominicano.com\/index.php?rest_route=\/wp\/v2\/posts\/162084","targetHints":{"allow":["GET"]}}],"collection":[{"href":"https:\/\/diariodominicano.com\/index.php?rest_route=\/wp\/v2\/posts"}],"about":[{"href":"https:\/\/diariodominicano.com\/index.php?rest_route=\/wp\/v2\/types\/post"}],"author":[{"embeddable":true,"href":"https:\/\/diariodominicano.com\/index.php?rest_route=\/wp\/v2\/users\/3"}],"replies":[{"embeddable":true,"href":"https:\/\/diariodominicano.com\/index.php?rest_route=%2Fwp%2Fv2%2Fcomments&post=162084"}],"version-history":[{"count":0,"href":"https:\/\/diariodominicano.com\/index.php?rest_route=\/wp\/v2\/posts\/162084\/revisions"}],"wp:attachment":[{"href":"https:\/\/diariodominicano.com\/index.php?rest_route=%2Fwp%2Fv2%2Fmedia&parent=162084"}],"wp:term":[{"taxonomy":"category","embeddable":true,"href":"https:\/\/diariodominicano.com\/index.php?rest_route=%2Fwp%2Fv2%2Fcategories&post=162084"},{"taxonomy":"post_tag","embeddable":true,"href":"https:\/\/diariodominicano.com\/index.php?rest_route=%2Fwp%2Fv2%2Ftags&post=162084"}],"curies":[{"name":"wp","href":"https:\/\/api.w.org\/{rel}","templated":true}]}}