{"id":162083,"date":"2014-09-21T15:47:52","date_gmt":"2014-09-21T15:47:52","guid":{"rendered":"http:\/\/diariodominicano.ddns.net\/?p=162083"},"modified":"2014-09-21T15:47:52","modified_gmt":"2014-09-21T15:47:52","slug":"milagros-ortiz-bosch-aboga-por-una-democracia-politica-de-calidad-para-lograr-un-pais-de-instituciones","status":"publish","type":"post","link":"https:\/\/diariodominicano.com\/?p=162083","title":{"rendered":"&#13;Milagros Ortiz Bosch aboga por una democracia pol\u00edtica de calidad para lograr un pa\u00eds de instituciones"},"content":{"rendered":"<p><body><\/p>\n<p><img decoding=\"async\" src=\"img3\/Milagros.jpg\" \/><br \/><img decoding=\"async\" src=\"img3\/presidente.jpg\" \/>  <\/p>\n<p><span class=\"text1noticias\">Santo Domingo, RD, 21 de Septiembre.-La democracia que necesitan los partidos y agrupaciones pol\u00edticas es de programas, educaci\u00f3n, formaci\u00f3n de administradores con la capacidad de ejecutar las mejores pol\u00edticas p\u00fablicas y ciudadanos preparados para organizar un pa\u00eds de instituciones, donde la Constituci\u00f3n, las leyes, los reglamentos y los estatutos garanticen una sociedad sin exclusiones y con  igualdad de oportunidades, declar\u00f3 la doctora Milagros Ortiz Bosch durante la presentaci\u00f3n de sus libro \u00abPRD-PLD, M\u00e9todos de Trabajo, D\u00edas de Construcci\u00f3n y A\u00f1os de Olvido\u00bb.<\/span><\/p>\n<\/p>\n<p><span class=\"text1noticias\">En un concurrido acto realizado en el sal\u00f3n Juan Bosch de la Biblioteca Nacional, la exvicepresidenta de la Rep\u00fablica explic\u00f3 que en la obra est\u00e1n narradas las experiencias de dise\u00f1ar, adaptar, elaborar   programas y metodolog\u00edas de trabajo con la militancia de base y cuadros pol\u00edticos del Partido Revolucionario Dominicano y el Partido de la Liberaci\u00f3n Dominicana. Tambi\u00e9n se describen en el texto los distintos programas y m\u00e9todos de trabajo aplicados en ambas organizaciones pol\u00edticas.   <\/span><\/p>\n<\/p>\n<p><span class=\"text1noticias\">\u00abDeseamos recordar procesos que han sido eficaces, y aunque no es lo m\u00e1s adecuado mirar hacia el pasado, quiz\u00e1s recordando estos programas realizados por equipos partidarios, logremos recordar que es necesario fortalecer el sistema democr\u00e1tico que se sustenta en los partidos pol\u00edticos, mientras  impulsamos  la aprobaci\u00f3n de las leyes que organizar\u00e1n el sistema\u00bb, expres\u00f3 la doctora Ortiz Bosch.<\/span><\/p>\n<\/p>\n<p><span class=\"text1noticias\">Dijo que es en el trabajo colectivo, en las tareas de formaci\u00f3n ciudadana y en la preparaci\u00f3n de la militancia para cumplir las tareas de gobierno, donde se lograr\u00e1 construir la revalorizaci\u00f3n de la pol\u00edtica y de los Partidos Pol\u00edticos que necesita La Rep\u00fablica Dominicana.<\/span><\/p>\n<\/p>\n<p><span class=\"text1noticias\">\u00abEl prop\u00f3sito fundamental de este libro es demostrar la capacidad de creaci\u00f3n y ejecuci\u00f3n de programas de trabajo de las militancias pol\u00edticas, y evidenciar el r\u00e1pido abandono que las c\u00fapulas dirigenciales realizan de los resultados obtenidos, revelando que la falta de institucionalidad que enferma a toda la administraci\u00f3n p\u00fablica se origina en la falta de respeto a la democracia interna que impera en las organizaciones partidarias\u00bb, apunta la doctora Ortiz Bosch en un apartado de la nueva obra.<\/span><\/p>\n<\/p>\n<p><span class=\"text1noticias\">Indica que el libro procura recordar m\u00e9todos y reglas elaboradas junto a otros dirigentes del PRD y del PLD. \u00abA ellos , cuyos nombres se\u00f1alo al inicio de estas p\u00e1ginas, nuestro reconocimiento, pues solo desde equipos con voluntad de servicio y honradez, podremos vencer la corrupci\u00f3n, fortaleciendo la institucionalidad, y lograr que los partidos y organizaciones  pol\u00edticas sean constructores de la democracia en beneficio de una sociedad que quiere inclusi\u00f3n e igualdad de oportunidades\u00bb.<\/span><\/p>\n<\/p>\n<p><span class=\"text1noticias\">Sostiene que \u00abel retraso en la aprobaci\u00f3n de la Ley General del R\u00e9gimen Electoral y la Ley de Partidos y Agrupaciones Pol\u00edticas, mientras nos apresuramos a aprobar los Pactos Educativos, sobre Energ\u00eda y Reforma Fiscal a que nos convoca la Estrategia Nacional de Desarrollo, parece indicar que no le otorgamos a lo pol\u00edtico y a las organizaciones que lo motorizan, la importancia que tiene para lograr una naci\u00f3n institucionalizada\u00bb.<\/span><\/p>\n<\/p>\n<p><span class=\"text1noticias\">En la primera parte del texto, la tambi\u00e9n dirigente del Partido Revolucionario Moderno (PRM) reflexiona sobre el papel que han jugado las principales organizaciones pol\u00edticas del pa\u00eds y apunta que en la realidad pol\u00edtica dominicana las agrupaciones del sistema han violado sus estatutos, olvidando el cumplimiento de los m\u00e9todos, los principios doctrinarios y los programas de gobierno.<\/span><\/p>\n<\/p>\n<p><span class=\"text1noticias\">La segunda parte est\u00e1 dedicada al reconocimiento de los grandes aportes de dos grandes l\u00edderes del pasado siglo, el profesor Juan Bosch y el doctor Jos\u00e9 Francisco Pe\u00f1a G\u00f3mez. \u00abEllos inspiraron estos programas y sus m\u00e9todos de trabajo, construyeron nuestra responsabilidad militante y la oibligaci\u00f3n de transmitir, desde las ideas, el funcionamiento de los partidos pol\u00edticos como instrumento de la democracia\u00bb.<\/span><\/p>\n<\/p>\n<p><span class=\"text1noticias\">La presentaci\u00f3n y ponderaci\u00f3n de la obra estuvo a cargo del soci\u00f3logo Wilfredo Lozano, del polit\u00f3logo y poeta Tony Raful y del periodista Ram\u00f3n Emilio Colombo.<\/span><\/p>\n<\/p>\n<p><span class=\"text1noticias\">Al acto de puesta en circulaci\u00f3n asistieron el expresidentes Hip\u00f3lito Mej\u00eda, funcionarios del gobierno, intelectuales y dirigentes pol\u00edticos de diversas distintas organizaciones, as\u00ed como amigos y familiares de la doctora Ortiz Bosch.(HG)<\/span>.<\/p>\n<h6> 2014-09-21 15:47:52 <\/h6>\n<p><!--\n<link rel=\"stylesheet\" href=\"css\/bootstrap.min.css\">\n\n\n<ul class=\"pagination\">\n\t    \n\t\n\n<li >\n\t<a href='?page_no=14523'>Previous<\/a>\n\t<\/li>\n\n\n       \n    \n\n<li><a href='?page_no=1'>1<\/a><\/li>\n\n\n\n<li><a href='?page_no=2'>2<\/a><\/li>\n\n\n\n<li><a>...<\/a><\/li>\n\n\n\n<li><a href='?page_no=14522'>14522<\/a><\/li>\n\n\n\n<li><a href='?page_no=14523'>14523<\/a><\/li>\n\n\n\n<li class='active'><a>14524<\/a><\/li>\n\n\n\n<li><a href='?page_no=14525'>14525<\/a><\/li>\n\n\n\n<li><a href='?page_no=14526'>14526<\/a><\/li>\n\n\n\n<li><a>...<\/a><\/li>\n\n\n\n<li><a href='?page_no=36999'>36999<\/a><\/li>\n\n\n\n<li><a href='?page_no=37000'>37000<\/a><\/li>\n\n    \n\t\n\n<li >\n\t<a href='?page_no=14525'>Next<\/a>\n\t<\/li>\n\n\n    \n\n<li><a href='?page_no=37000'>Last &rsaquo;&rsaquo;<\/a><\/li>\n\n<\/ul>\n\n\n--><br \/>\n<\/body><\/p>\n","protected":false},"excerpt":{"rendered":"<p>Santo Domingo, RD, 21 de Septiembre.-La democracia que necesitan los partidos y agrupaciones pol\u00edticas es de programas, educaci\u00f3n, formaci\u00f3n de administradores con la capacidad de ejecutar las mejores pol\u00edticas p\u00fablicas y ciudadanos preparados para organizar un pa\u00eds de instituciones, donde la Constituci\u00f3n, las leyes, los reglamentos y los estatutos garanticen una sociedad sin exclusiones y [&hellip;]<\/p>\n","protected":false},"author":3,"featured_media":0,"comment_status":"open","ping_status":"open","sticky":false,"template":"","format":"standard","meta":{"footnotes":""},"categories":[22],"tags":[],"class_list":["post-162083","post","type-post","status-publish","format-standard","hentry","category-politica"],"_links":{"self":[{"href":"https:\/\/diariodominicano.com\/index.php?rest_route=\/wp\/v2\/posts\/162083","targetHints":{"allow":["GET"]}}],"collection":[{"href":"https:\/\/diariodominicano.com\/index.php?rest_route=\/wp\/v2\/posts"}],"about":[{"href":"https:\/\/diariodominicano.com\/index.php?rest_route=\/wp\/v2\/types\/post"}],"author":[{"embeddable":true,"href":"https:\/\/diariodominicano.com\/index.php?rest_route=\/wp\/v2\/users\/3"}],"replies":[{"embeddable":true,"href":"https:\/\/diariodominicano.com\/index.php?rest_route=%2Fwp%2Fv2%2Fcomments&post=162083"}],"version-history":[{"count":0,"href":"https:\/\/diariodominicano.com\/index.php?rest_route=\/wp\/v2\/posts\/162083\/revisions"}],"wp:attachment":[{"href":"https:\/\/diariodominicano.com\/index.php?rest_route=%2Fwp%2Fv2%2Fmedia&parent=162083"}],"wp:term":[{"taxonomy":"category","embeddable":true,"href":"https:\/\/diariodominicano.com\/index.php?rest_route=%2Fwp%2Fv2%2Fcategories&post=162083"},{"taxonomy":"post_tag","embeddable":true,"href":"https:\/\/diariodominicano.com\/index.php?rest_route=%2Fwp%2Fv2%2Ftags&post=162083"}],"curies":[{"name":"wp","href":"https:\/\/api.w.org\/{rel}","templated":true}]}}