{"id":162081,"date":"2014-09-21T16:18:36","date_gmt":"2014-09-21T16:18:36","guid":{"rendered":"http:\/\/diariodominicano.ddns.net\/?p=162081"},"modified":"2014-09-21T16:18:36","modified_gmt":"2014-09-21T16:18:36","slug":"guido-nueva-generacion-de-politicos-en-el-prd-no-debe-repetir-errores-del-pasado","status":"publish","type":"post","link":"https:\/\/diariodominicano.com\/?p=162081","title":{"rendered":"Guido: Nueva generaci\u00f3n de pol\u00edticos en el PRD no debe repetir errores del pasado"},"content":{"rendered":"<p><body><\/p>\n<p><img decoding=\"async\" src=\"img3\/mazara 21.jpg\" \/>  <\/p>\n<p>Santo Domingo RD 21 septiembre.- El dirigente y ex candidato a la presidencia del Partido Revolucionario Dominicano (PRD), Guido G\u00f3mez Mazara, exhort\u00f3 hoy a la nueva generaci\u00f3n de pol\u00edticos perrede\u00edstas, a no cometer los errores que sus antecedentes cometieron, y por el contrario, mantener e imitar todo el legado que dejaron los principales l\u00edderes de esa organizaci\u00f3n pol\u00edtica.<\/p>\n<\/p>\n<p>G\u00f3mez Mazara critic\u00f3 la forma en que Miguel Vargas realiz\u00f3 la Convenci\u00f3n que lo escogi\u00f3 como candidato presidencial, aclarando que \u00abno puede haber un proceso en el que sin el consentimiento de la mayor\u00eda, se elija un candidato presidencial\u00bb.<\/p>\n<\/p>\n<p>\u00abEl PRD se encuentra en una fase de deterioro institucional muy grande. Desafortunadamente este es un episodio gris en la vida partidaria\u00bb, expres\u00f3 el dirigente pol\u00edtico al ser entrevistado en el programa \u00abL\u00edderes\u00bb, que conduce Orlando Jorge Mera y que se transmite todos los domingos a las nueve de la ma\u00f1ana por Color Visi\u00f3n.<\/p>\n<\/p>\n<p>Guido dijo adem\u00e1s que est\u00e1 confiado en que el 30 de septiembre, el Tribunal Superior Electoral anular\u00e1 el proceso convencional del PRD.<\/p>\n<\/p>\n<p>\u00abA pesar de todo, tengo mis esperanzas cifradas en la decisi\u00f3n del TSE para el d\u00eda 30 del presente mes\u00bb, expres\u00f3.<\/p>\n<\/p>\n<p>Agreg\u00f3 tambi\u00e9n que \u00abel PRD dirigido por Miguel Vargas no asume la defensa de la ciudadan\u00eda\u00bb.<\/p>\n<\/p>\n<p>L\u00edderes\u00bb se transmite todos los domingos, a las 9am, por Color Visi\u00f3n y puede ser seguido en Twitter (http:\/\/twitter.com\/liderestv), Facebook (http:\/\/facebook.com\/liderestv) y You Tube (http:\/\/youtube.com\/liderestv)<\/p>\n<h6> 2014-09-21 16:18:36 <\/h6>\n<p><!--\n<link rel=\"stylesheet\" href=\"css\/bootstrap.min.css\">\n\n\n<ul class=\"pagination\">\n\t    \n\t\n\n<li >\n\t<a href='?page_no=14521'>Previous<\/a>\n\t<\/li>\n\n\n       \n    \n\n<li><a href='?page_no=1'>1<\/a><\/li>\n\n\n\n<li><a href='?page_no=2'>2<\/a><\/li>\n\n\n\n<li><a>...<\/a><\/li>\n\n\n\n<li><a href='?page_no=14520'>14520<\/a><\/li>\n\n\n\n<li><a href='?page_no=14521'>14521<\/a><\/li>\n\n\n\n<li class='active'><a>14522<\/a><\/li>\n\n\n\n<li><a href='?page_no=14523'>14523<\/a><\/li>\n\n\n\n<li><a href='?page_no=14524'>14524<\/a><\/li>\n\n\n\n<li><a>...<\/a><\/li>\n\n\n\n<li><a href='?page_no=36999'>36999<\/a><\/li>\n\n\n\n<li><a href='?page_no=37000'>37000<\/a><\/li>\n\n    \n\t\n\n<li >\n\t<a href='?page_no=14523'>Next<\/a>\n\t<\/li>\n\n\n    \n\n<li><a href='?page_no=37000'>Last &rsaquo;&rsaquo;<\/a><\/li>\n\n<\/ul>\n\n\n--><br \/>\n<\/body><\/p>\n","protected":false},"excerpt":{"rendered":"<p>Santo Domingo RD 21 septiembre.- El dirigente y ex candidato a la presidencia del Partido Revolucionario Dominicano (PRD), Guido G\u00f3mez Mazara, exhort\u00f3 hoy a la nueva generaci\u00f3n de pol\u00edticos perrede\u00edstas, a no cometer los errores que sus antecedentes cometieron, y por el contrario, mantener e imitar todo el legado que dejaron los principales l\u00edderes de [&hellip;]<\/p>\n","protected":false},"author":3,"featured_media":0,"comment_status":"open","ping_status":"open","sticky":false,"template":"","format":"standard","meta":{"footnotes":""},"categories":[22],"tags":[],"class_list":["post-162081","post","type-post","status-publish","format-standard","hentry","category-politica"],"_links":{"self":[{"href":"https:\/\/diariodominicano.com\/index.php?rest_route=\/wp\/v2\/posts\/162081","targetHints":{"allow":["GET"]}}],"collection":[{"href":"https:\/\/diariodominicano.com\/index.php?rest_route=\/wp\/v2\/posts"}],"about":[{"href":"https:\/\/diariodominicano.com\/index.php?rest_route=\/wp\/v2\/types\/post"}],"author":[{"embeddable":true,"href":"https:\/\/diariodominicano.com\/index.php?rest_route=\/wp\/v2\/users\/3"}],"replies":[{"embeddable":true,"href":"https:\/\/diariodominicano.com\/index.php?rest_route=%2Fwp%2Fv2%2Fcomments&post=162081"}],"version-history":[{"count":0,"href":"https:\/\/diariodominicano.com\/index.php?rest_route=\/wp\/v2\/posts\/162081\/revisions"}],"wp:attachment":[{"href":"https:\/\/diariodominicano.com\/index.php?rest_route=%2Fwp%2Fv2%2Fmedia&parent=162081"}],"wp:term":[{"taxonomy":"category","embeddable":true,"href":"https:\/\/diariodominicano.com\/index.php?rest_route=%2Fwp%2Fv2%2Fcategories&post=162081"},{"taxonomy":"post_tag","embeddable":true,"href":"https:\/\/diariodominicano.com\/index.php?rest_route=%2Fwp%2Fv2%2Ftags&post=162081"}],"curies":[{"name":"wp","href":"https:\/\/api.w.org\/{rel}","templated":true}]}}