{"id":162080,"date":"2014-09-22T05:53:54","date_gmt":"2014-09-22T05:53:54","guid":{"rendered":"http:\/\/diariodominicano.ddns.net\/?p=162080"},"modified":"2014-09-22T05:53:54","modified_gmt":"2014-09-22T05:53:54","slug":"dirigentes-del-pld-y-activistas-comunitarios-reciben-a-leonel-fernandez-a-su-llegada-a-new-york","status":"publish","type":"post","link":"https:\/\/diariodominicano.com\/?p=162080","title":{"rendered":"Dirigentes  del PLD y activistas comunitarios reciben a Leonel Fern\u00e1ndez a su llegada a New York"},"content":{"rendered":"<p><body><\/p>\n<p><img decoding=\"async\" src=\"img3\/leonel21092014.jpg\" \/>  <\/p>\n<\/p>\n<p><span class=\"text1noticias\">NUEVA YORK, 21 de Septiembre de 2014.- Una nutrida representaci\u00f3n del Partido de la Liberaci\u00f3n Dominicana en Nueva York recibi\u00f3 la tarde del domingo   al ex presidente de la Rep\u00fablica y presidente del PLD, Leonel Fern\u00e1ndez,  a su llegada a  Nueva York  procedente de Viena  en un vuelo de la l\u00ednea a\u00e9rea United Air Line.<\/span><\/p>\n<\/p>\n<p><span class=\"text1noticias\">El  ex mandatario arrib\u00f3  cumpliendo una agenda que primero le llev\u00f3 a Europa sosteniendo encuentros acad\u00e9micos y politicos con difertentes personalidades.  En New York se programaron reuniones de trabajo con la  direcci\u00f3n del PLD  y con empresarios y dirigentes comunitarios.<\/span><\/p>\n<\/p>\n<p><span class=\"text1noticias\">Dominicanos presentes en el aeropuerto John F. Kennedy saludaron al ex mandatario y le mostraron su respeto y simpatias. Desde el aeropuerto JFK,   Leonel Fern\u00e1ndez,  se traslad\u00f3  al hotel JW Marriot, de la 59, frente al Central Park de New Yok en donde le esper\u00f3 otro grupo de dirigentes partidarios.<\/span><\/p>\n<\/p>\n<p><span class=\"text1noticias\">Los dirigentes peledeistas se apersonaron desde el medio d\u00eda en espera del vuelo 9819, que arrib\u00f3 por la terminal n\u00famero uno a la 1:35 de la tarde del domingo.<\/span><\/p>\n<\/p>\n<p><span class=\"text1noticias\">Entre los miembros de la direcci\u00f3n estatal que estuvieron presentes se encontraban los miembros del Comit\u00e9 Central Gregorio Morrobel, Juan Isidro Mart\u00ednez, Ram\u00f3n Santana, Jovanny Rodr\u00edguez, y Carlos Feliz, as\u00ed como los dirigentes Medios Gustavo Rodr\u00edguez , Francisco Robles, Dionisio Venturas, entres otros, report\u00f3 desde New York,  Jose D. Batista de la Secretar\u00eda de Comunicaciones del PLD.<\/span><\/p>\n<\/p>\n<p><span class=\"text1noticias\">La noche anterior la dirigencia peledeista acudi\u00f3 al aeropuerto JFK  a recibir  al Presidente Danilo Medina quien arrib\u00f3 a esa terminal en compa\u00f1\u00eda de la primera dama Candy Montilla de Medina y la comitiva oficial que participar\u00e1 de las actividades oficiales con motivo de la Asamblea General de la ONU en donde el mandatario dominicano hablar\u00e1  el pr\u00f3ximo mi\u00e9rcoles.  <\/span><\/p>\n<\/p>\n<p><span class=\"text1noticias\">Acompa\u00f1an al presidente Medina su esposa, C\u00e1ndida Montilla de Medina; los ministros de la Presidencia, Gustavo Montalvo y de Relaciones Exteriores, Andr\u00e9s Navarro; el asistente especial del Jefe de Estado, Carlos Pared P\u00e9rez y el jefe del Cuerpo de Seguridad Presidencial, mayor general Ad\u00e1n C\u00e1ceres.<\/span><\/p>\n<\/p>\n<p><span class=\"text1noticias\">El ex mandatario Leonel Fern\u00e1ndez   partir\u00e1 en la ma\u00f1ana  de este  lunes para Boston donde desarrollar\u00e1 una agenda y un encuentro con la comunidad dominicana residente en esa ciudad y el Massachussets. <\/span><\/p>\n<\/p>\n<p><span class=\"text1noticias\">Durante esta semana, la agenda del ex mandatario contempla encuentros en New Jersey y en la ciudad de New York.<\/span><\/p>\n<\/p>\n<\/p>\n<\/p>\n<h6> 2014-09-22 05:53:54 <\/h6>\n<p><!--\n<link rel=\"stylesheet\" href=\"css\/bootstrap.min.css\">\n\n\n<ul class=\"pagination\">\n\t    \n\t\n\n<li >\n\t<a href='?page_no=14520'>Previous<\/a>\n\t<\/li>\n\n\n       \n    \n\n<li><a href='?page_no=1'>1<\/a><\/li>\n\n\n\n<li><a href='?page_no=2'>2<\/a><\/li>\n\n\n\n<li><a>...<\/a><\/li>\n\n\n\n<li><a href='?page_no=14519'>14519<\/a><\/li>\n\n\n\n<li><a href='?page_no=14520'>14520<\/a><\/li>\n\n\n\n<li class='active'><a>14521<\/a><\/li>\n\n\n\n<li><a href='?page_no=14522'>14522<\/a><\/li>\n\n\n\n<li><a href='?page_no=14523'>14523<\/a><\/li>\n\n\n\n<li><a>...<\/a><\/li>\n\n\n\n<li><a href='?page_no=36999'>36999<\/a><\/li>\n\n\n\n<li><a href='?page_no=37000'>37000<\/a><\/li>\n\n    \n\t\n\n<li >\n\t<a href='?page_no=14522'>Next<\/a>\n\t<\/li>\n\n\n    \n\n<li><a href='?page_no=37000'>Last &rsaquo;&rsaquo;<\/a><\/li>\n\n<\/ul>\n\n\n--><br \/>\n<\/body><\/p>\n","protected":false},"excerpt":{"rendered":"<p>NUEVA YORK, 21 de Septiembre de 2014.- Una nutrida representaci\u00f3n del Partido de la Liberaci\u00f3n Dominicana en Nueva York recibi\u00f3 la tarde del domingo al ex presidente de la Rep\u00fablica y presidente del PLD, Leonel Fern\u00e1ndez, a su llegada a Nueva York procedente de Viena en un vuelo de la l\u00ednea a\u00e9rea United Air Line. [&hellip;]<\/p>\n","protected":false},"author":3,"featured_media":0,"comment_status":"open","ping_status":"open","sticky":false,"template":"","format":"standard","meta":{"footnotes":""},"categories":[22],"tags":[],"class_list":["post-162080","post","type-post","status-publish","format-standard","hentry","category-politica"],"_links":{"self":[{"href":"https:\/\/diariodominicano.com\/index.php?rest_route=\/wp\/v2\/posts\/162080","targetHints":{"allow":["GET"]}}],"collection":[{"href":"https:\/\/diariodominicano.com\/index.php?rest_route=\/wp\/v2\/posts"}],"about":[{"href":"https:\/\/diariodominicano.com\/index.php?rest_route=\/wp\/v2\/types\/post"}],"author":[{"embeddable":true,"href":"https:\/\/diariodominicano.com\/index.php?rest_route=\/wp\/v2\/users\/3"}],"replies":[{"embeddable":true,"href":"https:\/\/diariodominicano.com\/index.php?rest_route=%2Fwp%2Fv2%2Fcomments&post=162080"}],"version-history":[{"count":0,"href":"https:\/\/diariodominicano.com\/index.php?rest_route=\/wp\/v2\/posts\/162080\/revisions"}],"wp:attachment":[{"href":"https:\/\/diariodominicano.com\/index.php?rest_route=%2Fwp%2Fv2%2Fmedia&parent=162080"}],"wp:term":[{"taxonomy":"category","embeddable":true,"href":"https:\/\/diariodominicano.com\/index.php?rest_route=%2Fwp%2Fv2%2Fcategories&post=162080"},{"taxonomy":"post_tag","embeddable":true,"href":"https:\/\/diariodominicano.com\/index.php?rest_route=%2Fwp%2Fv2%2Ftags&post=162080"}],"curies":[{"name":"wp","href":"https:\/\/api.w.org\/{rel}","templated":true}]}}