{"id":162076,"date":"2014-09-22T18:56:09","date_gmt":"2014-09-22T18:56:09","guid":{"rendered":"http:\/\/diariodominicano.ddns.net\/?p=162076"},"modified":"2014-09-22T18:56:09","modified_gmt":"2014-09-22T18:56:09","slug":"la-multitud-celebra-asamblea-consultiva","status":"publish","type":"post","link":"https:\/\/diariodominicano.com\/?p=162076","title":{"rendered":"&#13;&#13;La Multitud celebra Asamblea Consultiva"},"content":{"rendered":"<p><body><\/p>\n<p><img decoding=\"async\" src=\"img3\/josefina.jpg\" \/><br \/><img decoding=\"async\" src=\"img3\/victorvictor.jpg\" \/>  <\/p>\n<\/p>\n<p>Santo Domingo, RD, 22 de septiembre.- Con el objetivo de consultar a la ciudadan\u00eda, a sus miembros y simpatizantes, el Movimiento La Multitud realiz\u00f3 el pasado s\u00e1bado una Asamblea Consultiva donde se dieron cita ciudadanos y ciudadanas del Distrito Nacional y del Gran Santo Domingo, dirigentes juveniles y l\u00edderes comunitarios para plantear sus ideas y propuestas.<\/p>\n<\/p>\n<p>\u00abCon esta actividad, La Multitud cumple el objetivo de acercarse a su base social y escuchar sus propuestas y reflexiones en aras de lograr y definir acciones que enfrenten los graves problemas del pa\u00eds\u00bb, Afirmo Reynaldo Aponte, Vice-Secretario del Movimiento<\/p>\n<\/p>\n<p>La actividad, celebrada en el local de la Dr. Baez#2, cont\u00f3 con la presencia de un grupo nutrido de personalidades como V\u00edctor V\u00edctor, Josefina Pichardo, Surun Hern\u00e1ndez, Nelson Pichardo, entre otros.<\/p>\n<\/p>\n<p>Despu\u00e9s de escuchar a la ciudadan\u00eda, La Asamblea aprob\u00f3 la l\u00ednea: \u00abLa Multitud para los barrios\u00bb con la cual realizar\u00e1n un conjunto de Asambleas Ciudadanas en diferentes barrios de la capital para articular planes de lucha en beneficio de las comunidades.<\/p>\n<h6> 2014-09-22 18:56:09 <\/h6>\n<p><!--\n<link rel=\"stylesheet\" href=\"css\/bootstrap.min.css\">\n\n\n<ul class=\"pagination\">\n\t    \n\t\n\n<li >\n\t<a href='?page_no=14517'>Previous<\/a>\n\t<\/li>\n\n\n       \n    \n\n<li><a href='?page_no=1'>1<\/a><\/li>\n\n\n\n<li><a href='?page_no=2'>2<\/a><\/li>\n\n\n\n<li><a>...<\/a><\/li>\n\n\n\n<li><a href='?page_no=14516'>14516<\/a><\/li>\n\n\n\n<li><a href='?page_no=14517'>14517<\/a><\/li>\n\n\n\n<li class='active'><a>14518<\/a><\/li>\n\n\n\n<li><a href='?page_no=14519'>14519<\/a><\/li>\n\n\n\n<li><a href='?page_no=14520'>14520<\/a><\/li>\n\n\n\n<li><a>...<\/a><\/li>\n\n\n\n<li><a href='?page_no=36999'>36999<\/a><\/li>\n\n\n\n<li><a href='?page_no=37000'>37000<\/a><\/li>\n\n    \n\t\n\n<li >\n\t<a href='?page_no=14519'>Next<\/a>\n\t<\/li>\n\n\n    \n\n<li><a href='?page_no=37000'>Last &rsaquo;&rsaquo;<\/a><\/li>\n\n<\/ul>\n\n\n--><br \/>\n<\/body><\/p>\n","protected":false},"excerpt":{"rendered":"<p>Santo Domingo, RD, 22 de septiembre.- Con el objetivo de consultar a la ciudadan\u00eda, a sus miembros y simpatizantes, el Movimiento La Multitud realiz\u00f3 el pasado s\u00e1bado una Asamblea Consultiva donde se dieron cita ciudadanos y ciudadanas del Distrito Nacional y del Gran Santo Domingo, dirigentes juveniles y l\u00edderes comunitarios para plantear sus ideas y [&hellip;]<\/p>\n","protected":false},"author":3,"featured_media":0,"comment_status":"open","ping_status":"open","sticky":false,"template":"","format":"standard","meta":{"footnotes":""},"categories":[22],"tags":[],"class_list":["post-162076","post","type-post","status-publish","format-standard","hentry","category-politica"],"_links":{"self":[{"href":"https:\/\/diariodominicano.com\/index.php?rest_route=\/wp\/v2\/posts\/162076","targetHints":{"allow":["GET"]}}],"collection":[{"href":"https:\/\/diariodominicano.com\/index.php?rest_route=\/wp\/v2\/posts"}],"about":[{"href":"https:\/\/diariodominicano.com\/index.php?rest_route=\/wp\/v2\/types\/post"}],"author":[{"embeddable":true,"href":"https:\/\/diariodominicano.com\/index.php?rest_route=\/wp\/v2\/users\/3"}],"replies":[{"embeddable":true,"href":"https:\/\/diariodominicano.com\/index.php?rest_route=%2Fwp%2Fv2%2Fcomments&post=162076"}],"version-history":[{"count":0,"href":"https:\/\/diariodominicano.com\/index.php?rest_route=\/wp\/v2\/posts\/162076\/revisions"}],"wp:attachment":[{"href":"https:\/\/diariodominicano.com\/index.php?rest_route=%2Fwp%2Fv2%2Fmedia&parent=162076"}],"wp:term":[{"taxonomy":"category","embeddable":true,"href":"https:\/\/diariodominicano.com\/index.php?rest_route=%2Fwp%2Fv2%2Fcategories&post=162076"},{"taxonomy":"post_tag","embeddable":true,"href":"https:\/\/diariodominicano.com\/index.php?rest_route=%2Fwp%2Fv2%2Ftags&post=162076"}],"curies":[{"name":"wp","href":"https:\/\/api.w.org\/{rel}","templated":true}]}}