{"id":162075,"date":"2014-09-22T19:02:11","date_gmt":"2014-09-22T19:02:11","guid":{"rendered":"http:\/\/diariodominicano.ddns.net\/?p=162075"},"modified":"2014-09-22T19:02:11","modified_gmt":"2014-09-22T19:02:11","slug":"el-ex-presidente-leonel-fernandez-escribe-sobre-la-trascendencia-del-congreso-de-viena-que-procuraba-la-organizacion-del-sistema-internacional","status":"publish","type":"post","link":"https:\/\/diariodominicano.com\/?p=162075","title":{"rendered":"El ex presidente Leonel Fern\u00e1ndez escribe sobre la trascendencia del Congreso  de Viena que  procuraba  la  organizaci\u00f3n del sistema internacional&#13;"},"content":{"rendered":"<p><body><\/p>\n<p><img decoding=\"async\" src=\"img3\/leon0001.jpg\" \/>  <\/p>\n<p><span class=\"text1noticias\"> <\/span><\/p>\n<p><span class=\"text1noticias\">SANTO DOMINGO, RD, 22 de Septiembre de 2014.-  La trascendencia del  Congreso de Viena, que celebra en la actualidad su bicentenario,  fue su capacidad para dise\u00f1ar y poner en pr\u00e1ctica un nuevo orden internacional basado en un equilibrio de poderes, y no en el predominio de una fuerza hegem\u00f3nica. La reflexi\u00f3n es del ex presidente Leonel Fern\u00e1ndez escrita en su columna \u00abObservatorio Global \u00bb , que publica cada dos semanas en las paginas de List\u00edn Diario.<\/span><\/p>\n<p><span class=\"text1noticias\"> <\/span><\/p>\n<p><span class=\"text1noticias\">El tambi\u00e9n   Presidente del Partido de la Liberaci\u00f3n Dominicana particip\u00f3 a un foro en Viena en donde se debati\u00f3 la trascendencia en el tiempo de aquel congreso con el que se procuraba  la  organizaci\u00f3n del sistema internacional, como garant\u00eda de  estabilidad y la paz en Europa.<\/span><\/p>\n<p><span class=\"text1noticias\"> <\/span><\/p>\n<p><span class=\"text1noticias\">En un art\u00edculo titulado el \u00abBicentenario del Congreso de Viena\u00bb el presidente del Partido de la Liberaci\u00f3n Dominicana inform\u00f3 que en ese encuentro se trataba de reflexionar acerca del impacto que ha tenido lugar en el tiempo la celebraci\u00f3n de un encuentro que al t\u00e9rmino de las Guerras napole\u00f3nicas, en el 1815, procuraba dise\u00f1ar una organizaci\u00f3n del sistema internacional que garantizase la estabilidad y la paz en Europa.<\/span><\/p>\n<p><span class=\"text1noticias\"> <\/span><\/p>\n<p><span class=\"text1noticias\">\u00abY en efecto, as\u00ed fue. Como resultado del Congreso de Viena, efectuado durante casi un a\u00f1o, entre septiembre de 1814 y julio de 1815, se produjo un per\u00edodo de paz que abarc\u00f3 un siglo, hasta el estallido de la Primera Guerra Mundial en el 1914, al no suscitarse, durante esa etapa, ning\u00fan conflicto de car\u00e1cter generalizado\u00bb, refiri\u00f3 Fern\u00e1ndez rese\u00f1ado por Comunicaciones del PLD.<\/span><\/p>\n<p><span class=\"text1noticias\"> <\/span><\/p>\n<p><span class=\"text1noticias\">Para el ex  mandatario de   lo que motiv\u00f3 la celebraci\u00f3n del Congreso de Viena fue la actitud conservadora asumida por las principales monarqu\u00edas absolutas de la \u00e9poca, ante el impacto generado por la Revoluci\u00f3n Francesa y las guerras desatadas por Napole\u00f3n Bonaparte para imponer al resto de los pa\u00edses europeos, sus  valores, ideales y principios.<\/span><\/p>\n<p><span class=\"text1noticias\"> <\/span><\/p>\n<p><span class=\"text1noticias\">Leonel Fern\u00e1ndez refiere que a\u00fan antes de la derrota de las huestes napole\u00f3nicas, cuando ya resultaba inminente  su desplome final, fue convocado el Congreso de Viena y que su objetivo era el de como contener para el futuro el expansionismo de Francia, al tiempo de c\u00f3mo evitar el surgimiento de una nueva potencia que pusiese en peligro la estabilidad y la paz de los pa\u00edses de la regi\u00f3n.<\/span><\/p>\n<p><span class=\"text1noticias\"> <\/span><\/p>\n<p><span class=\"text1noticias\">Se\u00f1ala que para frenar cualquier intento ulterior de Francia de incursionar en los asuntos internos de cualquier otra potencia de la \u00e9poca, el Congreso de Viena determin\u00f3 la restauraci\u00f3n en el trono de la dinast\u00eda de los Borbones y despoj\u00f3 a la naci\u00f3n gala de todas sus conquistas territoriales, limit\u00e1ndola a como se encontraba en 1789, al inicio de la Revoluci\u00f3n.<\/span><\/p>\n<p><span class=\"text1noticias\"> <\/span><\/p>\n<p><span class=\"text1noticias\">\u00abPero lo m\u00e1s importante del Congreso de Viena, lo m\u00e1s trascendente y duradero en el tiempo, fue su capacidad para dise\u00f1ar y poner en pr\u00e1ctica un nuevo orden internacional basado en un equilibrio de poderes, y no en el predominio de una fuerza hegem\u00f3nica\u00bb, expres\u00f3 el presidente de la Fundaci\u00f3n Global, Democracia y Desarrollo (FUNGLODE).<\/span><\/p>\n<p><span class=\"text1noticias\"> <\/span><\/p>\n<p><span class=\"text1noticias\">Entiende que fue a partir del Congreso de Viena que se consagr\u00f3 como teor\u00eda la noci\u00f3n o concepto de balance o equilibrio de poder,  como forma de evitar el surgimiento una potencia hegem\u00f3nica que se impusiese a las dem\u00e1s, y asegurar, por v\u00eda de consecuencia, una paz y estabilidad duraderas.<\/span><\/p>\n<p><span class=\"text1noticias\"> <\/span><\/p>\n<p><span class=\"text1noticias\">\u00abAl final, sin embargo, esas ideas lograron imponerse como forma de organizaci\u00f3n pol\u00edtica en Europa. El conservadurismo fue derrotado, y el Congreso de Viena s\u00f3lo empez\u00f3 a desvanecerse cuando en la \u00faltima d\u00e9cada del siglo XIX  emergieron nuevas potencias que resultaron decisivas para el estallido de la Primera Guerra Mundial del 1914-1918\u00bb, reflexiona.<\/span><\/p>\n<p><span class=\"text1noticias\"> <\/span><\/p>\n<p><span class=\"text1noticias\">Con relaci\u00f3n a la organizaci\u00f3n de un nuevo orden mundial afirma que a\u00fan abundan otras  tesis, inclusive peligrosas, como las del movimiento neoconservador, pero para la construcci\u00f3n de un nuevo orden mundial en el siglo XXI, quiz\u00e1s valga la pena recordar que fue durante el Congreso de Viena, celebrado hace 200 a\u00f1os, que se alcanz\u00f3 la paz durante un siglo como consecuencia de un equilibrio de poderes.<\/span><\/p>\n<p><span class=\"text1noticias\"> <\/span><\/p>\n<\/p>\n<h6> 2014-09-22 19:02:11 <\/h6>\n<p><!--\n<link rel=\"stylesheet\" href=\"css\/bootstrap.min.css\">\n\n\n<ul class=\"pagination\">\n\t    \n\t\n\n<li >\n\t<a href='?page_no=14516'>Previous<\/a>\n\t<\/li>\n\n\n       \n    \n\n<li><a href='?page_no=1'>1<\/a><\/li>\n\n\n\n<li><a href='?page_no=2'>2<\/a><\/li>\n\n\n\n<li><a>...<\/a><\/li>\n\n\n\n<li><a href='?page_no=14515'>14515<\/a><\/li>\n\n\n\n<li><a href='?page_no=14516'>14516<\/a><\/li>\n\n\n\n<li class='active'><a>14517<\/a><\/li>\n\n\n\n<li><a href='?page_no=14518'>14518<\/a><\/li>\n\n\n\n<li><a href='?page_no=14519'>14519<\/a><\/li>\n\n\n\n<li><a>...<\/a><\/li>\n\n\n\n<li><a href='?page_no=36999'>36999<\/a><\/li>\n\n\n\n<li><a href='?page_no=37000'>37000<\/a><\/li>\n\n    \n\t\n\n<li >\n\t<a href='?page_no=14518'>Next<\/a>\n\t<\/li>\n\n\n    \n\n<li><a href='?page_no=37000'>Last &rsaquo;&rsaquo;<\/a><\/li>\n\n<\/ul>\n\n\n--><br \/>\n<\/body><\/p>\n","protected":false},"excerpt":{"rendered":"<p>SANTO DOMINGO, RD, 22 de Septiembre de 2014.- La trascendencia del Congreso de Viena, que celebra en la actualidad su bicentenario, fue su capacidad para dise\u00f1ar y poner en pr\u00e1ctica un nuevo orden internacional basado en un equilibrio de poderes, y no en el predominio de una fuerza hegem\u00f3nica. La reflexi\u00f3n es del ex presidente [&hellip;]<\/p>\n","protected":false},"author":3,"featured_media":0,"comment_status":"open","ping_status":"open","sticky":false,"template":"","format":"standard","meta":{"footnotes":""},"categories":[22],"tags":[],"class_list":["post-162075","post","type-post","status-publish","format-standard","hentry","category-politica"],"_links":{"self":[{"href":"https:\/\/diariodominicano.com\/index.php?rest_route=\/wp\/v2\/posts\/162075","targetHints":{"allow":["GET"]}}],"collection":[{"href":"https:\/\/diariodominicano.com\/index.php?rest_route=\/wp\/v2\/posts"}],"about":[{"href":"https:\/\/diariodominicano.com\/index.php?rest_route=\/wp\/v2\/types\/post"}],"author":[{"embeddable":true,"href":"https:\/\/diariodominicano.com\/index.php?rest_route=\/wp\/v2\/users\/3"}],"replies":[{"embeddable":true,"href":"https:\/\/diariodominicano.com\/index.php?rest_route=%2Fwp%2Fv2%2Fcomments&post=162075"}],"version-history":[{"count":0,"href":"https:\/\/diariodominicano.com\/index.php?rest_route=\/wp\/v2\/posts\/162075\/revisions"}],"wp:attachment":[{"href":"https:\/\/diariodominicano.com\/index.php?rest_route=%2Fwp%2Fv2%2Fmedia&parent=162075"}],"wp:term":[{"taxonomy":"category","embeddable":true,"href":"https:\/\/diariodominicano.com\/index.php?rest_route=%2Fwp%2Fv2%2Fcategories&post=162075"},{"taxonomy":"post_tag","embeddable":true,"href":"https:\/\/diariodominicano.com\/index.php?rest_route=%2Fwp%2Fv2%2Ftags&post=162075"}],"curies":[{"name":"wp","href":"https:\/\/api.w.org\/{rel}","templated":true}]}}