{"id":162074,"date":"2014-09-22T19:34:52","date_gmt":"2014-09-22T19:34:52","guid":{"rendered":"http:\/\/diariodominicano.ddns.net\/?p=162074"},"modified":"2014-09-22T19:34:52","modified_gmt":"2014-09-22T19:34:52","slug":"carlos-florian-dice-que-su-precandidatura-a-diputado-va-en-ascenso","status":"publish","type":"post","link":"https:\/\/diariodominicano.com\/?p=162074","title":{"rendered":"&#13;&#13;&#13;Carlos Flori\u00e1n dice que su precandidatura a diputado va en ascenso"},"content":{"rendered":"<p><body><\/p>\n<p><img decoding=\"async\" src=\"img3\/florrian.jpg\" \/>  <\/p>\n<\/p>\n<p><span class=\"text1noticias\">Barahona, RD, 22 de septiembre.- El licenciado Carlos Flori\u00e1n, asegur\u00f3 que su precandidatura a diputado  por el Partido de la Liberaci\u00f3n Dominicana (PLD), contin\u00faa en escala ascendente d\u00eda tras d\u00edas, y que seg\u00fan establecen los resultados de una \u00faltima encuesta que no se han dado a conocer, se ha situado entre los m\u00e1s votada a esa posici\u00f3n. <\/span><\/p>\n<\/p>\n<p><span class=\"text1noticias\">Flori\u00e1n, dijo que est\u00e1 seguro de que ser\u00e1 candidato por la entidad morada en las pr\u00f3ximas elecciones, en raz\u00f3n de que es el precandidato con la menor tasa de rechazo y el de mayor crecimiento.<\/span><\/p>\n<\/p>\n<p><span class=\"text1noticias\">Dijo sentirse muy optimista con el futuro de sus aspiraciones, ya que las encuestas revelan que est\u00e1 muy bien posesionado tanto internamente como hacia fuera de la organizaci\u00f3n oficialista.<\/span><\/p>\n<\/p>\n<p><span class=\"text1noticias\">Flori\u00e1n, manifest\u00f3 que esta provincia est\u00e1 necesitada de legisladores que introduzcan leyes ante el congreso que impulsen el desarrollo econ\u00f3mico y social.<\/span><\/p>\n<\/p>\n<p><span class=\"text1noticias\">El miembro del Comit\u00e9 Central del PLD, argument\u00f3 que este es un pueblo rico con grandes empresas, puertos mar\u00edtimos, turismo, una infraestructura tur\u00edstica, pero no cuenta con leyes que permitan que parte de la riqueza generada sirva para su desarrollo, \u00abpero esto cambiara tan pronto nos juramentemos como diputado el 16 de agosto del 2016, en representaci\u00f3n de esta demarcaci\u00f3n\u00bb.  <\/span><\/p>\n<\/p>\n<p><span class=\"text1noticias\">El tambi\u00e9n presidente del Comit\u00e9 Municipal dijo que los altos niveles de simpat\u00edas que tiene su precandidatura en el  seno del PLD y del pueblo se debe en gran medida a la alta valoraci\u00f3n de la  gesti\u00f3n de gobierno del presidente Danilo Medina.<\/span><\/p>\n<h6> 2014-09-22 19:34:52 <\/h6>\n<p><!--\n<link rel=\"stylesheet\" href=\"css\/bootstrap.min.css\">\n\n\n<ul class=\"pagination\">\n\t    \n\t\n\n<li >\n\t<a href='?page_no=14515'>Previous<\/a>\n\t<\/li>\n\n\n       \n    \n\n<li><a href='?page_no=1'>1<\/a><\/li>\n\n\n\n<li><a href='?page_no=2'>2<\/a><\/li>\n\n\n\n<li><a>...<\/a><\/li>\n\n\n\n<li><a href='?page_no=14514'>14514<\/a><\/li>\n\n\n\n<li><a href='?page_no=14515'>14515<\/a><\/li>\n\n\n\n<li class='active'><a>14516<\/a><\/li>\n\n\n\n<li><a href='?page_no=14517'>14517<\/a><\/li>\n\n\n\n<li><a href='?page_no=14518'>14518<\/a><\/li>\n\n\n\n<li><a>...<\/a><\/li>\n\n\n\n<li><a href='?page_no=36999'>36999<\/a><\/li>\n\n\n\n<li><a href='?page_no=37000'>37000<\/a><\/li>\n\n    \n\t\n\n<li >\n\t<a href='?page_no=14517'>Next<\/a>\n\t<\/li>\n\n\n    \n\n<li><a href='?page_no=37000'>Last &rsaquo;&rsaquo;<\/a><\/li>\n\n<\/ul>\n\n\n--><br \/>\n<\/body><\/p>\n","protected":false},"excerpt":{"rendered":"<p>Barahona, RD, 22 de septiembre.- El licenciado Carlos Flori\u00e1n, asegur\u00f3 que su precandidatura a diputado por el Partido de la Liberaci\u00f3n Dominicana (PLD), contin\u00faa en escala ascendente d\u00eda tras d\u00edas, y que seg\u00fan establecen los resultados de una \u00faltima encuesta que no se han dado a conocer, se ha situado entre los m\u00e1s votada a [&hellip;]<\/p>\n","protected":false},"author":3,"featured_media":0,"comment_status":"open","ping_status":"open","sticky":false,"template":"","format":"standard","meta":{"footnotes":""},"categories":[22],"tags":[],"class_list":["post-162074","post","type-post","status-publish","format-standard","hentry","category-politica"],"_links":{"self":[{"href":"https:\/\/diariodominicano.com\/index.php?rest_route=\/wp\/v2\/posts\/162074","targetHints":{"allow":["GET"]}}],"collection":[{"href":"https:\/\/diariodominicano.com\/index.php?rest_route=\/wp\/v2\/posts"}],"about":[{"href":"https:\/\/diariodominicano.com\/index.php?rest_route=\/wp\/v2\/types\/post"}],"author":[{"embeddable":true,"href":"https:\/\/diariodominicano.com\/index.php?rest_route=\/wp\/v2\/users\/3"}],"replies":[{"embeddable":true,"href":"https:\/\/diariodominicano.com\/index.php?rest_route=%2Fwp%2Fv2%2Fcomments&post=162074"}],"version-history":[{"count":0,"href":"https:\/\/diariodominicano.com\/index.php?rest_route=\/wp\/v2\/posts\/162074\/revisions"}],"wp:attachment":[{"href":"https:\/\/diariodominicano.com\/index.php?rest_route=%2Fwp%2Fv2%2Fmedia&parent=162074"}],"wp:term":[{"taxonomy":"category","embeddable":true,"href":"https:\/\/diariodominicano.com\/index.php?rest_route=%2Fwp%2Fv2%2Fcategories&post=162074"},{"taxonomy":"post_tag","embeddable":true,"href":"https:\/\/diariodominicano.com\/index.php?rest_route=%2Fwp%2Fv2%2Ftags&post=162074"}],"curies":[{"name":"wp","href":"https:\/\/api.w.org\/{rel}","templated":true}]}}