{"id":162073,"date":"2014-09-22T21:12:48","date_gmt":"2014-09-22T21:12:48","guid":{"rendered":"http:\/\/diariodominicano.ddns.net\/?p=162073"},"modified":"2014-09-22T21:12:48","modified_gmt":"2014-09-22T21:12:48","slug":"acosta-moreta-dice-grandes-naciones-provocan-conflicto-racial-entre-rd-y-haiti","status":"publish","type":"post","link":"https:\/\/diariodominicano.com\/?p=162073","title":{"rendered":"Acosta Moreta dice grandes naciones provocan conflicto racial entre RD y Hait\u00ed"},"content":{"rendered":"<p><body><\/p>\n<p><img decoding=\"async\" src=\"img3\/boya.JPG\" \/>  <\/p>\n<p><span class=\"text1noticias\">Sabana Grande de Boya, Monte Plata, RD, 22 de Septiembre.-El Presidente de La Uni\u00f3n Dem\u00f3crata ?UDC-, Luis Acosta Moreta -Luis El Gallo-, denunci\u00f3 que algunas naciones poderosas y organismos internacionales quieren provocar un conflicto racial entre Rep\u00fablica Dominicana y Hait\u00ed, para intervenir la Isla y explotar sus recursos naturales.<\/span><\/p>\n<\/p>\n<p><span class=\"text1noticias\">Luis el Gallo expres\u00f3 que esa conspiraci\u00f3n contra Rep\u00fablica Dominicana la encabezan Estados Unidos, Francia, Inglaterra, Canad\u00e1 y La Organizaci\u00f3n de Las Naciones Unidas -ONU-.<\/span><\/p>\n<\/p>\n<p><span class=\"text1noticias\">El Presidente de la -UDC- se\u00f1al\u00f3 que Estados Unidos est\u00e1 interesado en explotar la mina de oro de Milot, una extensa reserva del precioso metal que comienza en el municipio dominicano Restauraci\u00f3n y se extiende por una gran parte del territorio haitiano.<\/span><\/p>\n<\/p>\n<p><span class=\"text1noticias\">Agreg\u00f3 que Estados Unidos tambi\u00e9n est\u00e1 interesado en explotar los yacimientos de hidrocarburos descubiertos en la isla recientemente, y que el gobierno estadounidense considera como una de sus reservas estrat\u00e9gicas.<\/span><\/p>\n<\/p>\n<p><span class=\"text1noticias\">Hablando en  el acto de graduaci\u00f3n de un grupo de 58 nuevos t\u00e9cnicos en la elaboraci\u00f3n de productos qu\u00edmicos para la higiene personal y del hogar en Sabana Grande de Boy\u00e1, provincia Monte Plata, Luis Acosta Moreta sugiri\u00f3 a los haitianos indocumentados que viven en Rep\u00fablica Dominicana regularizar su situaci\u00f3n antes que venza el plazo de los 18 meses que le otorga la ley de naturalizaci\u00f3n.<\/span><\/p>\n<\/p>\n<p><span class=\"text1noticias\">Sin embargo dio mucho cr\u00e9dito a la posici\u00f3n que tiene sobre  el tema la Presidenta del Partido Nacionalista Franc\u00e9s, Marine Le Pen, quien se\u00f1al\u00f3 que Rep\u00fablica Dominicana no tiene la capacidad para asimilar a todos los haitianos y que el resultado ser\u00eda un conflicto racial sin precedentes cuando los dominicanos vean su realidad.<\/span><\/p>\n<\/p>\n<p><span class=\"text1noticias\">A los graduandos, Luis Acosta Moreta les manifest\u00f3 que el certificado que reciben como t\u00e9cnico en la elaboraci\u00f3n de productos qu\u00edmicos es el mejor aval que tienen para recibir pr\u00e9stamos de Banca Solidaria y proceder a la instalaci\u00f3n de su microempresa.<\/span><\/p>\n<\/p>\n<p><span class=\"text1noticias\">Luis El Gallo exhort\u00f3 los nuevos t\u00e9cnicos a producir con calidad y acudir a la solidaridad del mercado local para asegurar la venta de sus productos.<\/span><\/p>\n<\/p>\n<p><span class=\"text1noticias\">Adem\u00e1s de Acosta Moreta, encabezaron la ceremonia de graduaci\u00f3n el secretario general de la UDC, Juan Reynoso, el encargado de educaci\u00f3n de la -DGDC-, Pedro Lorenzo, y la encargada provincial de esa instituci\u00f3n Caroline Adames.<\/span><\/p>\n<\/p>\n<p><span class=\"text1noticias\">El acto incluy\u00f3 un desfile de los graduandos por las principales calles de Sabana Grande de Boy\u00e1 a ritmo de los tambores de la banda imperial y el batton ballet de la -UDC-.<\/span><\/p>\n<\/p>\n<p><span class=\"text1noticias\">Al final de la ceremonia, Luis El Gallo en compa\u00f1\u00eda de Juan Reynoso y Caroline Adames hicieron entrega de los certificados de aprobaci\u00f3n a los nuevos t\u00e9cnicos, quienes agradecieron a las autoridades de la ?UDC- y profesores de la Direcci\u00f3n General de Desarrollo de La Comunidad por su empe\u00f1o en que ellos aprendieran un nuevo oficio.<\/span><\/p>\n<\/p>\n<p><span class=\"text1noticias\">Entre los nuevos t\u00e9cnicos que recibieron sus certificados est\u00e1n Ana Iris Paniagua, Inocencio Reynoso, Evelyn Fern\u00e1ndez, Freddy Polanco, Marleny de la Cruz, Rafael Santana, Carmen de Le\u00f3n, Dania Polo y Mar\u00eda Irene Ramos.<\/span><\/p>\n<\/p>\n<p><span class=\"text1noticias\">Tambi\u00e9n recibieron sus certificados Rossi de La Cruz, Silvia Custodio, Miguel Angel Jimenez, Josefina Cabrera, Mar\u00eda Garc\u00eda, Luis Manuel Moreno, Andrea L\u00f3pez, Rafael Cornelio y Antonia Heredia.(HG)<\/span>.   <\/p>\n<\/p>\n<h6> 2014-09-22 21:12:48 <\/h6>\n<p><!--\n<link rel=\"stylesheet\" href=\"css\/bootstrap.min.css\">\n\n\n<ul class=\"pagination\">\n\t    \n\t\n\n<li >\n\t<a href='?page_no=14514'>Previous<\/a>\n\t<\/li>\n\n\n       \n    \n\n<li><a href='?page_no=1'>1<\/a><\/li>\n\n\n\n<li><a href='?page_no=2'>2<\/a><\/li>\n\n\n\n<li><a>...<\/a><\/li>\n\n\n\n<li><a href='?page_no=14513'>14513<\/a><\/li>\n\n\n\n<li><a href='?page_no=14514'>14514<\/a><\/li>\n\n\n\n<li class='active'><a>14515<\/a><\/li>\n\n\n\n<li><a href='?page_no=14516'>14516<\/a><\/li>\n\n\n\n<li><a href='?page_no=14517'>14517<\/a><\/li>\n\n\n\n<li><a>...<\/a><\/li>\n\n\n\n<li><a href='?page_no=36999'>36999<\/a><\/li>\n\n\n\n<li><a href='?page_no=37000'>37000<\/a><\/li>\n\n    \n\t\n\n<li >\n\t<a href='?page_no=14516'>Next<\/a>\n\t<\/li>\n\n\n    \n\n<li><a href='?page_no=37000'>Last &rsaquo;&rsaquo;<\/a><\/li>\n\n<\/ul>\n\n\n--><br \/>\n<\/body><\/p>\n","protected":false},"excerpt":{"rendered":"<p>Sabana Grande de Boya, Monte Plata, RD, 22 de Septiembre.-El Presidente de La Uni\u00f3n Dem\u00f3crata ?UDC-, Luis Acosta Moreta -Luis El Gallo-, denunci\u00f3 que algunas naciones poderosas y organismos internacionales quieren provocar un conflicto racial entre Rep\u00fablica Dominicana y Hait\u00ed, para intervenir la Isla y explotar sus recursos naturales. Luis el Gallo expres\u00f3 que esa [&hellip;]<\/p>\n","protected":false},"author":3,"featured_media":0,"comment_status":"open","ping_status":"open","sticky":false,"template":"","format":"standard","meta":{"footnotes":""},"categories":[22],"tags":[],"class_list":["post-162073","post","type-post","status-publish","format-standard","hentry","category-politica"],"_links":{"self":[{"href":"https:\/\/diariodominicano.com\/index.php?rest_route=\/wp\/v2\/posts\/162073","targetHints":{"allow":["GET"]}}],"collection":[{"href":"https:\/\/diariodominicano.com\/index.php?rest_route=\/wp\/v2\/posts"}],"about":[{"href":"https:\/\/diariodominicano.com\/index.php?rest_route=\/wp\/v2\/types\/post"}],"author":[{"embeddable":true,"href":"https:\/\/diariodominicano.com\/index.php?rest_route=\/wp\/v2\/users\/3"}],"replies":[{"embeddable":true,"href":"https:\/\/diariodominicano.com\/index.php?rest_route=%2Fwp%2Fv2%2Fcomments&post=162073"}],"version-history":[{"count":0,"href":"https:\/\/diariodominicano.com\/index.php?rest_route=\/wp\/v2\/posts\/162073\/revisions"}],"wp:attachment":[{"href":"https:\/\/diariodominicano.com\/index.php?rest_route=%2Fwp%2Fv2%2Fmedia&parent=162073"}],"wp:term":[{"taxonomy":"category","embeddable":true,"href":"https:\/\/diariodominicano.com\/index.php?rest_route=%2Fwp%2Fv2%2Fcategories&post=162073"},{"taxonomy":"post_tag","embeddable":true,"href":"https:\/\/diariodominicano.com\/index.php?rest_route=%2Fwp%2Fv2%2Ftags&post=162073"}],"curies":[{"name":"wp","href":"https:\/\/api.w.org\/{rel}","templated":true}]}}