{"id":162072,"date":"2014-09-22T22:53:17","date_gmt":"2014-09-22T22:53:17","guid":{"rendered":"http:\/\/diariodominicano.ddns.net\/?p=162072"},"modified":"2014-09-22T22:53:17","modified_gmt":"2014-09-22T22:53:17","slug":"diputado-ramon-bueno-respalda-candidatura-de-fello-subervi-a-la-alcaldia-de-la-capital","status":"publish","type":"post","link":"https:\/\/diariodominicano.com\/?p=162072","title":{"rendered":"Diputado Ram\u00f3n Bueno respalda candidatura de Fello Subervi a la alcald\u00eda de la capital"},"content":{"rendered":"<p><body><\/p>\n<p><img decoding=\"async\" src=\"img3\/fello.jpg\" \/>  <\/p>\n<p><span class=\"text1noticias\">Santo Domingo RD,  22 de septiembre.-El diputado Ram\u00f3n Bueno afirm\u00f3 ante decenas de dirigentes de la Circunscripci\u00f3n 2 del Partido Revolucionario Moderno,PRM que su candidatura a diputado , junto a la  del doctor Rafael Suberv\u00ed Bonilla a la alcald\u00eda del Distrito Nacional  derrotar\u00e1n 70 a 30 a sus competidores.<\/span><\/p>\n<\/p>\n<p><span class=\"text1noticias\">Sostuvo el legislador  que decidi\u00f3 respaldar al ex s\u00edndico  de la capital en sus aspiraciones porque Fello es un hombre, honrado, honesto, capaz  y leal.<\/span><\/p>\n<\/p>\n<p><span class=\"text1noticias\">Destac\u00f3 que Suberv\u00ed Bonilla desempe\u00f1\u00f3 sus funciones en el cabildo capitale\u00f1o  con gobiernos contrarios ,y  pese a que le realizaron varias auditorias, tuvieron que admitir la pulcritud como Fello manej\u00f3 los fondos del Ayuntamiento del Distrito Nacional, llegando a reconocer su gesti\u00f3n los regidores de todos los partidos pol\u00edticos con representaci\u00f3n municipal, enfatiz\u00f3 Ram\u00f3n Bueno.<\/span><\/p>\n<\/p>\n<p><span class=\"text1noticias\">El dirigente pol\u00edtico exhort\u00f3 a decenas de dirigentes  de la Zona  D6 del Partido Revolucionario Moderno, PRM  a luchar de manera decidida y entusiasta para lograr su repostulaci\u00f3n como legislador y el triunfo de Rafael Suberv\u00ed Bonilla en los procesos que se avecinan.<\/span><\/p>\n<\/p>\n<p><span class=\"text1noticias\">El congresista hizo uso de la palabra en el acto de juramentaci\u00f3n del equipo de campa\u00f1a del doctor Rafael Suberv\u00ed Bonilla en la Zona D6 de la Circunscripci\u00f3n 2 del Distrito Nacional del Partido Revolucionario Moderno, PRM. <\/span><\/p>\n<\/p>\n<p><span class=\"text1noticias\">La actividad fue organizada por la direcci\u00f3n zonal, entre los cuales figuran los siguientes dirigentes: Altagracia Villam\u00e1n, Presidenta, Ricardo Yamil, Presidente en Funciones, V\u00edctor Samuel Araujo, Secretario General, Pedro Amengo,Director Electoral, Rudolfr Soriano, Director de Organizaci\u00f3n, Altagracia Mart\u00ednez Director de la Mujer, Angela Rodr\u00edguez, Directora de la Juventud y Juan Carlos Garcia, Director Frente Agropecuario, entre otros.<\/span><\/p>\n<\/p>\n<p><strong><span class=\"text1noticias\">Afirma trabajara junto a mujeres y j\u00f3venes <\/span><\/strong><\/p>\n<\/p>\n<p><span class=\"text1noticias\">Durante el  acto, el doctor Rafael Suberv\u00ed Bonilla jurament\u00f3 su equipo de campa\u00f1a en la Zona F6 de la Central 2 del Partido Revolucionario Moderno, PRM.<\/span><\/p>\n<\/p>\n<p><span class=\"text1noticias\">La actividad se inici\u00f3 con una invocaci\u00f3n a Dios ,donde se pidi\u00f3 la bendici\u00f3n para todos los presentes y para que el doctor Suberv\u00ed Bonilla se convierta en el pr\u00f3ximo alcalde del Distrito Nacional, para el bienestar de los ciudadanos  que habitan la ciudad capital.<\/span><\/p>\n<\/p>\n<p><span class=\"text1noticias\">De inmediato la doctora Dominga Ogando, Coordinadora de la Zona, hizo uso de la palabra  exhortando a todos los dirigentes a hacer suya la precandidatura del doctor Suberv\u00ed Bonilla y a no descansar, hasta lograr que el ex s\u00edndico retorne a la direcci\u00f3n de la Alcald\u00eda del Distrito Nacional ,para que realice las obras que demanda la sociedad moderna de hoy.<\/span><\/p>\n<\/p>\n<p><span class=\"text1noticias\">El dirigente del PRM, Elido Alc\u00e1ntara denunci\u00f3 que aspirantes, al servicio del ing. Miguel Vargas y del viejo PRD , pretenden ser candidatos tambi\u00e9n por el PRM, raz\u00f3n por la cual hay que salirles al frente a lo que calific\u00f3 de  \u00abpl\u00e1n macabro\u00bb.<\/span><\/p>\n<p><span class=\"text1noticias\">Las palabras de Alc\u00e1ntara motiv\u00f3 un encendido aplauso entre los dirigentes presentes.<\/span><\/p>\n<\/p>\n<p><span class=\"text1noticias\">Por su parte el joven F\u00e9lix Rafael Camilo, Coordinador del Movimiento Mi Primer Voto, quien explic\u00f3 a los j\u00f3venes presentes la importancia de su participaci\u00f3n en el proceso democr\u00e1tico que vive el pa\u00eds  y  la necesidad de integrarse desde ya a endosar la candidatura del doctor Fello Suberv\u00ed, quien ha asumido el compromiso de trabajar de cerca con la juventud de la capital.<\/span><\/p>\n<\/p>\n<p><span class=\"text1noticias\">Camilo exhort\u00f3 a los  dirigentes presentes para que comuniquen a sus hijos y j\u00f3venes relacionados la existencia de este movimiento de j\u00f3venes nucleados alrededor de las aspiraciones del ex S\u00edndico del Distrito Nacional.<\/span><\/p>\n<\/p>\n<p><span class=\"text1noticias\">Por su parte el doctor Rafael Suberv\u00ed Bonilla esboz\u00f3 a grandes rasgos los planes que ejecutar\u00e1 tan pronto sea juramentado como Alcalde del Distrito en agosto del 2016.<\/span><\/p>\n<\/p>\n<p><span class=\"text1noticias\">Sostuvo Fello que trabajar\u00e1 de cerca con las mujeres y los j\u00f3venes de la capital, a quienes dar\u00e1 participaci\u00f3n en las decisiones  fundamentales que tomar\u00e1 como m\u00e1ximo ejecutivo municipal.<\/span><\/p>\n<\/p>\n<p><span class=\"text1noticias\">Indic\u00f3 que fomentar\u00e1 la creaci\u00f3n de peque\u00f1as empresas en los barrios para fortalecer la econom\u00eda familiar y la creaci\u00f3n de empleos en todo el Distrito Nacional.<\/span><\/p>\n<\/p>\n<p><span class=\"text1noticias\">Fello Suberv\u00ed  asegur\u00f3 que buscar\u00e1 soluci\u00f3n adecuada a los problemas que afectan los barrios, y ante la solicitud de dirigentes presentes en la reuni\u00f3n celebrada en el Ensanche Kennedy, prometi\u00f3 que tan pronto asuma la Alcald\u00eda ordenar\u00e1 un estudio para ver la posibilidad de abrir determinadas v\u00edas p\u00fablicas en el sector, cuyos residentes  tienen libre acceso a las avenidas principales.<\/span><\/p>\n<\/p>\n<p><span class=\"text1noticias\">Para concluir el acto, el aspirante a dirigir la Alcald\u00eda del Distrito Nacional tom\u00f3 el juramento a su Equipo de Campa\u00f1a, quienes se comprometieron a no descansar hasta que Suberv\u00ed Bonilla sea posesionado en agosto del 2015. <\/span><\/p>\n<\/p>\n<p><span class=\"text1noticias\">Entre los asistentes estuvieron presentes , el dor Elido Alc-antara, Asistente Personal del doctor Suberv\u00ed, Greimer de Pe\u00f1a, doctor Neufry P\u00e9rez Volquez, Juan Jos\u00e9 Disla,  Aleida Rosario, F\u00e9lix Rafael Camilo, Nidia Mercado,Ram\u00f3n Hern\u00e1ndez.<\/span><\/p>\n<\/p>\n<p><span class=\"text1noticias\">La actividad fue organizada por los dirigentes de la Zona F6 del Partido Revolucionario Moderno, PRM, entre los cuales figuran: doctora Dominga Ogando, Coordinadora, Ram\u00f3n Severino, Director Ejecutivo, Smerling Espinal, Coordinador de la Juventud, Martha Irene Collado, Cordinadora de las Mujeres y Jes\u00fas Ogando, Asesor.(HG)<\/span>.<\/p>\n<\/p>\n<p>  \u00ab<\/p>\n<\/p>\n<\/p>\n<\/p>\n<h6> 2014-09-22 22:53:17 <\/h6>\n<p><!--\n<link rel=\"stylesheet\" href=\"css\/bootstrap.min.css\">\n\n\n<ul class=\"pagination\">\n\t    \n\t\n\n<li >\n\t<a href='?page_no=14513'>Previous<\/a>\n\t<\/li>\n\n\n       \n    \n\n<li><a href='?page_no=1'>1<\/a><\/li>\n\n\n\n<li><a href='?page_no=2'>2<\/a><\/li>\n\n\n\n<li><a>...<\/a><\/li>\n\n\n\n<li><a href='?page_no=14512'>14512<\/a><\/li>\n\n\n\n<li><a href='?page_no=14513'>14513<\/a><\/li>\n\n\n\n<li class='active'><a>14514<\/a><\/li>\n\n\n\n<li><a href='?page_no=14515'>14515<\/a><\/li>\n\n\n\n<li><a href='?page_no=14516'>14516<\/a><\/li>\n\n\n\n<li><a>...<\/a><\/li>\n\n\n\n<li><a href='?page_no=36999'>36999<\/a><\/li>\n\n\n\n<li><a href='?page_no=37000'>37000<\/a><\/li>\n\n    \n\t\n\n<li >\n\t<a href='?page_no=14515'>Next<\/a>\n\t<\/li>\n\n\n    \n\n<li><a href='?page_no=37000'>Last &rsaquo;&rsaquo;<\/a><\/li>\n\n<\/ul>\n\n\n--><br \/>\n<\/body><\/p>\n","protected":false},"excerpt":{"rendered":"<p>Santo Domingo RD, 22 de septiembre.-El diputado Ram\u00f3n Bueno afirm\u00f3 ante decenas de dirigentes de la Circunscripci\u00f3n 2 del Partido Revolucionario Moderno,PRM que su candidatura a diputado , junto a la del doctor Rafael Suberv\u00ed Bonilla a la alcald\u00eda del Distrito Nacional derrotar\u00e1n 70 a 30 a sus competidores. Sostuvo el legislador que decidi\u00f3 respaldar [&hellip;]<\/p>\n","protected":false},"author":3,"featured_media":0,"comment_status":"open","ping_status":"open","sticky":false,"template":"","format":"standard","meta":{"footnotes":""},"categories":[22],"tags":[],"class_list":["post-162072","post","type-post","status-publish","format-standard","hentry","category-politica"],"_links":{"self":[{"href":"https:\/\/diariodominicano.com\/index.php?rest_route=\/wp\/v2\/posts\/162072","targetHints":{"allow":["GET"]}}],"collection":[{"href":"https:\/\/diariodominicano.com\/index.php?rest_route=\/wp\/v2\/posts"}],"about":[{"href":"https:\/\/diariodominicano.com\/index.php?rest_route=\/wp\/v2\/types\/post"}],"author":[{"embeddable":true,"href":"https:\/\/diariodominicano.com\/index.php?rest_route=\/wp\/v2\/users\/3"}],"replies":[{"embeddable":true,"href":"https:\/\/diariodominicano.com\/index.php?rest_route=%2Fwp%2Fv2%2Fcomments&post=162072"}],"version-history":[{"count":0,"href":"https:\/\/diariodominicano.com\/index.php?rest_route=\/wp\/v2\/posts\/162072\/revisions"}],"wp:attachment":[{"href":"https:\/\/diariodominicano.com\/index.php?rest_route=%2Fwp%2Fv2%2Fmedia&parent=162072"}],"wp:term":[{"taxonomy":"category","embeddable":true,"href":"https:\/\/diariodominicano.com\/index.php?rest_route=%2Fwp%2Fv2%2Fcategories&post=162072"},{"taxonomy":"post_tag","embeddable":true,"href":"https:\/\/diariodominicano.com\/index.php?rest_route=%2Fwp%2Fv2%2Ftags&post=162072"}],"curies":[{"name":"wp","href":"https:\/\/api.w.org\/{rel}","templated":true}]}}