{"id":162071,"date":"2014-09-22T22:57:29","date_gmt":"2014-09-22T22:57:29","guid":{"rendered":"http:\/\/diariodominicano.ddns.net\/?p=162071"},"modified":"2014-09-22T22:57:29","modified_gmt":"2014-09-22T22:57:29","slug":"partido-moda-juramenta-nueva-directiva-en-santo-domingo-este","status":"publish","type":"post","link":"https:\/\/diariodominicano.com\/?p=162071","title":{"rendered":"Partido Moda juramenta nueva directiva en Santo Domingo Este"},"content":{"rendered":"<p><body><\/p>\n<p><img decoding=\"async\" src=\"img3\/moda.jpg\" \/>  <\/p>\n<p><span class=\"text1noticias\">Santo Domingo, RD, 22 de Septiembre.-El Partido Democr\u00e1tico Alternativo (MODA) jurament\u00f3 el pasado fin de semana la nueva directiva de la Circunscripci\u00f3n n\u00famero 3 del Bloque 3 en el municipio Santo Domingo Este, la misma est\u00e1 compuesta por unos 25 miembros.<\/span><\/p>\n<\/p>\n<p><span class=\"text1noticias\">La actividad se realiz\u00f3 en el sector El Perla Antillana, fue encabezada por el regidor y precandidato a alcalde por esta demarcaci\u00f3n, licenciado Robert Matos, en representaci\u00f3n del doctor Emilio Rivas, presidente de Moda y cont\u00f3 con la presencia de Andr\u00e9s Avelino Payano Ram\u00edrez, presidente de la entidad en la Provincia Santo Domingo.<\/span><\/p>\n<\/p>\n<p><span class=\"text1noticias\">Matos, al tomar el juramento a los nuevos integrantes del partido, los inst\u00f3 a trabajar con ah\u00ednco en la organizaci\u00f3n, la cual, seg\u00fan dijo, se caracteriza por reconocer y justipreciar el trabajo de sus dirigentes y miembros.<\/span><\/p>\n<\/p>\n<p><span class=\"text1noticias\">Asimismo, destac\u00f3 el progreso que ha venido experimentando la entidad en los \u00faltimos tiempos, lo que de seguro contribuir\u00e1 en que, como dice el eslogan \u00abCon nosotros hay que contar, porque ahora decidimos nosotros\u00bb, a alusi\u00f3n a que en el 2016 las dem\u00e1s organizaciones pol\u00edticas tendr\u00e1n que hablar con Moda.<\/span><\/p>\n<p><span class=\"text1noticias\">\u00abYo me siento satisfecho con la llegada de estos nuevos dirigentes que vienen de otros partidos; no esperaba que fuera una directiva tan entusiasta como esta, as\u00ed es que si\u00e9ntanse bienvenidos, esta es su casa y estamos dispuestos a seguir creciendo junto a ustedes\u00bb, expres\u00f3 Matos.<\/span><\/p>\n<\/p>\n<p><span class=\"text1noticias\">Puntualiz\u00f3 que esto nos es m\u00e1s que una muestra de que el partido Moda sigue creciendo, y que se est\u00e1 encaminando a lograr los objetivos que se han trazado, que es alcanzar el poder en el mes de mayo del 2016.<\/span><\/p>\n<\/p>\n<p><span class=\"text1noticias\">Destac\u00f3 que este tipo de actividades las estar\u00e1n realizando en diferentes lugares y que en la ocasi\u00f3n le toc\u00f3 a este sector, mientras que al d\u00eda siguiente har\u00e1n una actividad de j\u00f3venes \u00abmodianos\u00bb, donde juramentar\u00e1n en la Casa Nacional de la entidad a cientos nuevos integrantes como parte del programa de crecimiento que se vive en el partido Moda a nivel nacional.<\/span><\/p>\n<\/p>\n<p><span class=\"text1noticias\">Entiende que el crecimiento que experimenta  Moda \u00abEs el resultado de una pol\u00edtica diferente, una nueva forma de hacer pol\u00edtica, basada en los comunitarios, nosotros que hemos sido comunitarios toda la vida, entendemos que \u00e9sta es la manera m\u00e1s id\u00f3nea de llegar a la gente, enfocados en caerle atr\u00e1s a esas peque\u00f1as cosas que los grandes gobiernos han olvidado\u00bb, dijo en regidor Matos.(HG)<\/span>.  <\/p>\n<\/p>\n<h6> 2014-09-22 22:57:29 <\/h6>\n<p><!--\n<link rel=\"stylesheet\" href=\"css\/bootstrap.min.css\">\n\n\n<ul class=\"pagination\">\n\t    \n\t\n\n<li >\n\t<a href='?page_no=14512'>Previous<\/a>\n\t<\/li>\n\n\n       \n    \n\n<li><a href='?page_no=1'>1<\/a><\/li>\n\n\n\n<li><a href='?page_no=2'>2<\/a><\/li>\n\n\n\n<li><a>...<\/a><\/li>\n\n\n\n<li><a href='?page_no=14511'>14511<\/a><\/li>\n\n\n\n<li><a href='?page_no=14512'>14512<\/a><\/li>\n\n\n\n<li class='active'><a>14513<\/a><\/li>\n\n\n\n<li><a href='?page_no=14514'>14514<\/a><\/li>\n\n\n\n<li><a href='?page_no=14515'>14515<\/a><\/li>\n\n\n\n<li><a>...<\/a><\/li>\n\n\n\n<li><a href='?page_no=36999'>36999<\/a><\/li>\n\n\n\n<li><a href='?page_no=37000'>37000<\/a><\/li>\n\n    \n\t\n\n<li >\n\t<a href='?page_no=14514'>Next<\/a>\n\t<\/li>\n\n\n    \n\n<li><a href='?page_no=37000'>Last &rsaquo;&rsaquo;<\/a><\/li>\n\n<\/ul>\n\n\n--><br \/>\n<\/body><\/p>\n","protected":false},"excerpt":{"rendered":"<p>Santo Domingo, RD, 22 de Septiembre.-El Partido Democr\u00e1tico Alternativo (MODA) jurament\u00f3 el pasado fin de semana la nueva directiva de la Circunscripci\u00f3n n\u00famero 3 del Bloque 3 en el municipio Santo Domingo Este, la misma est\u00e1 compuesta por unos 25 miembros. La actividad se realiz\u00f3 en el sector El Perla Antillana, fue encabezada por el [&hellip;]<\/p>\n","protected":false},"author":3,"featured_media":0,"comment_status":"open","ping_status":"open","sticky":false,"template":"","format":"standard","meta":{"footnotes":""},"categories":[22],"tags":[],"class_list":["post-162071","post","type-post","status-publish","format-standard","hentry","category-politica"],"_links":{"self":[{"href":"https:\/\/diariodominicano.com\/index.php?rest_route=\/wp\/v2\/posts\/162071","targetHints":{"allow":["GET"]}}],"collection":[{"href":"https:\/\/diariodominicano.com\/index.php?rest_route=\/wp\/v2\/posts"}],"about":[{"href":"https:\/\/diariodominicano.com\/index.php?rest_route=\/wp\/v2\/types\/post"}],"author":[{"embeddable":true,"href":"https:\/\/diariodominicano.com\/index.php?rest_route=\/wp\/v2\/users\/3"}],"replies":[{"embeddable":true,"href":"https:\/\/diariodominicano.com\/index.php?rest_route=%2Fwp%2Fv2%2Fcomments&post=162071"}],"version-history":[{"count":0,"href":"https:\/\/diariodominicano.com\/index.php?rest_route=\/wp\/v2\/posts\/162071\/revisions"}],"wp:attachment":[{"href":"https:\/\/diariodominicano.com\/index.php?rest_route=%2Fwp%2Fv2%2Fmedia&parent=162071"}],"wp:term":[{"taxonomy":"category","embeddable":true,"href":"https:\/\/diariodominicano.com\/index.php?rest_route=%2Fwp%2Fv2%2Fcategories&post=162071"},{"taxonomy":"post_tag","embeddable":true,"href":"https:\/\/diariodominicano.com\/index.php?rest_route=%2Fwp%2Fv2%2Ftags&post=162071"}],"curies":[{"name":"wp","href":"https:\/\/api.w.org\/{rel}","templated":true}]}}