{"id":162070,"date":"2014-09-22T23:15:00","date_gmt":"2014-09-22T23:15:00","guid":{"rendered":"http:\/\/diariodominicano.ddns.net\/?p=162070"},"modified":"2014-09-22T23:15:00","modified_gmt":"2014-09-22T23:15:00","slug":"el-ex-presidente-leonel-fernandez-agota-este-lunes-agenda-politica-y-academica-en-eeuu","status":"publish","type":"post","link":"https:\/\/diariodominicano.com\/?p=162070","title":{"rendered":"El ex Presidente  Leonel Fern\u00e1ndez agota este lunes agenda pol\u00edtica y acad\u00e9mica en EEUU"},"content":{"rendered":"<p><body><\/p>\n<p><img decoding=\"async\" src=\"img3\/leonel.jpg\" \/>  <\/p>\n<p><span class=\"text1noticias\">Nueva York, EE.UU., 22 de Septiembre.-Tras agotar una agenda pol\u00edtica y acad\u00e9mica en Europa, el ex presidente Leonel Fern\u00e1ndez viaj\u00f3 este domingo a Estados Unidos, empezando por la ciudad de Nueva York, donde asisti\u00f3 este lunes como invitado de honor a la ceremonia inaugural de la Iniciativa  Global Clinton, fundaci\u00f3n presidida  por el ex mandatario estadounidense Bill Clinton. En este evento Fern\u00e1ndez comparti\u00f3 escenario con diversos mandatarios, entre ellos el de la Rep\u00fablica Dominicana, licenciado Danilo Medina. <\/span><\/p>\n<\/p>\n<p><span class=\"text1noticias\">Igualmente en Nueva York, el ex jefe de Estado tiene previsto en su agenda participar en un Foro de Educaci\u00f3n Superior y se reunir\u00e1 con varias personalidades del mundo acad\u00e9mico y empresarial.<\/span><\/p>\n<\/p>\n<p><span class=\"text1noticias\">La agenda de Fern\u00e1ndez en Estados Unidos tambi\u00e9n incluye una visita al Estado de Massachussetts, donde sostendr\u00e1 encuentros en universidades y desarrolladores tecnol\u00f3gicos, participar\u00e1 en una conferencia internacional sobre tecnolog\u00edas emergentes y encabezar\u00e1 una actividad pol\u00edtica con dominicanos radicados en esa demarcaci\u00f3n estadounidense.<\/span><\/p>\n<\/p>\n<p><span class=\"text1noticias\">De igual manera, Fern\u00e1ndez tiene previsto ira al Estado de New Jersey, donde visitar\u00e1 la Universidad Seton Hall, sostendr\u00e1 reuniones de trabajo con empresarios y personalidades de diferentes ramas, asistir\u00e1 a un acto de recaudaci\u00f3n de fondos de Funglode y encabezar\u00e1 un encuentro pol\u00edtico. <\/span><\/p>\n<\/p>\n<p><span class=\"text1noticias\">A su regreso a Nueva York, el domingo 28 a las 8 de la noche, el exmandatario encabezar\u00e1 un encuentro pol\u00edtico en el barrio neoyorquino de Washington Heights.(HG)<\/span>.<\/p>\n<h6> 2014-09-22 23:15:00 <\/h6>\n<p><!--\n<link rel=\"stylesheet\" href=\"css\/bootstrap.min.css\">\n\n\n<ul class=\"pagination\">\n\t    \n\t\n\n<li >\n\t<a href='?page_no=14511'>Previous<\/a>\n\t<\/li>\n\n\n       \n    \n\n<li><a href='?page_no=1'>1<\/a><\/li>\n\n\n\n<li><a href='?page_no=2'>2<\/a><\/li>\n\n\n\n<li><a>...<\/a><\/li>\n\n\n\n<li><a href='?page_no=14510'>14510<\/a><\/li>\n\n\n\n<li><a href='?page_no=14511'>14511<\/a><\/li>\n\n\n\n<li class='active'><a>14512<\/a><\/li>\n\n\n\n<li><a href='?page_no=14513'>14513<\/a><\/li>\n\n\n\n<li><a href='?page_no=14514'>14514<\/a><\/li>\n\n\n\n<li><a>...<\/a><\/li>\n\n\n\n<li><a href='?page_no=36999'>36999<\/a><\/li>\n\n\n\n<li><a href='?page_no=37000'>37000<\/a><\/li>\n\n    \n\t\n\n<li >\n\t<a href='?page_no=14513'>Next<\/a>\n\t<\/li>\n\n\n    \n\n<li><a href='?page_no=37000'>Last &rsaquo;&rsaquo;<\/a><\/li>\n\n<\/ul>\n\n\n--><br \/>\n<\/body><\/p>\n","protected":false},"excerpt":{"rendered":"<p>Nueva York, EE.UU., 22 de Septiembre.-Tras agotar una agenda pol\u00edtica y acad\u00e9mica en Europa, el ex presidente Leonel Fern\u00e1ndez viaj\u00f3 este domingo a Estados Unidos, empezando por la ciudad de Nueva York, donde asisti\u00f3 este lunes como invitado de honor a la ceremonia inaugural de la Iniciativa Global Clinton, fundaci\u00f3n presidida por el ex mandatario [&hellip;]<\/p>\n","protected":false},"author":3,"featured_media":0,"comment_status":"open","ping_status":"open","sticky":false,"template":"","format":"standard","meta":{"footnotes":""},"categories":[22],"tags":[],"class_list":["post-162070","post","type-post","status-publish","format-standard","hentry","category-politica"],"_links":{"self":[{"href":"https:\/\/diariodominicano.com\/index.php?rest_route=\/wp\/v2\/posts\/162070","targetHints":{"allow":["GET"]}}],"collection":[{"href":"https:\/\/diariodominicano.com\/index.php?rest_route=\/wp\/v2\/posts"}],"about":[{"href":"https:\/\/diariodominicano.com\/index.php?rest_route=\/wp\/v2\/types\/post"}],"author":[{"embeddable":true,"href":"https:\/\/diariodominicano.com\/index.php?rest_route=\/wp\/v2\/users\/3"}],"replies":[{"embeddable":true,"href":"https:\/\/diariodominicano.com\/index.php?rest_route=%2Fwp%2Fv2%2Fcomments&post=162070"}],"version-history":[{"count":0,"href":"https:\/\/diariodominicano.com\/index.php?rest_route=\/wp\/v2\/posts\/162070\/revisions"}],"wp:attachment":[{"href":"https:\/\/diariodominicano.com\/index.php?rest_route=%2Fwp%2Fv2%2Fmedia&parent=162070"}],"wp:term":[{"taxonomy":"category","embeddable":true,"href":"https:\/\/diariodominicano.com\/index.php?rest_route=%2Fwp%2Fv2%2Fcategories&post=162070"},{"taxonomy":"post_tag","embeddable":true,"href":"https:\/\/diariodominicano.com\/index.php?rest_route=%2Fwp%2Fv2%2Ftags&post=162070"}],"curies":[{"name":"wp","href":"https:\/\/api.w.org\/{rel}","templated":true}]}}