{"id":162069,"date":"2014-09-23T18:20:53","date_gmt":"2014-09-23T18:20:53","guid":{"rendered":"http:\/\/diariodominicano.ddns.net\/?p=162069"},"modified":"2014-09-23T18:20:53","modified_gmt":"2014-09-23T18:20:53","slug":"aspirante-a-alcalde-adan-peguero-pide-a-juancito-eficientizar-recogida-de-basura-en-sde","status":"publish","type":"post","link":"https:\/\/diariodominicano.com\/?p=162069","title":{"rendered":"&#13;Aspirante a Alcalde Ad\u00e1n Peguero pide a Juancito  eficientizar recogida de basura en SDE"},"content":{"rendered":"<p><body><\/p>\n<p><img decoding=\"async\" src=\"img3\/peguer.jpg\" \/><br \/><img decoding=\"async\" src=\"img3\/peguero2.jpg\" \/>  <\/p>\n<\/p>\n<\/p>\n<p><span class=\"text1noticias\">Santo Domingo Este, RD, 23 de septiembre.-El dirigente social y pol\u00edtico, Ad\u00e1n Peguero llam\u00f3 la atenci\u00f3n a la alcald\u00eda municipal a intensificar la labor de recogida de desechos s\u00f3lidos y de limpieza en la ciudad, para evitar el surgimiento de enfermedades, en la poblaci\u00f3n.<\/span><\/p>\n<\/p>\n<p><span class=\"text1noticias\">Peguero inst\u00f3 a alcalde del municipio Santo Domingo Este, Juan de los Santos, a aumentar la eficiencia en la recogida de la basura, antes que pensar suspender el servicio por atrasos en los pagos.<\/span><\/p>\n<\/p>\n<p><span class=\"text1noticias\">\u00abEs una barbaridad pensar que los mun\u00edcipes van a pagar por un servicio deficiente, en la que la recogida de los desechos s\u00f3lidos es casi nula en los barrios y una muestra de ello son los vertederos improvisados en las principales v\u00edas\u00bb critic\u00f3.<\/span><\/p>\n<\/p>\n<p><span class=\"text1noticias\">Sostuvo que el nivel de retorno resulta muy bajo al cabildo, producto de la poca eficiencia en el servicio brindado y la falta de capacidad gerencial de la administraci\u00f3n.<\/span><\/p>\n<\/p>\n<p><span class=\"text1noticias\">Explic\u00f3 que la acumulaci\u00f3n de basura genera el fomento de ratas, moscas y otros insectos que pueden transmitir enfermedades a las personas, por lo que la higienizaci\u00f3n de la ciudad es vital.<\/span><\/p>\n<\/p>\n<p><span class=\"text1noticias\">Indic\u00f3, que es notable la cantidad de basura en distintos puntos de este municipio, lo cual afirma significa una amenaza para la salud de los que viven en el entorno.<\/span><\/p>\n<\/p>\n<p><span class=\"text1noticias\">\u00abNosotros queremos aprovechar la ocasi\u00f3n, para pedirle a las autoridades municipales que hagan m\u00e1s eficiente el servicio de recogida de los desechos s\u00f3lidos, a fin de garantizar la salud de la ciudadan\u00eda\u00bb, expres\u00f3.<\/span><\/p>\n<\/p>\n<p><span class=\"text1noticias\">Peguero manifest\u00f3 que es hora de que haya una verdadera renovaci\u00f3n del esp\u00edritu de trabajo comunitario, para que se devuelva la esperanza a todos los sectores comunitarios, y que los ayuntamientos no sigan siendo dirigidos de espaldas a los mejores intereses populares.<\/span><\/p>\n<\/p>\n<p><span class=\"text1noticias\">El tambi\u00e9n aspirante a la Alcald\u00eda de Santo Domingo Este, critic\u00f3 que los habitantes de este importante municipio est\u00e1n abandonados a su suerte, sin sistema de recogida de desechos s\u00f3lidos y l\u00edquidos, sin cloacas, y con la basura siendo agente provocador de brotes epid\u00e9micos.<\/span><\/p>\n<p><span class=\"text1noticias\"> <\/span><\/p>\n<p><span class=\"text1noticias\">Destac\u00f3 que por falta de un drenaje eficiente, se da el caso de que las calles de Santo Domingo Este, se convierten en lagunas, porque se carece de las v\u00edas de desag\u00fce necesarias.<\/span><\/p>\n<\/p>\n<h6> 2014-09-23 18:20:53 <\/h6>\n<p><!--\n<link rel=\"stylesheet\" href=\"css\/bootstrap.min.css\">\n\n\n<ul class=\"pagination\">\n\t    \n\t\n\n<li >\n\t<a href='?page_no=14510'>Previous<\/a>\n\t<\/li>\n\n\n       \n    \n\n<li><a href='?page_no=1'>1<\/a><\/li>\n\n\n\n<li><a href='?page_no=2'>2<\/a><\/li>\n\n\n\n<li><a>...<\/a><\/li>\n\n\n\n<li><a href='?page_no=14509'>14509<\/a><\/li>\n\n\n\n<li><a href='?page_no=14510'>14510<\/a><\/li>\n\n\n\n<li class='active'><a>14511<\/a><\/li>\n\n\n\n<li><a href='?page_no=14512'>14512<\/a><\/li>\n\n\n\n<li><a href='?page_no=14513'>14513<\/a><\/li>\n\n\n\n<li><a>...<\/a><\/li>\n\n\n\n<li><a href='?page_no=36999'>36999<\/a><\/li>\n\n\n\n<li><a href='?page_no=37000'>37000<\/a><\/li>\n\n    \n\t\n\n<li >\n\t<a href='?page_no=14512'>Next<\/a>\n\t<\/li>\n\n\n    \n\n<li><a href='?page_no=37000'>Last &rsaquo;&rsaquo;<\/a><\/li>\n\n<\/ul>\n\n\n--><br \/>\n<\/body><\/p>\n","protected":false},"excerpt":{"rendered":"<p>Santo Domingo Este, RD, 23 de septiembre.-El dirigente social y pol\u00edtico, Ad\u00e1n Peguero llam\u00f3 la atenci\u00f3n a la alcald\u00eda municipal a intensificar la labor de recogida de desechos s\u00f3lidos y de limpieza en la ciudad, para evitar el surgimiento de enfermedades, en la poblaci\u00f3n. Peguero inst\u00f3 a alcalde del municipio Santo Domingo Este, Juan de [&hellip;]<\/p>\n","protected":false},"author":3,"featured_media":0,"comment_status":"open","ping_status":"open","sticky":false,"template":"","format":"standard","meta":{"footnotes":""},"categories":[22],"tags":[],"class_list":["post-162069","post","type-post","status-publish","format-standard","hentry","category-politica"],"_links":{"self":[{"href":"https:\/\/diariodominicano.com\/index.php?rest_route=\/wp\/v2\/posts\/162069","targetHints":{"allow":["GET"]}}],"collection":[{"href":"https:\/\/diariodominicano.com\/index.php?rest_route=\/wp\/v2\/posts"}],"about":[{"href":"https:\/\/diariodominicano.com\/index.php?rest_route=\/wp\/v2\/types\/post"}],"author":[{"embeddable":true,"href":"https:\/\/diariodominicano.com\/index.php?rest_route=\/wp\/v2\/users\/3"}],"replies":[{"embeddable":true,"href":"https:\/\/diariodominicano.com\/index.php?rest_route=%2Fwp%2Fv2%2Fcomments&post=162069"}],"version-history":[{"count":0,"href":"https:\/\/diariodominicano.com\/index.php?rest_route=\/wp\/v2\/posts\/162069\/revisions"}],"wp:attachment":[{"href":"https:\/\/diariodominicano.com\/index.php?rest_route=%2Fwp%2Fv2%2Fmedia&parent=162069"}],"wp:term":[{"taxonomy":"category","embeddable":true,"href":"https:\/\/diariodominicano.com\/index.php?rest_route=%2Fwp%2Fv2%2Fcategories&post=162069"},{"taxonomy":"post_tag","embeddable":true,"href":"https:\/\/diariodominicano.com\/index.php?rest_route=%2Fwp%2Fv2%2Ftags&post=162069"}],"curies":[{"name":"wp","href":"https:\/\/api.w.org\/{rel}","templated":true}]}}