{"id":162068,"date":"2014-09-23T18:32:49","date_gmt":"2014-09-23T18:32:49","guid":{"rendered":"http:\/\/diariodominicano.ddns.net\/?p=162068"},"modified":"2014-09-23T18:32:49","modified_gmt":"2014-09-23T18:32:49","slug":"franklin-almeyda-expone-este-jueves-25-en-la-casa-nacional-del-pld-sobre-el-golpe-de-estado-a-juan-bosch","status":"publish","type":"post","link":"https:\/\/diariodominicano.com\/?p=162068","title":{"rendered":"&#13;&#13;Franklin Almeyda  expone este jueves 25  en la Casa Nacional del PLD sobre el Golpe de Estado a Juan Bosch"},"content":{"rendered":"<p><body><\/p>\n<p><img decoding=\"async\" src=\"img3\/almeyda.jpg\" \/>  <\/p>\n<p><span class=\"text1noticias\"> <\/span><\/p>\n<p><span class=\"text1noticias\">Santo Domingo, RD, 23 de septiembre.-   El Partido de la Liberaci\u00f3n Dominicana (PLD), en la fecha del 51 aniversario de golpe de Estado al gobierno constitucional del Profesor Juan Bosch, realizar\u00e1 un conversatorio, dedicado a los j\u00f3venes para analizar el impacto negativo de este hecho en nuestra historia.<\/span><\/p>\n<p><span class=\"text1noticias\"> <\/span><\/p>\n<p><span class=\"text1noticias\">Franklin Almeyda Rancier, miembro del Comit\u00e9 Pol\u00edtico del PLD, abordar\u00e1 el tema ante los j\u00f3venes del Partido de la Liberaci\u00f3n Dominicana, organizados en la JPLD, estructura que cada jueves organiza la Mesa del Dialogo de la JPLD un foro de debate de ideas y de exposiciones<\/span><\/p>\n<p><span class=\"text1noticias\"> <\/span><\/p>\n<p><span class=\"text1noticias\">\u00abEl Golpe de Estado a Juan Bosch y la participaci\u00f3n de la Juventud\u00bb  es el tema que desarrollar\u00e1 el miembro fundador del Partido de la Liberaci\u00f3n Dominicana e integrante del Comit\u00e9 Pol\u00edtico, Franklin Almeyda.<\/span><\/p>\n<p><span class=\"text1noticias\"> <\/span><\/p>\n<p><span class=\"text1noticias\">El Ciclo de Conferencias de la Juventud del PLD confirma la presencia del pol\u00edtico, abogado y ex rector de la Universidad Aut\u00f3noma de Santo Domingo, UASD,  para   continuar debatiendo  temas de inter\u00e9s nacional.<\/span><\/p>\n<p><span class=\"text1noticias\"> <\/span><\/p>\n<p><span class=\"text1noticias\">El encuentro est\u00e1 programado  para las 6:30 de la tarde del d\u00eda jueves 25 del cursante septiembre en la sala de recepci\u00f3n y balcones de  la Casa Nacional del PLD en la avenida Independencia en Gascue.<\/span><\/p>\n<p><span class=\"text1noticias\">  <\/span><\/p>\n<p><span class=\"text1noticias\">Franklin Rodr\u00edguez, titular de la JPLD invita a la nueva generaci\u00f3n, a la prensa y a la juventud peledeista  a participar  de los encuentros con el objetivo de conocer  las interioridades de los diferentes temas nacionales tratados en los foros  semanales  organizados por ese organismo.<\/span><\/p>\n<\/p>\n<h6> 2014-09-23 18:32:49 <\/h6>\n<p><!--\n<link rel=\"stylesheet\" href=\"css\/bootstrap.min.css\">\n\n\n<ul class=\"pagination\">\n\t    \n\t\n\n<li >\n\t<a href='?page_no=14509'>Previous<\/a>\n\t<\/li>\n\n\n       \n    \n\n<li><a href='?page_no=1'>1<\/a><\/li>\n\n\n\n<li><a href='?page_no=2'>2<\/a><\/li>\n\n\n\n<li><a>...<\/a><\/li>\n\n\n\n<li><a href='?page_no=14508'>14508<\/a><\/li>\n\n\n\n<li><a href='?page_no=14509'>14509<\/a><\/li>\n\n\n\n<li class='active'><a>14510<\/a><\/li>\n\n\n\n<li><a href='?page_no=14511'>14511<\/a><\/li>\n\n\n\n<li><a href='?page_no=14512'>14512<\/a><\/li>\n\n\n\n<li><a>...<\/a><\/li>\n\n\n\n<li><a href='?page_no=36999'>36999<\/a><\/li>\n\n\n\n<li><a href='?page_no=37000'>37000<\/a><\/li>\n\n    \n\t\n\n<li >\n\t<a href='?page_no=14511'>Next<\/a>\n\t<\/li>\n\n\n    \n\n<li><a href='?page_no=37000'>Last &rsaquo;&rsaquo;<\/a><\/li>\n\n<\/ul>\n\n\n--><br \/>\n<\/body><\/p>\n","protected":false},"excerpt":{"rendered":"<p>Santo Domingo, RD, 23 de septiembre.- El Partido de la Liberaci\u00f3n Dominicana (PLD), en la fecha del 51 aniversario de golpe de Estado al gobierno constitucional del Profesor Juan Bosch, realizar\u00e1 un conversatorio, dedicado a los j\u00f3venes para analizar el impacto negativo de este hecho en nuestra historia. Franklin Almeyda Rancier, miembro del Comit\u00e9 Pol\u00edtico [&hellip;]<\/p>\n","protected":false},"author":3,"featured_media":0,"comment_status":"open","ping_status":"open","sticky":false,"template":"","format":"standard","meta":{"footnotes":""},"categories":[22],"tags":[],"class_list":["post-162068","post","type-post","status-publish","format-standard","hentry","category-politica"],"_links":{"self":[{"href":"https:\/\/diariodominicano.com\/index.php?rest_route=\/wp\/v2\/posts\/162068","targetHints":{"allow":["GET"]}}],"collection":[{"href":"https:\/\/diariodominicano.com\/index.php?rest_route=\/wp\/v2\/posts"}],"about":[{"href":"https:\/\/diariodominicano.com\/index.php?rest_route=\/wp\/v2\/types\/post"}],"author":[{"embeddable":true,"href":"https:\/\/diariodominicano.com\/index.php?rest_route=\/wp\/v2\/users\/3"}],"replies":[{"embeddable":true,"href":"https:\/\/diariodominicano.com\/index.php?rest_route=%2Fwp%2Fv2%2Fcomments&post=162068"}],"version-history":[{"count":0,"href":"https:\/\/diariodominicano.com\/index.php?rest_route=\/wp\/v2\/posts\/162068\/revisions"}],"wp:attachment":[{"href":"https:\/\/diariodominicano.com\/index.php?rest_route=%2Fwp%2Fv2%2Fmedia&parent=162068"}],"wp:term":[{"taxonomy":"category","embeddable":true,"href":"https:\/\/diariodominicano.com\/index.php?rest_route=%2Fwp%2Fv2%2Fcategories&post=162068"},{"taxonomy":"post_tag","embeddable":true,"href":"https:\/\/diariodominicano.com\/index.php?rest_route=%2Fwp%2Fv2%2Ftags&post=162068"}],"curies":[{"name":"wp","href":"https:\/\/api.w.org\/{rel}","templated":true}]}}