{"id":162066,"date":"2014-09-23T18:35:33","date_gmt":"2014-09-23T18:35:33","guid":{"rendered":"http:\/\/diariodominicano.ddns.net\/?p=162066"},"modified":"2014-09-23T18:35:33","modified_gmt":"2014-09-23T18:35:33","slug":"jorge-mera-sentencia-sobre-nacionalidad-disfraza-xenofobia","status":"publish","type":"post","link":"https:\/\/diariodominicano.com\/?p=162066","title":{"rendered":"Jorge Mera: sentencia sobre nacionalidad disfraza xenofobia"},"content":{"rendered":"<p><body><\/p>\n<p><img decoding=\"async\" src=\"img3\/mera 23.jpg\" \/>  <\/p>\n<p>Santo Domingo RD 23 septiembre.- El ex secretario general del Partido Revolucionario Dominicano-PRD-, Orlando Jorge Mera, consider\u00f3 este martes que la peor consecuencia de la sentencia 168-13 del Tribunal Constitucional, que hoy cumple un a\u00f1o, es que disfraza la xenofobia con defensa a soberan\u00eda, y maquillar odio racial con muros y restricciones.<\/p>\n<\/p>\n<p>Entiende que para defender la soberan\u00eda no se requiere de discriminaci\u00f3n, ni odio.<\/p>\n<\/p>\n<p>\u00abUn Estado es fuerte si es firme y al mismo tiempo justo. Defender soberan\u00eda no requiere discriminaci\u00f3n ni odio, solo que se cumpla la ley\u00bb, dijo Jorge Mera a trav\u00e9s de su cuenta de Twitter.<\/p>\n<\/p>\n<h6> 2014-09-23 18:35:33 <\/h6>\n<p><!--\n<link rel=\"stylesheet\" href=\"css\/bootstrap.min.css\">\n\n\n<ul class=\"pagination\">\n\t    \n\t\n\n<li >\n\t<a href='?page_no=14508'>Previous<\/a>\n\t<\/li>\n\n\n       \n    \n\n<li><a href='?page_no=1'>1<\/a><\/li>\n\n\n\n<li><a href='?page_no=2'>2<\/a><\/li>\n\n\n\n<li><a>...<\/a><\/li>\n\n\n\n<li><a href='?page_no=14507'>14507<\/a><\/li>\n\n\n\n<li><a href='?page_no=14508'>14508<\/a><\/li>\n\n\n\n<li class='active'><a>14509<\/a><\/li>\n\n\n\n<li><a href='?page_no=14510'>14510<\/a><\/li>\n\n\n\n<li><a href='?page_no=14511'>14511<\/a><\/li>\n\n\n\n<li><a>...<\/a><\/li>\n\n\n\n<li><a href='?page_no=36999'>36999<\/a><\/li>\n\n\n\n<li><a href='?page_no=37000'>37000<\/a><\/li>\n\n    \n\t\n\n<li >\n\t<a href='?page_no=14510'>Next<\/a>\n\t<\/li>\n\n\n    \n\n<li><a href='?page_no=37000'>Last &rsaquo;&rsaquo;<\/a><\/li>\n\n<\/ul>\n\n\n--><br \/>\n<\/body><\/p>\n","protected":false},"excerpt":{"rendered":"<p>Santo Domingo RD 23 septiembre.- El ex secretario general del Partido Revolucionario Dominicano-PRD-, Orlando Jorge Mera, consider\u00f3 este martes que la peor consecuencia de la sentencia 168-13 del Tribunal Constitucional, que hoy cumple un a\u00f1o, es que disfraza la xenofobia con defensa a soberan\u00eda, y maquillar odio racial con muros y restricciones. Entiende que para [&hellip;]<\/p>\n","protected":false},"author":3,"featured_media":0,"comment_status":"open","ping_status":"open","sticky":false,"template":"","format":"standard","meta":{"footnotes":""},"categories":[22],"tags":[],"class_list":["post-162066","post","type-post","status-publish","format-standard","hentry","category-politica"],"_links":{"self":[{"href":"https:\/\/diariodominicano.com\/index.php?rest_route=\/wp\/v2\/posts\/162066","targetHints":{"allow":["GET"]}}],"collection":[{"href":"https:\/\/diariodominicano.com\/index.php?rest_route=\/wp\/v2\/posts"}],"about":[{"href":"https:\/\/diariodominicano.com\/index.php?rest_route=\/wp\/v2\/types\/post"}],"author":[{"embeddable":true,"href":"https:\/\/diariodominicano.com\/index.php?rest_route=\/wp\/v2\/users\/3"}],"replies":[{"embeddable":true,"href":"https:\/\/diariodominicano.com\/index.php?rest_route=%2Fwp%2Fv2%2Fcomments&post=162066"}],"version-history":[{"count":0,"href":"https:\/\/diariodominicano.com\/index.php?rest_route=\/wp\/v2\/posts\/162066\/revisions"}],"wp:attachment":[{"href":"https:\/\/diariodominicano.com\/index.php?rest_route=%2Fwp%2Fv2%2Fmedia&parent=162066"}],"wp:term":[{"taxonomy":"category","embeddable":true,"href":"https:\/\/diariodominicano.com\/index.php?rest_route=%2Fwp%2Fv2%2Fcategories&post=162066"},{"taxonomy":"post_tag","embeddable":true,"href":"https:\/\/diariodominicano.com\/index.php?rest_route=%2Fwp%2Fv2%2Ftags&post=162066"}],"curies":[{"name":"wp","href":"https:\/\/api.w.org\/{rel}","templated":true}]}}