{"id":162061,"date":"2014-09-23T21:00:23","date_gmt":"2014-09-23T21:00:23","guid":{"rendered":"http:\/\/diariodominicano.ddns.net\/?p=162061"},"modified":"2014-09-23T21:00:23","modified_gmt":"2014-09-23T21:00:23","slug":"presidente-del-prm-afirma-no-hay-marcha-atras-dialogo-con-miguel-vargas-esta-cerrado","status":"publish","type":"post","link":"https:\/\/diariodominicano.com\/?p=162061","title":{"rendered":"Presidente del PRM afirma no hay marcha atr\u00e1s, di\u00e1logo con Miguel Vargas est\u00e1 cerrado"},"content":{"rendered":"<p><body><\/p>\n<p><img decoding=\"async\" src=\"img3\/Andres.jpg\" \/>  <\/p>\n<p><span class=\"text1noticias\">Santo Domingo, RD, 23 de Septiembre.-El presidente del Partido Revolucionario Moderno (PRM) Andr\u00e9s Bautista afirm\u00f3 que no existe la posibilidad de establecer ning\u00fan acuerdo con Miguel Vargas Maldonado, que el di\u00e1logo ya est\u00e1 cerrado.<\/span><\/p>\n<\/p>\n<p><span class=\"text1noticias\">Andr\u00e9s Bautista asegur\u00f3 que no hay marcha atr\u00e1s, luego de luchar por m\u00e1s de dos a\u00f1os para que se respete la democracia interna del Partido Revolucionario Dominicano (PRD) y no se logr\u00f3.<\/span><\/p>\n<\/p>\n<p><span class=\"text1noticias\">Inform\u00f3 que los diputados del PRM desmentir\u00e1n la existencia de un supuesto documento que buscaba la firma para un acuerdo congresional y municipal con Miguel Vargas.<\/span><\/p>\n<\/p>\n<p><span class=\"text1noticias\">Al ser entrevistado por el periodista Salvador Holgu\u00edn en el programa \u00abHilando Fino\u00bb, transmitido por Teleradio Am\u00e9rica canal 45 a la 8 AM, Andr\u00e9s Bautista expres\u00f3 que el PRM ha renunciado a los espect\u00e1culos y rebati\u00f1as vividas en el PRD.<\/span><\/p>\n<\/p>\n<p><strong><span class=\"text1noticias\">Mej\u00eda, Luis Abinader y la candidatura del PRM <\/span><\/strong><\/p>\n<\/p>\n<p><span class=\"text1noticias\">Andr\u00e9s Bautista asegur\u00f3 que no habr\u00e1 ning\u00fan tipo de problema entre el ex presidente Hip\u00f3lito Mej\u00eda y Luis Abinader al momento de elegir el candidato presidencial del PRM.<\/span><\/p>\n<\/p>\n<p><span class=\"text1noticias\">Expres\u00f3 que son totalmente falsos los rumores sobre la supuesta diferencias entre Mej\u00eda y Abinader, y que estos son solo comentarios mal intencionado de los enemigos del referido partido.<\/span><\/p>\n<\/p>\n<p><span class=\"text1noticias\">El presidente del PRM inform\u00f3 que los dirigentes ya mencionados se re\u00fanen peri\u00f3dicamente para trabajar en su proyecto pol\u00edtico.<\/span><\/p>\n<\/p>\n<p><span class=\"text1noticias\">Manifest\u00f3 que la elecci\u00f3n del candidato presidencial no ser\u00e1 un problema y que se contemplan distintas formas de realizarla, entre estas, por consenso entre los aspirante, a trav\u00e9s de una empresa  encuestadora o a trav\u00e9s de una convenci\u00f3n.<\/span><\/p>\n<\/p>\n<p><span class=\"text1noticias\">De esta \u00faltima opci\u00f3n, Bautista dijo que de realizarse, ser\u00e1 sin ning\u00fan conflicto.<\/span><\/p>\n<\/p>\n<p><strong><span class=\"text1noticias\">La Ley de Partidos<\/span><\/strong><\/p>\n<\/p>\n<p><span class=\"text1noticias\">Andr\u00e9s Bautista se refiri\u00f3 al debate por la Ley de  Partido y dijo que esta no resolver\u00e1 los problemas de conducta que reinan en los partidos pol\u00edticos, puesto que el problema no es de la ley sino de los actores.<\/span><\/p>\n<\/p>\n<p><span class=\"text1noticias\">Bautista llam\u00f3 a que se impida la aprobaci\u00f3n del proyecto sobre ley de partidos presentado por el Partido de la Liberaci\u00f3n Dominicana (PLD), y sugieri\u00f3 que se luche por la aprobaci\u00f3n y aplicaci\u00f3n de un marco legal.<\/span><\/p>\n<\/p>\n<p><strong><span class=\"text1noticias\">La modernidad del PRM<\/span><\/strong><\/p>\n<\/p>\n<p><span class=\"text1noticias\">Al hablar directamente del Partido Revolucionario Moderno (PRM), Andr\u00e9s Bautista manifest\u00f3 que este es la segunda fuerza pol\u00edtica del pa\u00eds, y que basa su modernidad en volver a los valores y ponerle un freno a la corrupci\u00f3n y a la impunidad por medio de un gobierno decente.<\/span><\/p>\n<\/p>\n<p><span class=\"text1noticias\">El dirigente pol\u00edtico aseguro que el PRM tiene el compromiso de generar los cambios que el pueblo necesita para tener un mejor pa\u00eds.<\/span><\/p>\n<\/p>\n<p><span class=\"text1noticias\">Bautista dijo que en las pr\u00f3ximas elecciones el PRM va a polarizar el escenario, creando dos polos, el referido partido y el PLD.(HG)<\/span>.<\/p>\n<h6> 2014-09-23 21:00:23 <\/h6>\n<p><!--\n<link rel=\"stylesheet\" href=\"css\/bootstrap.min.css\">\n\n\n<ul class=\"pagination\">\n\t    \n\t\n\n<li >\n\t<a href='?page_no=14503'>Previous<\/a>\n\t<\/li>\n\n\n       \n    \n\n<li><a href='?page_no=1'>1<\/a><\/li>\n\n\n\n<li><a href='?page_no=2'>2<\/a><\/li>\n\n\n\n<li><a>...<\/a><\/li>\n\n\n\n<li><a href='?page_no=14502'>14502<\/a><\/li>\n\n\n\n<li><a href='?page_no=14503'>14503<\/a><\/li>\n\n\n\n<li class='active'><a>14504<\/a><\/li>\n\n\n\n<li><a href='?page_no=14505'>14505<\/a><\/li>\n\n\n\n<li><a href='?page_no=14506'>14506<\/a><\/li>\n\n\n\n<li><a>...<\/a><\/li>\n\n\n\n<li><a href='?page_no=36999'>36999<\/a><\/li>\n\n\n\n<li><a href='?page_no=37000'>37000<\/a><\/li>\n\n    \n\t\n\n<li >\n\t<a href='?page_no=14505'>Next<\/a>\n\t<\/li>\n\n\n    \n\n<li><a href='?page_no=37000'>Last &rsaquo;&rsaquo;<\/a><\/li>\n\n<\/ul>\n\n\n--><br \/>\n<\/body><\/p>\n","protected":false},"excerpt":{"rendered":"<p>Santo Domingo, RD, 23 de Septiembre.-El presidente del Partido Revolucionario Moderno (PRM) Andr\u00e9s Bautista afirm\u00f3 que no existe la posibilidad de establecer ning\u00fan acuerdo con Miguel Vargas Maldonado, que el di\u00e1logo ya est\u00e1 cerrado. Andr\u00e9s Bautista asegur\u00f3 que no hay marcha atr\u00e1s, luego de luchar por m\u00e1s de dos a\u00f1os para que se respete la [&hellip;]<\/p>\n","protected":false},"author":3,"featured_media":0,"comment_status":"open","ping_status":"open","sticky":false,"template":"","format":"standard","meta":{"footnotes":""},"categories":[22],"tags":[],"class_list":["post-162061","post","type-post","status-publish","format-standard","hentry","category-politica"],"_links":{"self":[{"href":"https:\/\/diariodominicano.com\/index.php?rest_route=\/wp\/v2\/posts\/162061","targetHints":{"allow":["GET"]}}],"collection":[{"href":"https:\/\/diariodominicano.com\/index.php?rest_route=\/wp\/v2\/posts"}],"about":[{"href":"https:\/\/diariodominicano.com\/index.php?rest_route=\/wp\/v2\/types\/post"}],"author":[{"embeddable":true,"href":"https:\/\/diariodominicano.com\/index.php?rest_route=\/wp\/v2\/users\/3"}],"replies":[{"embeddable":true,"href":"https:\/\/diariodominicano.com\/index.php?rest_route=%2Fwp%2Fv2%2Fcomments&post=162061"}],"version-history":[{"count":0,"href":"https:\/\/diariodominicano.com\/index.php?rest_route=\/wp\/v2\/posts\/162061\/revisions"}],"wp:attachment":[{"href":"https:\/\/diariodominicano.com\/index.php?rest_route=%2Fwp%2Fv2%2Fmedia&parent=162061"}],"wp:term":[{"taxonomy":"category","embeddable":true,"href":"https:\/\/diariodominicano.com\/index.php?rest_route=%2Fwp%2Fv2%2Fcategories&post=162061"},{"taxonomy":"post_tag","embeddable":true,"href":"https:\/\/diariodominicano.com\/index.php?rest_route=%2Fwp%2Fv2%2Ftags&post=162061"}],"curies":[{"name":"wp","href":"https:\/\/api.w.org\/{rel}","templated":true}]}}