{"id":162057,"date":"2014-09-24T04:33:16","date_gmt":"2014-09-24T04:33:16","guid":{"rendered":"http:\/\/diariodominicano.ddns.net\/?p=162057"},"modified":"2014-09-24T04:33:16","modified_gmt":"2014-09-24T04:33:16","slug":"dirigente-del-prm-en-miami-dice-todavia-no-hay-acuerdo-de-candidaturas-en-ese-partido","status":"publish","type":"post","link":"https:\/\/diariodominicano.com\/?p=162057","title":{"rendered":"Dirigente del PRM en Miami dice todav\u00eda no hay acuerdo de candidaturas en ese partido&#13;"},"content":{"rendered":"<p><body><\/p>\n<p><img decoding=\"async\" src=\"img3\/ramon ceballo 2.jpg\" \/>  <\/p>\n<p><span class=\"text1noticias\">Miami, Florida, 24 de septiembre.- En el Partido Revolucionario Moderno, no hay ning\u00fan acuerdo que implique candidaturas presidenciales, congresuales o municipales dice  el doctor Ram\u00f3n Ceballo, presidente del Comit\u00e9 Federal Sur del PRM. <\/span><\/p>\n<p><span class=\"text1noticias\"> <\/span><\/p>\n<p><span class=\"text1noticias\">Se\u00f1al\u00f3 que los \u00fanicos acuerdos fueron dirigidos a establecer un frente opositor a las acciones antidemocr\u00e1ticas de Miguel Vargas,  Presidente del Partido Revolucionaro Dominicano, (PRD) y orientar esfuerzos para constituir la Convergencia.<\/span><\/p>\n<p><span class=\"text1noticias\"> <\/span><\/p>\n<p><span class=\"text1noticias\">En una asamblea realizada en la ciudad de Tampa, Florida, el doctor Caballo explic\u00f3 que Luis Abinader manifest\u00f3 que la escogencia del candidato presidencial dentro del PRM debe hacerse de manera democr\u00e1tica y no hay ning\u00fan acuerdo debajo de la mesa.<\/span><\/p>\n<p><span class=\"text1noticias\"> <\/span><\/p>\n<p><span class=\"text1noticias\">Ceballo  considera necesario salirle al frente a quienes quieren llevar veneno y desconfianza al partido.<\/span><\/p>\n<p><span class=\"text1noticias\"> <\/span><\/p>\n<p><span class=\"text1noticias\">Record\u00f3 que tambi\u00e9n el ingeniero Hip\u00f3lito Mej\u00eda, se ha referido a que en el Partido Revolucionario Moderno, las candidaturas se obtendr\u00e1n en convenciones democr\u00e1ticas y transparentes.<\/span><\/p>\n<p><span class=\"text1noticias\"> <\/span><\/p>\n<p><span class=\"text1noticias\">En ese sentido hizo un  llamado a los dirigentes y militantes del PRM a que no se dejen confundir por las fuerzas reaccionarias que buscan frenar el desarrollo de este partido moderno y comprometido con producir los cambios que demanda el pa\u00eds.<\/span><\/p>\n<h6> 2014-09-24 04:33:16 <\/h6>\n<p><!--\n<link rel=\"stylesheet\" href=\"css\/bootstrap.min.css\">\n\n\n<ul class=\"pagination\">\n\t    \n\t\n\n<li >\n\t<a href='?page_no=14499'>Previous<\/a>\n\t<\/li>\n\n\n       \n    \n\n<li><a href='?page_no=1'>1<\/a><\/li>\n\n\n\n<li><a href='?page_no=2'>2<\/a><\/li>\n\n\n\n<li><a>...<\/a><\/li>\n\n\n\n<li><a href='?page_no=14498'>14498<\/a><\/li>\n\n\n\n<li><a href='?page_no=14499'>14499<\/a><\/li>\n\n\n\n<li class='active'><a>14500<\/a><\/li>\n\n\n\n<li><a href='?page_no=14501'>14501<\/a><\/li>\n\n\n\n<li><a href='?page_no=14502'>14502<\/a><\/li>\n\n\n\n<li><a>...<\/a><\/li>\n\n\n\n<li><a href='?page_no=36999'>36999<\/a><\/li>\n\n\n\n<li><a href='?page_no=37000'>37000<\/a><\/li>\n\n    \n\t\n\n<li >\n\t<a href='?page_no=14501'>Next<\/a>\n\t<\/li>\n\n\n    \n\n<li><a href='?page_no=37000'>Last &rsaquo;&rsaquo;<\/a><\/li>\n\n<\/ul>\n\n\n--><br \/>\n<\/body><\/p>\n","protected":false},"excerpt":{"rendered":"<p>Miami, Florida, 24 de septiembre.- En el Partido Revolucionario Moderno, no hay ning\u00fan acuerdo que implique candidaturas presidenciales, congresuales o municipales dice el doctor Ram\u00f3n Ceballo, presidente del Comit\u00e9 Federal Sur del PRM. Se\u00f1al\u00f3 que los \u00fanicos acuerdos fueron dirigidos a establecer un frente opositor a las acciones antidemocr\u00e1ticas de Miguel Vargas, Presidente del Partido [&hellip;]<\/p>\n","protected":false},"author":3,"featured_media":0,"comment_status":"open","ping_status":"open","sticky":false,"template":"","format":"standard","meta":{"footnotes":""},"categories":[22],"tags":[],"class_list":["post-162057","post","type-post","status-publish","format-standard","hentry","category-politica"],"_links":{"self":[{"href":"https:\/\/diariodominicano.com\/index.php?rest_route=\/wp\/v2\/posts\/162057","targetHints":{"allow":["GET"]}}],"collection":[{"href":"https:\/\/diariodominicano.com\/index.php?rest_route=\/wp\/v2\/posts"}],"about":[{"href":"https:\/\/diariodominicano.com\/index.php?rest_route=\/wp\/v2\/types\/post"}],"author":[{"embeddable":true,"href":"https:\/\/diariodominicano.com\/index.php?rest_route=\/wp\/v2\/users\/3"}],"replies":[{"embeddable":true,"href":"https:\/\/diariodominicano.com\/index.php?rest_route=%2Fwp%2Fv2%2Fcomments&post=162057"}],"version-history":[{"count":0,"href":"https:\/\/diariodominicano.com\/index.php?rest_route=\/wp\/v2\/posts\/162057\/revisions"}],"wp:attachment":[{"href":"https:\/\/diariodominicano.com\/index.php?rest_route=%2Fwp%2Fv2%2Fmedia&parent=162057"}],"wp:term":[{"taxonomy":"category","embeddable":true,"href":"https:\/\/diariodominicano.com\/index.php?rest_route=%2Fwp%2Fv2%2Fcategories&post=162057"},{"taxonomy":"post_tag","embeddable":true,"href":"https:\/\/diariodominicano.com\/index.php?rest_route=%2Fwp%2Fv2%2Ftags&post=162057"}],"curies":[{"name":"wp","href":"https:\/\/api.w.org\/{rel}","templated":true}]}}