{"id":162054,"date":"2014-09-24T04:56:40","date_gmt":"2014-09-24T04:56:40","guid":{"rendered":"http:\/\/diariodominicano.ddns.net\/?p=162054"},"modified":"2014-09-24T04:56:40","modified_gmt":"2014-09-24T04:56:40","slug":"luis-abinader-utilizara-aplicacion-movil-para-crear-comunidades-y-seguidores-en-las-redes-sociales","status":"publish","type":"post","link":"https:\/\/diariodominicano.com\/?p=162054","title":{"rendered":"Luis Abinader utilizar\u00e1  aplicaci\u00f3n m\u00f3vil para crear comunidades  y seguidores en las redes sociales"},"content":{"rendered":"<p><body><\/p>\n<p><img decoding=\"async\" src=\"img3\/Luis Abinader.jpg\" \/>  <\/p>\n<p><span class=\"text1noticias\">Santo Domingo, R. D., 24 de septiembre.- El aspirante a la candidatura presidencial del Partido Revolucionario Moderno, (PRM) Luis Abinader anunci\u00f3 una nueva aplicaci\u00f3n m\u00f3vil gratuita para los usuarios de celulares inteligentes y tabletas, con el prop\u00f3sito de establecer un contacto m\u00e1s fluido y directo con los seguidores de su proyecto y la sociedad.<\/span><\/p>\n<p><span class=\"text1noticias\"> <\/span><\/p>\n<p><span class=\"text1noticias\">Al hacer la presentaci\u00f3n del nuevo esquema de comunicaci\u00f3n inteligente, el economista y empresario dijo que la aplicaci\u00f3n funcionar\u00e1 como un canal de doble v\u00eda para dar a conocer sus iniciativas pol\u00edticas y propuestas program\u00e1ticas, y conocer las ideas, sugerencias y cr\u00edticas de los ciudadanos que siguen con inter\u00e9s el proceso pol\u00edtico dominicano.<\/span><\/p>\n<p><span class=\"text1noticias\"> <\/span><\/p>\n<p><span class=\"text1noticias\">Abinader afirm\u00f3 que la implantaci\u00f3n del sistema permite trabajar directamente con el amplio segmento de j\u00f3venes que se est\u00e1n incorporando a la vida pol\u00edtica dominicana, a trav\u00e9s de comunidades en las redes sociales.  \u00abNos proponemos tambi\u00e9n utilizar este dispositivo para mejorar la comunicaci\u00f3n interna en el  PRM y apoyar la formaci\u00f3n pol\u00edtica y electoral de miles de dirigentes de nuestro nuevo partido a nivel nacional.<\/span><\/p>\n<p><span class=\"text1noticias\"> <\/span><\/p>\n<p><span class=\"text1noticias\">Luis Abinader mantiene desde hace varios a\u00f1os una consistente presencia en Internet y en las Redes. Su web LuisAbinader.com es un buen exponente de sus actividades, adem\u00e1s de comunicarse de manera regular con sus seguidores a trav\u00e9s de  Facebook, Twitter, YouTube, Instagram y Flickr.<\/span><\/p>\n<p><span class=\"text1noticias\"> <\/span><\/p>\n<p><span class=\"text1noticias\">El licenciado Abinader estuvo acompa\u00f1ado de una representaci\u00f3n de la Juventud Revolucionaria Moderna, integrada por Eilyn Beltr\u00e1n,  Sahiana Quezada, Marcos Baldera, Carlos Mendieta, Dayelin Ceballos, Nilian Reynoso, Gustavo Lara, Cristian S\u00e1nchez, Jheyson Castillo, Edgar Batista y Jimmy Rosario.<\/span><\/p>\n<p><span class=\"text1noticias\"> <\/span><\/p>\n<p><span class=\"text1noticias\">Batista, experto en tecnolog\u00eda digital, y Rosario, conductor del programa radial en D\u00edgitos, ofrecieron las explicaciones t\u00e9cnicas del nuevo proyecto de comunicaci\u00f3n inteligente.<\/span><\/p>\n<p><span class=\"text1noticias\"> <\/span><\/p>\n<p><span class=\"text1noticias\">Con esta aplicaci\u00f3n, indicaron,  se busca  abrir una v\u00eda de conexi\u00f3n para aquellos que quieren seguir m\u00e1s de cerca los avances del proyecto de cambio representado por Luis Abinader, y operar al mismo tiempo como canal para que los j\u00f3venes y ciudadanos en general puedan expresar a trav\u00e9s de un formulario sus propuestas o inquietudes.<\/span><\/p>\n<p><span class=\"text1noticias\"> <\/span><\/p>\n<p><span class=\"text1noticias\">Definieron la nueva app como una aplicaci\u00f3n sencilla, ligera y r\u00e1pida, que puede ser descargada desde la p\u00e1gina web y desde los \u00abmarkets\u00bb de Google y Apple, proporcionando siempre una l\u00ednea de informaci\u00f3n actualizada sobre todos los temas que interesan a los j\u00f3venes y a toda la so<\/span>ciedad.<\/p>\n<h6> 2014-09-24 04:56:40 <\/h6>\n<p><!--\n<link rel=\"stylesheet\" href=\"css\/bootstrap.min.css\">\n\n\n<ul class=\"pagination\">\n\t    \n\t\n\n<li >\n\t<a href='?page_no=14498'>Previous<\/a>\n\t<\/li>\n\n\n       \n    \n\n<li><a href='?page_no=1'>1<\/a><\/li>\n\n\n\n<li><a href='?page_no=2'>2<\/a><\/li>\n\n\n\n<li><a>...<\/a><\/li>\n\n\n\n<li><a href='?page_no=14497'>14497<\/a><\/li>\n\n\n\n<li><a href='?page_no=14498'>14498<\/a><\/li>\n\n\n\n<li class='active'><a>14499<\/a><\/li>\n\n\n\n<li><a href='?page_no=14500'>14500<\/a><\/li>\n\n\n\n<li><a href='?page_no=14501'>14501<\/a><\/li>\n\n\n\n<li><a>...<\/a><\/li>\n\n\n\n<li><a href='?page_no=36999'>36999<\/a><\/li>\n\n\n\n<li><a href='?page_no=37000'>37000<\/a><\/li>\n\n    \n\t\n\n<li >\n\t<a href='?page_no=14500'>Next<\/a>\n\t<\/li>\n\n\n    \n\n<li><a href='?page_no=37000'>Last &rsaquo;&rsaquo;<\/a><\/li>\n\n<\/ul>\n\n\n--><br \/>\n<\/body><\/p>\n","protected":false},"excerpt":{"rendered":"<p>Santo Domingo, R. D., 24 de septiembre.- El aspirante a la candidatura presidencial del Partido Revolucionario Moderno, (PRM) Luis Abinader anunci\u00f3 una nueva aplicaci\u00f3n m\u00f3vil gratuita para los usuarios de celulares inteligentes y tabletas, con el prop\u00f3sito de establecer un contacto m\u00e1s fluido y directo con los seguidores de su proyecto y la sociedad. Al [&hellip;]<\/p>\n","protected":false},"author":3,"featured_media":0,"comment_status":"open","ping_status":"open","sticky":false,"template":"","format":"standard","meta":{"footnotes":""},"categories":[22],"tags":[],"class_list":["post-162054","post","type-post","status-publish","format-standard","hentry","category-politica"],"_links":{"self":[{"href":"https:\/\/diariodominicano.com\/index.php?rest_route=\/wp\/v2\/posts\/162054","targetHints":{"allow":["GET"]}}],"collection":[{"href":"https:\/\/diariodominicano.com\/index.php?rest_route=\/wp\/v2\/posts"}],"about":[{"href":"https:\/\/diariodominicano.com\/index.php?rest_route=\/wp\/v2\/types\/post"}],"author":[{"embeddable":true,"href":"https:\/\/diariodominicano.com\/index.php?rest_route=\/wp\/v2\/users\/3"}],"replies":[{"embeddable":true,"href":"https:\/\/diariodominicano.com\/index.php?rest_route=%2Fwp%2Fv2%2Fcomments&post=162054"}],"version-history":[{"count":0,"href":"https:\/\/diariodominicano.com\/index.php?rest_route=\/wp\/v2\/posts\/162054\/revisions"}],"wp:attachment":[{"href":"https:\/\/diariodominicano.com\/index.php?rest_route=%2Fwp%2Fv2%2Fmedia&parent=162054"}],"wp:term":[{"taxonomy":"category","embeddable":true,"href":"https:\/\/diariodominicano.com\/index.php?rest_route=%2Fwp%2Fv2%2Fcategories&post=162054"},{"taxonomy":"post_tag","embeddable":true,"href":"https:\/\/diariodominicano.com\/index.php?rest_route=%2Fwp%2Fv2%2Ftags&post=162054"}],"curies":[{"name":"wp","href":"https:\/\/api.w.org\/{rel}","templated":true}]}}