{"id":162053,"date":"2014-09-24T06:41:48","date_gmt":"2014-09-24T06:41:48","guid":{"rendered":"http:\/\/diariodominicano.ddns.net\/?p=162053"},"modified":"2014-09-24T06:41:48","modified_gmt":"2014-09-24T06:41:48","slug":"aprueban-proyecto-que-prohibe-moviles-en-carceles","status":"publish","type":"post","link":"https:\/\/diariodominicano.com\/?p=162053","title":{"rendered":"Aprueban proyecto que prohibe  m\u00f3viles en c\u00e1rceles"},"content":{"rendered":"<p><body><\/p>\n<\/p>\n<p><span class=\"text1noticias\">SANTO DOMIMNGO, RD, 23 de Septiembre de 2014.- La C\u00e1mara de Diputados declar\u00f3 de urgencia y aprob\u00f3 ayer el proyecto que proh\u00edbe el uso de tel\u00e9fonos celulares en las c\u00e1rceles y dispone el bloqueo de se\u00f1ales de estos aparatos en los centros de reclusi\u00f3n.La iniciativa es del diputado oficialista Juan Julio Campos, quien al tomar un turno previo a su aprobaci\u00f3n, motiv\u00f3 el proyecto alegando que el mismo era necesario porque ayudar\u00eda a prevenir los robos, el tr\u00e1fico de drogas y otros delitos que cometen los reclusos desde las c\u00e1rceles nacionales.<\/span><\/p>\n<\/p>\n<p><span class=\"text1noticias\">Durante la sesi\u00f3n, la C\u00e1mara Baja ratific\u00f3 un convenio de pr\u00e9stamo por 17 millones 722 mil 966 euros, para ser utilizados en el equipamiento de alta tecnolog\u00eda del Instituto Nacional del C\u00e1ncer Rosa Emilia Tavares (Incart).<\/span><\/p>\n<\/p>\n<p><span class=\"text1noticias\">Los diputados aprobaron en primera lectura dos proyectos que fueron fusionados, mediante el cual se crea el Centro de Registro Nacional de Ofensores Sexuales.<\/span><\/p>\n<\/p>\n<p><span class=\"text1noticias\">Tambi\u00e9n aprobaron una resoluci\u00f3n mediante la cual se otorga un pergamino de reconocimiento a Leopoldo Manuel D\u00edaz Henr\u00edquez, por su labor como presidente de Hogares Crea.<\/span><\/p>\n<\/p>\n<p><span class=\"text1noticias\">Restringir la entrada de visitas<\/span><\/p>\n<\/p>\n<p><span class=\"text1noticias\">Durante la sesi\u00f3n, el presidente de la C\u00e1mara de Diputados, Abel Mart\u00ednez, advirti\u00f3 sobre la entrada de personas no autorizadas al hemiciclo, as\u00ed como el porte de arma de fuego. Tambi\u00e9n record\u00f3 que el comedor legislativo es de uso exclusivo de los diputados y no de sus familiares. <\/span><\/p>\n<\/p>\n<p><span class=\"text1noticias\">Mientras que el diputado reformista Marino Collante apoy\u00f3 a Mart\u00ednez y se\u00f1al\u00f3 que algunos de sus colegas se llevan \u00abcantinas\u00bb de comidas de ese comedor para sus casas.<\/span><\/p>\n<\/p>\n<\/p>\n<h6> 2014-09-24 06:41:48 <\/h6>\n<p><!--\n<link rel=\"stylesheet\" href=\"css\/bootstrap.min.css\">\n\n\n<ul class=\"pagination\">\n\t    \n\t\n\n<li >\n\t<a href='?page_no=14497'>Previous<\/a>\n\t<\/li>\n\n\n       \n    \n\n<li><a href='?page_no=1'>1<\/a><\/li>\n\n\n\n<li><a href='?page_no=2'>2<\/a><\/li>\n\n\n\n<li><a>...<\/a><\/li>\n\n\n\n<li><a href='?page_no=14496'>14496<\/a><\/li>\n\n\n\n<li><a href='?page_no=14497'>14497<\/a><\/li>\n\n\n\n<li class='active'><a>14498<\/a><\/li>\n\n\n\n<li><a href='?page_no=14499'>14499<\/a><\/li>\n\n\n\n<li><a href='?page_no=14500'>14500<\/a><\/li>\n\n\n\n<li><a>...<\/a><\/li>\n\n\n\n<li><a href='?page_no=36999'>36999<\/a><\/li>\n\n\n\n<li><a href='?page_no=37000'>37000<\/a><\/li>\n\n    \n\t\n\n<li >\n\t<a href='?page_no=14499'>Next<\/a>\n\t<\/li>\n\n\n    \n\n<li><a href='?page_no=37000'>Last &rsaquo;&rsaquo;<\/a><\/li>\n\n<\/ul>\n\n\n--><br \/>\n<\/body><\/p>\n","protected":false},"excerpt":{"rendered":"<p>SANTO DOMIMNGO, RD, 23 de Septiembre de 2014.- La C\u00e1mara de Diputados declar\u00f3 de urgencia y aprob\u00f3 ayer el proyecto que proh\u00edbe el uso de tel\u00e9fonos celulares en las c\u00e1rceles y dispone el bloqueo de se\u00f1ales de estos aparatos en los centros de reclusi\u00f3n.La iniciativa es del diputado oficialista Juan Julio Campos, quien al tomar [&hellip;]<\/p>\n","protected":false},"author":3,"featured_media":0,"comment_status":"open","ping_status":"open","sticky":false,"template":"","format":"standard","meta":{"footnotes":""},"categories":[22],"tags":[],"class_list":["post-162053","post","type-post","status-publish","format-standard","hentry","category-politica"],"_links":{"self":[{"href":"https:\/\/diariodominicano.com\/index.php?rest_route=\/wp\/v2\/posts\/162053","targetHints":{"allow":["GET"]}}],"collection":[{"href":"https:\/\/diariodominicano.com\/index.php?rest_route=\/wp\/v2\/posts"}],"about":[{"href":"https:\/\/diariodominicano.com\/index.php?rest_route=\/wp\/v2\/types\/post"}],"author":[{"embeddable":true,"href":"https:\/\/diariodominicano.com\/index.php?rest_route=\/wp\/v2\/users\/3"}],"replies":[{"embeddable":true,"href":"https:\/\/diariodominicano.com\/index.php?rest_route=%2Fwp%2Fv2%2Fcomments&post=162053"}],"version-history":[{"count":0,"href":"https:\/\/diariodominicano.com\/index.php?rest_route=\/wp\/v2\/posts\/162053\/revisions"}],"wp:attachment":[{"href":"https:\/\/diariodominicano.com\/index.php?rest_route=%2Fwp%2Fv2%2Fmedia&parent=162053"}],"wp:term":[{"taxonomy":"category","embeddable":true,"href":"https:\/\/diariodominicano.com\/index.php?rest_route=%2Fwp%2Fv2%2Fcategories&post=162053"},{"taxonomy":"post_tag","embeddable":true,"href":"https:\/\/diariodominicano.com\/index.php?rest_route=%2Fwp%2Fv2%2Ftags&post=162053"}],"curies":[{"name":"wp","href":"https:\/\/api.w.org\/{rel}","templated":true}]}}