{"id":162052,"date":"2014-09-24T14:06:01","date_gmt":"2014-09-24T14:06:01","guid":{"rendered":"http:\/\/diariodominicano.ddns.net\/?p=162052"},"modified":"2014-09-24T14:06:01","modified_gmt":"2014-09-24T14:06:01","slug":"dominicanos-radicados-en-boston-piden-a-leonel-que-se-postule-para-el-2016","status":"publish","type":"post","link":"https:\/\/diariodominicano.com\/?p=162052","title":{"rendered":"Dominicanos radicados en Boston piden a Leonel que se postule para el 2016"},"content":{"rendered":"<p><body><\/p>\n<p><img decoding=\"async\" src=\"img3\/leo 24.jpg\" \/>  <\/p>\n<p>Boston(Massachusetts) 24 septiembre.-Cientos de dominicanos radicados en esta ciudad y otros puntos del Estado de Massachussets se congregaron este martes para expresarle su respaldo al expresidente Leonel Fern\u00e1ndez ante una posible postulaci\u00f3n suya con miras a las elecciones previstas para el 2016.<\/p>\n<\/p>\n<p>El encuentro fue organizado por integrantes del Partido de la Liberaci\u00f3n Dominicana en la Seccional Regional de Nueva Inglaterra, con sede en Boston y miembros de los movimientos Mujeres Independientes con Leonel (MIL) y Juventud de Leonel (JUDEL) en esta ciudad de Boston. Asistieron legisladores, miembros del Comit\u00e9 Central y enlaces del PLD en diferentes ciudades de este Estado.<\/p>\n<\/p>\n<p>En el encuentro hablaron representantes de JUDEL y MIL en Boston, as\u00ed como Dominico Cabral, presidente de la Seccional del PLD en Nueva Inglaterra.<\/p>\n<\/p>\n<p>En sus respectivas intervenciones, los dirigentes peledeistas coincidieron en pedirle al ex presidente Fern\u00e1ndez que acepte ya su postulaci\u00f3n a la Presidencia de la Rep\u00fablica, al tiempo que se mostraron decididos a trabajar para garantizarle el triunfo.<\/p>\n<\/p>\n<p>\u00abPara que haya m\u00e1s uniformes gratis para los estudiantes, m\u00e1s desayuno escolar, m\u00e1s t\u00faneles, m\u00e1s puentes, m\u00e1s elevados y m\u00e1s inversi\u00f3n en la agricultura, es necesario que usted acepte la postulaci\u00f3n\u00bb, proclam\u00f3 Cabral.<\/p>\n<\/p>\n<p>De su lado, el expresidente Fern\u00e1ndez agradeci\u00f3 el apoyo y afirm\u00f3 que la concentraci\u00f3n constituye una demostraci\u00f3n de que los dominicanos radicados en el exterior reconocen los grandes avances que ha logrado su pa\u00eds bajo los gobiernos del Partido de la Liberaci\u00f3n Dominicana (PLD).<\/p>\n<\/p>\n<p>El ex jefe de Estado afirm\u00f3 que durante los mandatos gubernamentales del PLD, la Rep\u00fablica Dominicana ha experimentado grandes transformaciones, lo que seg\u00fan dijo constituye una forma de honrar la memoria del profesor Juan Bosch, fundador de esa organizaci\u00f3n pol\u00edtica.<\/p>\n<\/p>\n<p>Seg\u00fan el expresidente Fern\u00e1ndez, en lo adelante la principal meta de la Rep\u00fablica Dominicana debe ser consolidar los logros alcanzados y continuar trabajando con miras a seguir mejorando las condiciones de vida de la poblaci\u00f3n.<\/p>\n<\/p>\n<p>Fern\u00e1ndez indic\u00f3 que es en esa direcci\u00f3n que marcha la obra que est\u00e1 ejecutando el actual gobierno, encabezado por el Licenciado Danilo Medina, a la que defini\u00f3 como una buena gesti\u00f3n.<\/p>\n<p>En el marco de su intervenci\u00f3n, el ex gobernante tambi\u00e9n reiter\u00f3 su vaticinio de que el PLD continuar\u00e1 dirigiendo los destinos de la Rep\u00fablica Dominicana m\u00e1s all\u00e1 del a\u00f1o 2016, fecha en que termina el actual cuatrienio gubernamental.<\/p>\n<h6> 2014-09-24 14:06:01 <\/h6>\n<p><!--\n<link rel=\"stylesheet\" href=\"css\/bootstrap.min.css\">\n\n\n<ul class=\"pagination\">\n\t    \n\t\n\n<li >\n\t<a href='?page_no=14496'>Previous<\/a>\n\t<\/li>\n\n\n       \n    \n\n<li><a href='?page_no=1'>1<\/a><\/li>\n\n\n\n<li><a href='?page_no=2'>2<\/a><\/li>\n\n\n\n<li><a>...<\/a><\/li>\n\n\n\n<li><a href='?page_no=14495'>14495<\/a><\/li>\n\n\n\n<li><a href='?page_no=14496'>14496<\/a><\/li>\n\n\n\n<li class='active'><a>14497<\/a><\/li>\n\n\n\n<li><a href='?page_no=14498'>14498<\/a><\/li>\n\n\n\n<li><a href='?page_no=14499'>14499<\/a><\/li>\n\n\n\n<li><a>...<\/a><\/li>\n\n\n\n<li><a href='?page_no=36999'>36999<\/a><\/li>\n\n\n\n<li><a href='?page_no=37000'>37000<\/a><\/li>\n\n    \n\t\n\n<li >\n\t<a href='?page_no=14498'>Next<\/a>\n\t<\/li>\n\n\n    \n\n<li><a href='?page_no=37000'>Last &rsaquo;&rsaquo;<\/a><\/li>\n\n<\/ul>\n\n\n--><br \/>\n<\/body><\/p>\n","protected":false},"excerpt":{"rendered":"<p>Boston(Massachusetts) 24 septiembre.-Cientos de dominicanos radicados en esta ciudad y otros puntos del Estado de Massachussets se congregaron este martes para expresarle su respaldo al expresidente Leonel Fern\u00e1ndez ante una posible postulaci\u00f3n suya con miras a las elecciones previstas para el 2016. El encuentro fue organizado por integrantes del Partido de la Liberaci\u00f3n Dominicana en [&hellip;]<\/p>\n","protected":false},"author":3,"featured_media":0,"comment_status":"open","ping_status":"open","sticky":false,"template":"","format":"standard","meta":{"footnotes":""},"categories":[22],"tags":[],"class_list":["post-162052","post","type-post","status-publish","format-standard","hentry","category-politica"],"_links":{"self":[{"href":"https:\/\/diariodominicano.com\/index.php?rest_route=\/wp\/v2\/posts\/162052","targetHints":{"allow":["GET"]}}],"collection":[{"href":"https:\/\/diariodominicano.com\/index.php?rest_route=\/wp\/v2\/posts"}],"about":[{"href":"https:\/\/diariodominicano.com\/index.php?rest_route=\/wp\/v2\/types\/post"}],"author":[{"embeddable":true,"href":"https:\/\/diariodominicano.com\/index.php?rest_route=\/wp\/v2\/users\/3"}],"replies":[{"embeddable":true,"href":"https:\/\/diariodominicano.com\/index.php?rest_route=%2Fwp%2Fv2%2Fcomments&post=162052"}],"version-history":[{"count":0,"href":"https:\/\/diariodominicano.com\/index.php?rest_route=\/wp\/v2\/posts\/162052\/revisions"}],"wp:attachment":[{"href":"https:\/\/diariodominicano.com\/index.php?rest_route=%2Fwp%2Fv2%2Fmedia&parent=162052"}],"wp:term":[{"taxonomy":"category","embeddable":true,"href":"https:\/\/diariodominicano.com\/index.php?rest_route=%2Fwp%2Fv2%2Fcategories&post=162052"},{"taxonomy":"post_tag","embeddable":true,"href":"https:\/\/diariodominicano.com\/index.php?rest_route=%2Fwp%2Fv2%2Ftags&post=162052"}],"curies":[{"name":"wp","href":"https:\/\/api.w.org\/{rel}","templated":true}]}}