{"id":162051,"date":"2014-09-24T14:27:25","date_gmt":"2014-09-24T14:27:25","guid":{"rendered":"http:\/\/diariodominicano.ddns.net\/?p=162051"},"modified":"2014-09-24T14:27:25","modified_gmt":"2014-09-24T14:27:25","slug":"realizan-lanzamiento-formal-de-la-direccion-provincial-de-la-convergencia","status":"publish","type":"post","link":"https:\/\/diariodominicano.com\/?p=162051","title":{"rendered":"Realizan lanzamiento formal de la direcci\u00f3n provincial de la Convergencia"},"content":{"rendered":"<p><body><\/p>\n<p><img decoding=\"async\" src=\"img3\/conver 3.jpg\" \/><br \/><img decoding=\"async\" src=\"img3\/conmver 2.jpg\" \/><br \/><img decoding=\"async\" src=\"img3\/conver 24.jpg\" \/>  <\/p>\n<p>San Francisco de Macoris RD 24 septiembre.- Con la asistencia  de una entusiasta multitud que abarrot\u00f3 el amplio sal\u00f3n del Club Esperanza en San Francisco de Macor\u00eds,  fue realizado  el acto formal de lanzamiento y manifiesto de la direcci\u00f3n Provincial de Convergencia Por Un Mejor Pa\u00eds, la ma\u00f1ana del domingo 21 de septiembre, 2014.<\/p>\n<\/p>\n<p>Los equipos de trabajos pol\u00edticos  en toda la provincia Duarte de Convergencia,  fueron juramentados por el coordinador  nacional y activista  de La Multitud, ing. Hecmilio Galv\u00e1n.<\/p>\n<\/p>\n<p>En la actividad hablaron los dirigentes  Estevin Paulino, (La Multitud), Cristian Santos (Sociedad Civil), Yudelka  de  la Cruz, (Uni\u00f3n de Juntas de Vecinos Las Guaranas), doctor Francisco  de Jes\u00fas Sarante (PRM), Jos\u00e9 Alfonseca (Frente Amplio).<\/p>\n<\/p>\n<p>Adem\u00e1s, Emilio Gor\u00eds, coordinador  regional de Convergencia y dirigente del PHD y Hecmilio Galv\u00e1n, (La Multitud). <\/p>\n<p>Entusiasta multitud asiste acto de lanzamiento Convergencia provincia DuarteAl masivo acto asistieron adem\u00e1s,  el lic. Siquio NG de la Rosa, el diputado Olmedo Caba Romano, el prof. V\u00edctor Batista, Rafael Abreu (Cuchito), el lic. Luis  Ernesto Camilo, el prof. Marino Collado, Antonio F\u00e9lix (El Gallego), lic. Jorge Pe\u00f1a, Miguel Escoto, de Villa Tapia, entre otros.<\/p>\n<\/p>\n<p>La Convergencia Por Un  Mejor Pa\u00eds, aglutina un grupo de partidos, movimientos, organizaciones  sociales y  personas  individuales,  entre ellos: Revolucionario Moderno (PRM), Humanista Dominicano (PHD), La Multitud, Sociedad Civil, El Frente Amplio, entre  otros.<\/p>\n<\/p>\n<p><strong>Protocolo de acuerdos<\/strong><\/p>\n<\/p>\n<p>El protocolo de acuerdos entre los que aglutinan a Convergencia, tiene como prop\u00f3sito ordenar  las relaciones  y actividades entre los mismos con el compromiso  de acompa\u00f1ar  a la sociedad  en sus demandas pol\u00edticas  y sociales  y en ese proceso  disantir  y concertar un acuerdo pol\u00edtico fundamentado  en un proyecto de naci\u00f3n, una plataforma  program\u00e1tica  y un  compromiso  de  gobierno con cobertura  a los municipios y la provincia.<\/p>\n<\/p>\n<p>Expresa que la pobreza absoluta  y  relativa  se mantiene  constante, impactando los diversos sectores productivos  de  la naci\u00f3n, se dificulta a  segmento del empresariado peque\u00f1o y mediado , vivimos en una sociedad  marcada  por  grandes  d\u00e9ficit econ\u00f3micos  y sociales.<\/p>\n<\/p>\n<p>Conjuntamente con la inequidad  econ\u00f3mica  y social  la gesti\u00f3n del Estado se  caracteriza  por el abandono de sus responsabilidades  y funciones  p\u00fablicas en  lo referente  a la defensa  del  patrimonio nacional, redistribuci\u00f3n de  las riquezas, equiparaci\u00f3n  de  oportunidades  y  provisi\u00f3n  de servicios  y condiciones  b\u00e1sicas para una convivencia  con dignidad.<\/p>\n<\/p>\n<p>Indica que el corporaci\u00f3n PLD a insentado  grandes   golpes institucionales  con la concentraci\u00f3n y  dominio de todas  las  instancias de  decisi\u00f3n  y el control y uso  corporativo del  poder del Estado para sostener el poder, est\u00e1  lacera   y pone en  peligro  la democracia  y  la gobernabilidad  de la Rep\u00fablica Dominicana.<\/p>\n<\/p>\n<p>Adem\u00e1s del clientelismo, la cooptaci\u00f3n  y sometimiento de  voluntades sociales, econ\u00f3micas y  pol\u00edticas mediante el  uso del  poder  del Estado se  han constituido  en rasgos  fundamentales para  profundizar  y expandir  el dominio  pol\u00edtico del partido  de  gobierno, alterando  profundamente la  equidad electoral.<\/p>\n<\/p>\n<p>Y a\u00f1ade, que la  vida  p\u00fablica e institucional se encuentra  secuestrada  y en proceso de franco deterioro, el gobierno de Danilo Medina  contin\u00faa  el ritmo de endeudamiento de  su antecesor, exhibiendo  una diferencia m\u00e1s de estilo que de fondo.<\/p>\n<p>PLD corporaci\u00f3n nefasta<\/p>\n<\/p>\n<p>Los dirigentes que agotaron turnos en el acto de formal  lanzamiento  y manifiesto de Convergencia coincidieron  en se\u00f1alar  que durante m\u00e1s de 14 a\u00f1os de gobierno de la corporaci\u00f3n PLD, esa nefasta maquinaria pol\u00edtica encabezada por Leonel Fern\u00e1ndez y Danilo Medina, ha concentrado grandes recursos econ\u00f3micos, estableciendo y desarrollando un sistema de corrupci\u00f3n p\u00fablica que les ha permitido agenciarse un electorado solo sobre la base de pol\u00edticas clientelares, sustentadas en el control hegem\u00f3nico de las instituciones del Estado.<\/p>\n<\/p>\n<p>Consideraron que por esas razones se hace necesario que todos los dominicanos y dominicanas hagamos conciencia de la necesidad de organizarnos con el prop\u00f3sito de desplazar del poder en el 2016 a ese grupo de corruptos incumplidores y enemigos jurados de los m\u00e1s sanos intereses de nuestra naci\u00f3n.<\/p>\n<h6> 2014-09-24 14:27:25 <\/h6>\n<p><!--\n<link rel=\"stylesheet\" href=\"css\/bootstrap.min.css\">\n\n\n<ul class=\"pagination\">\n\t    \n\t\n\n<li >\n\t<a href='?page_no=14495'>Previous<\/a>\n\t<\/li>\n\n\n       \n    \n\n<li><a href='?page_no=1'>1<\/a><\/li>\n\n\n\n<li><a href='?page_no=2'>2<\/a><\/li>\n\n\n\n<li><a>...<\/a><\/li>\n\n\n\n<li><a href='?page_no=14494'>14494<\/a><\/li>\n\n\n\n<li><a href='?page_no=14495'>14495<\/a><\/li>\n\n\n\n<li class='active'><a>14496<\/a><\/li>\n\n\n\n<li><a href='?page_no=14497'>14497<\/a><\/li>\n\n\n\n<li><a href='?page_no=14498'>14498<\/a><\/li>\n\n\n\n<li><a>...<\/a><\/li>\n\n\n\n<li><a href='?page_no=36999'>36999<\/a><\/li>\n\n\n\n<li><a href='?page_no=37000'>37000<\/a><\/li>\n\n    \n\t\n\n<li >\n\t<a href='?page_no=14497'>Next<\/a>\n\t<\/li>\n\n\n    \n\n<li><a href='?page_no=37000'>Last &rsaquo;&rsaquo;<\/a><\/li>\n\n<\/ul>\n\n\n--><br \/>\n<\/body><\/p>\n","protected":false},"excerpt":{"rendered":"<p>San Francisco de Macoris RD 24 septiembre.- Con la asistencia de una entusiasta multitud que abarrot\u00f3 el amplio sal\u00f3n del Club Esperanza en San Francisco de Macor\u00eds, fue realizado el acto formal de lanzamiento y manifiesto de la direcci\u00f3n Provincial de Convergencia Por Un Mejor Pa\u00eds, la ma\u00f1ana del domingo 21 de septiembre, 2014. Los [&hellip;]<\/p>\n","protected":false},"author":3,"featured_media":0,"comment_status":"open","ping_status":"open","sticky":false,"template":"","format":"standard","meta":{"footnotes":""},"categories":[22],"tags":[],"class_list":["post-162051","post","type-post","status-publish","format-standard","hentry","category-politica"],"_links":{"self":[{"href":"https:\/\/diariodominicano.com\/index.php?rest_route=\/wp\/v2\/posts\/162051","targetHints":{"allow":["GET"]}}],"collection":[{"href":"https:\/\/diariodominicano.com\/index.php?rest_route=\/wp\/v2\/posts"}],"about":[{"href":"https:\/\/diariodominicano.com\/index.php?rest_route=\/wp\/v2\/types\/post"}],"author":[{"embeddable":true,"href":"https:\/\/diariodominicano.com\/index.php?rest_route=\/wp\/v2\/users\/3"}],"replies":[{"embeddable":true,"href":"https:\/\/diariodominicano.com\/index.php?rest_route=%2Fwp%2Fv2%2Fcomments&post=162051"}],"version-history":[{"count":0,"href":"https:\/\/diariodominicano.com\/index.php?rest_route=\/wp\/v2\/posts\/162051\/revisions"}],"wp:attachment":[{"href":"https:\/\/diariodominicano.com\/index.php?rest_route=%2Fwp%2Fv2%2Fmedia&parent=162051"}],"wp:term":[{"taxonomy":"category","embeddable":true,"href":"https:\/\/diariodominicano.com\/index.php?rest_route=%2Fwp%2Fv2%2Fcategories&post=162051"},{"taxonomy":"post_tag","embeddable":true,"href":"https:\/\/diariodominicano.com\/index.php?rest_route=%2Fwp%2Fv2%2Ftags&post=162051"}],"curies":[{"name":"wp","href":"https:\/\/api.w.org\/{rel}","templated":true}]}}