{"id":162050,"date":"2014-09-24T17:47:36","date_gmt":"2014-09-24T17:47:36","guid":{"rendered":"http:\/\/diariodominicano.ddns.net\/?p=162050"},"modified":"2014-09-24T17:47:36","modified_gmt":"2014-09-24T17:47:36","slug":"partidos-latinoamericanos-inician-este-jueves-el-v-encuentro-de-lideres-de-las-juventudes","status":"publish","type":"post","link":"https:\/\/diariodominicano.com\/?p=162050","title":{"rendered":"&#13;&#13;Partidos Latinoamericanos inician este jueves el V Encuentro de L\u00edderes de las Juventudes"},"content":{"rendered":"<p><body><\/p>\n<p><img decoding=\"async\" src=\"img3\/quique 24.jpg\" \/>  <\/p>\n<p>N HOTEL PLAZA NACO:<\/p>\n<\/p>\n<p>Partidos Latinoamericanos inician este jueves el V Encuentro de L\u00edderes de las Juventudes<\/p>\n<\/p>\n<p>La Uni\u00f3n de Partidos Latinoamericanos (UPLA) dar\u00e1 inicio este jueves en Santo Domingo al V Encuentro de L\u00edderes de las Juventudes de las organizaciones miembros de la entidad regional, en el que participar\u00e1n delegados de una veintena de pa\u00edses.<\/p>\n<\/p>\n<p>El encuentro de la UPLA, cuyo vicepresidente es el ingeniero Federico Ant\u00fan Batlle (Quique), quien a su vez es el presidente del Partido Reformista Social Cristiano, se extender\u00e1 hasta el domingo 28 de septiembre, fecha en que est\u00e1 programado el acto de clausura.<\/p>\n<\/p>\n<p>Tanto el PRSC como la Fuerza Nacional Progresista (FNP) son miembros fundadores de la organizaci\u00f3n regional.<\/p>\n<\/p>\n<p>Los organizadores del evento informaron que desde este mi\u00e9rcoles comenzaron a llegar representantes de unos veinte partidos pol\u00edticos de igual cantidad de paises, los cuales est\u00e1n siendo invitados a una cena esta noche por parte de la direcci\u00f3n del PRSC y en la cual el  primer vicepresidente de la organizaci\u00f3n, Louis Bogaert, dar\u00e1 la bienvenida en nombre del ingeniero Quique Ant\u00fan, quien se encuentra en el exterior cumpliendo trabajos propios de sus funciones pol\u00edticas y se reintegrar\u00e1 al evento en el transcurso de su desarrollo.<\/p>\n<\/p>\n<p>El inicio formal del encuentro est\u00e1 fijado para las 9:30 de la ma\u00f1ana de este jueves en el Hotel Plaza Naco, en el que dar\u00e1n las palabras de bienvenidas un representante de la Fuerza Nacional Progresista (FNP), el presidente del Frente de la Juventud del PRSC, Peter S\u00e1nchez Aristy; Carlos Modesto Guzm\u00e1n, secretario nacional de la JRSC, y Nicol\u00e1s Figari, Director Ejecutivo de la UPLA.<\/p>\n<\/p>\n<p>Ese mismo d\u00eda, a las 11:00 de la ma\u00f1ana, ser\u00e1 dictada la conferencia \u00abLa Uni\u00f3n de Partidos Latinoamericanos y su trabajo en el Continente\u00bb a cargo de Nicol\u00e1s Figari, de la UPLA.<\/p>\n<\/p>\n<p>Otra conferencia, titulada \u00abEl Reto del Desarrollo Humano en Am\u00e9rica Latina\u00bb, ser\u00e1 dictada a partir de las 12:30 de la tarde por el director del Instituto de Formaci\u00f3n Pol\u00edtica  (IFP) Dr. Joaqu\u00edn Balaguer, Frank Mart\u00ednez.<\/p>\n<\/p>\n<p>El secretario de Disciplina del PRSC, Joan Fern\u00e1ndez, disertar\u00e1 a las 3:30 de la tarde sobre \u00abValores politicos como remedio a la apatia juvenil\u00bb.<\/p>\n<\/p>\n<p>El vicepresidente del Partido Reformista, Sergio Cede\u00f1o, dictar\u00e1 a partir de las 5:00 de la tarde de ese jueves una conferencia titulada \u00abEl PRSC Un Nuevo Comienzo\u00bb.<\/p>\n<\/p>\n<p>El viernes 26 disertar\u00e1n el vicepresidente de la Fuerza Nacional Progresista, Pelegr\u00edn Castillo, y Mirelys Uceta, diputado del PRSC en el Parlamento Centroamericano (Parlacen). Esta \u00faltima tratar\u00e1 el tema \u00abLa Integracion Centroamericana\u00bb.<\/p>\n<\/p>\n<p>El s\u00e1bado 27 Jorge Sandrock, representante de la Fundeaci\u00f3n Hanns Seidel y director de Proyectos de UPLA, enfocar\u00e1 el tema \u00abPrincipios para una Sociedad Libre\u00bb, y Jos\u00e9 Ricardo Taveras, director de Migraci\u00f3n y secretario general de la Fuerza Nacional Progresista.<\/p>\n<\/p>\n<p>Tambi\u00e9n expondr\u00e1n Bruno Kazuhiro, encargado de Juventudes de Uni\u00f3n de Partidos Pol\u00edticos Latinoamericanos sobre el tema \u00abEl uso de la tecnolog\u00eda para el potenciamiento del trabajo pol\u00edticos de los partidos\u00bb y Sandra M\u00e9ndez,  encargada de Comunicaciones  del partido Renovaci\u00f3n Nacional (RN), de Chile, que abordar\u00e1 el tema \u00abEl uso de Twitter como herramienta politica\u00bb.<\/p>\n<\/p>\n<p>Para el cierre de los trabajo de ese d\u00eda, est\u00e1 programado un debate sobre el tema \u00abC\u00f3mo fortalecer el trabajo pol\u00edtico de las juventudes partidarias y su inserci\u00f3n internacional\u00bb.<\/p>\n<\/p>\n<p>El acto de clausura, el domingo 28, est\u00e1 fijado para las 10:00 de la ma\u00f1ana en la sede principal del Partido Reformista Social<\/p>\n<p>Cristiano, ubicada en la avenida Tiradentes, de la capital.<\/p>\n<h6> 2014-09-24 17:47:36 <\/h6>\n<p><!--\n<link rel=\"stylesheet\" href=\"css\/bootstrap.min.css\">\n\n\n<ul class=\"pagination\">\n\t    \n\t\n\n<li >\n\t<a href='?page_no=14494'>Previous<\/a>\n\t<\/li>\n\n\n       \n    \n\n<li><a href='?page_no=1'>1<\/a><\/li>\n\n\n\n<li><a href='?page_no=2'>2<\/a><\/li>\n\n\n\n<li><a>...<\/a><\/li>\n\n\n\n<li><a href='?page_no=14493'>14493<\/a><\/li>\n\n\n\n<li><a href='?page_no=14494'>14494<\/a><\/li>\n\n\n\n<li class='active'><a>14495<\/a><\/li>\n\n\n\n<li><a href='?page_no=14496'>14496<\/a><\/li>\n\n\n\n<li><a href='?page_no=14497'>14497<\/a><\/li>\n\n\n\n<li><a>...<\/a><\/li>\n\n\n\n<li><a href='?page_no=36999'>36999<\/a><\/li>\n\n\n\n<li><a href='?page_no=37000'>37000<\/a><\/li>\n\n    \n\t\n\n<li >\n\t<a href='?page_no=14496'>Next<\/a>\n\t<\/li>\n\n\n    \n\n<li><a href='?page_no=37000'>Last &rsaquo;&rsaquo;<\/a><\/li>\n\n<\/ul>\n\n\n--><br \/>\n<\/body><\/p>\n","protected":false},"excerpt":{"rendered":"<p>N HOTEL PLAZA NACO: Partidos Latinoamericanos inician este jueves el V Encuentro de L\u00edderes de las Juventudes La Uni\u00f3n de Partidos Latinoamericanos (UPLA) dar\u00e1 inicio este jueves en Santo Domingo al V Encuentro de L\u00edderes de las Juventudes de las organizaciones miembros de la entidad regional, en el que participar\u00e1n delegados de una veintena de [&hellip;]<\/p>\n","protected":false},"author":3,"featured_media":0,"comment_status":"open","ping_status":"open","sticky":false,"template":"","format":"standard","meta":{"footnotes":""},"categories":[22],"tags":[],"class_list":["post-162050","post","type-post","status-publish","format-standard","hentry","category-politica"],"_links":{"self":[{"href":"https:\/\/diariodominicano.com\/index.php?rest_route=\/wp\/v2\/posts\/162050","targetHints":{"allow":["GET"]}}],"collection":[{"href":"https:\/\/diariodominicano.com\/index.php?rest_route=\/wp\/v2\/posts"}],"about":[{"href":"https:\/\/diariodominicano.com\/index.php?rest_route=\/wp\/v2\/types\/post"}],"author":[{"embeddable":true,"href":"https:\/\/diariodominicano.com\/index.php?rest_route=\/wp\/v2\/users\/3"}],"replies":[{"embeddable":true,"href":"https:\/\/diariodominicano.com\/index.php?rest_route=%2Fwp%2Fv2%2Fcomments&post=162050"}],"version-history":[{"count":0,"href":"https:\/\/diariodominicano.com\/index.php?rest_route=\/wp\/v2\/posts\/162050\/revisions"}],"wp:attachment":[{"href":"https:\/\/diariodominicano.com\/index.php?rest_route=%2Fwp%2Fv2%2Fmedia&parent=162050"}],"wp:term":[{"taxonomy":"category","embeddable":true,"href":"https:\/\/diariodominicano.com\/index.php?rest_route=%2Fwp%2Fv2%2Fcategories&post=162050"},{"taxonomy":"post_tag","embeddable":true,"href":"https:\/\/diariodominicano.com\/index.php?rest_route=%2Fwp%2Fv2%2Ftags&post=162050"}],"curies":[{"name":"wp","href":"https:\/\/api.w.org\/{rel}","templated":true}]}}