{"id":162049,"date":"2014-09-24T20:01:31","date_gmt":"2014-09-24T20:01:31","guid":{"rendered":"http:\/\/diariodominicano.ddns.net\/?p=162049"},"modified":"2014-09-24T20:01:31","modified_gmt":"2014-09-24T20:01:31","slug":"dirigentes-y-militantes-pld-ny-exhortan-medina-poner-oidos-en-el-corazon-del-pueblo","status":"publish","type":"post","link":"https:\/\/diariodominicano.com\/?p=162049","title":{"rendered":"Dirigentes y militantes PLD NY exhortan Medina poner o\u00eddos en el coraz\u00f3n del pueblo"},"content":{"rendered":"<p><body><\/p>\n<p><img decoding=\"async\" src=\"img3\/REELECCION.jpg\" \/>  <\/p>\n<p><span class=\"text1noticias\">Por Ram\u00f3n Mercedes<\/span><\/p>\n<\/p>\n<p><span class=\"text1noticias\">Nueva York, EE.UU., 24 de Septiembre.- Altos dirigentes y militantes del Partido de la Liberaci\u00f3n Dominicana (PLD) en esta ciudad exhortaron al presidente dominicano Danilo Medina poner sus o\u00eddos en el coraz\u00f3n del pueblo, y acepte lo que la mayor\u00eda de los dominicanos le est\u00e1 pidiendo, \u00abque se reelija para que termine en los pr\u00f3ximos seis a\u00f1os su obra de gobierno en favor de los pobres, mujeres, envejecientes, estudiantes, campesinos y adecentar las instituciones p\u00fablicas con su accionar transparente que le ha imprimido\u00bb.<\/span><\/p>\n<\/p>\n<p><span class=\"text1noticias\">Jos\u00e9 Polanco, presidente del Intermedio B-5 \u00abAm\u00edlcar Cabral\u00bb del PLD en el condado de Brooklyn; Benjam\u00edn Vargas, de la seccional en la urbe; Arturo Ortiz, presidente del Distrito Seccional Cuatro en Manhattan, y los militantes Abraham Gonz\u00e1lez y Jos\u00e9 C\u00e9spedes, del \u00e1rea de Saint Nicholas en el Alto Manhattan, expresaron que la democracia se sustenta en la voluntad de la mayor\u00eda expresada con libertad.<\/span><\/p>\n<\/p>\n<p><span class=\"text1noticias\">La semana pasada la encuestadora estadounidense Gallup estableci\u00f3 que el 65,7 % de los ciudadanos con capacidad para votar se inclina por una reforma a la Carta Magna que d\u00e9 al mandatario la oportunidad de volver a ser elegido para un segundo per\u00edodo de cuatro a\u00f1os.<\/span><\/p>\n<\/p>\n<p><span class=\"text1noticias\">Expresan que el pueblo est\u00e1 por encima de la Constituci\u00f3n, y si el pueblo dominicano quiere una modificaci\u00f3n para una reelecci\u00f3n, como lo viene demostrando a trav\u00e9s de diferentes firmas encuestadoras de credibilidad nacional e internacional, entonces hay que hacerla.<\/span><\/p>\n<\/p>\n<p><span class=\"text1noticias\">Sostienen que es un pedido de reelecci\u00f3n por convicci\u00f3n, y voluntaria, porque el pueblo reconoce que el Presidente est\u00e1 resolviendo la deuda social que el Estado tiene contra\u00edda con la naci\u00f3n desde su Independencia, entonces hay que complacer la mayor\u00eda, dijeron.<\/span><\/p>\n<\/p>\n<p><span class=\"text1noticias\">Los altos dirigentes peledeistas en la Metr\u00f3poli aseguraron que ahora los dominicanos est\u00e1n queriendo la reelecci\u00f3n del Presidente Medina porque han visto su humildad, el contacto con los pobres, su austeridad en el manejo de los recursos del presupuesto de la naci\u00f3n, la prioridad en la construcci\u00f3n de peque\u00f1as obras en barrios y campos del pa\u00eds, adem\u00e1s de la \u00abrevoluci\u00f3n\u00bb educativa y su pol\u00edtica de alcance social para provecho de los m\u00e1s necesitados.<\/span><\/p>\n<\/p>\n<p><span class=\"text1noticias\">Este gobierno es del pueblo y para el pueblo, y muestra de eso es que si el mandatario se reelige, hasta una gran cantidad de simpatizantes de los partidos Revolucionario Dominicano y  Revolucionario Mayoritario, votar\u00edan por \u00e9l, seg\u00fan los resultados de las \u00faltimas encuestas, garantizando el PLD su triunfo en el 2016 en primera vuelta, concluyeron.(HG)<\/span>. <\/p>\n<h6> 2014-09-24 20:01:31 <\/h6>\n<p><!--\n<link rel=\"stylesheet\" href=\"css\/bootstrap.min.css\">\n\n\n<ul class=\"pagination\">\n\t    \n\t\n\n<li >\n\t<a href='?page_no=14493'>Previous<\/a>\n\t<\/li>\n\n\n       \n    \n\n<li><a href='?page_no=1'>1<\/a><\/li>\n\n\n\n<li><a href='?page_no=2'>2<\/a><\/li>\n\n\n\n<li><a>...<\/a><\/li>\n\n\n\n<li><a href='?page_no=14492'>14492<\/a><\/li>\n\n\n\n<li><a href='?page_no=14493'>14493<\/a><\/li>\n\n\n\n<li class='active'><a>14494<\/a><\/li>\n\n\n\n<li><a href='?page_no=14495'>14495<\/a><\/li>\n\n\n\n<li><a href='?page_no=14496'>14496<\/a><\/li>\n\n\n\n<li><a>...<\/a><\/li>\n\n\n\n<li><a href='?page_no=36999'>36999<\/a><\/li>\n\n\n\n<li><a href='?page_no=37000'>37000<\/a><\/li>\n\n    \n\t\n\n<li >\n\t<a href='?page_no=14495'>Next<\/a>\n\t<\/li>\n\n\n    \n\n<li><a href='?page_no=37000'>Last &rsaquo;&rsaquo;<\/a><\/li>\n\n<\/ul>\n\n\n--><br \/>\n<\/body><\/p>\n","protected":false},"excerpt":{"rendered":"<p>Por Ram\u00f3n Mercedes Nueva York, EE.UU., 24 de Septiembre.- Altos dirigentes y militantes del Partido de la Liberaci\u00f3n Dominicana (PLD) en esta ciudad exhortaron al presidente dominicano Danilo Medina poner sus o\u00eddos en el coraz\u00f3n del pueblo, y acepte lo que la mayor\u00eda de los dominicanos le est\u00e1 pidiendo, \u00abque se reelija para que termine [&hellip;]<\/p>\n","protected":false},"author":3,"featured_media":0,"comment_status":"open","ping_status":"open","sticky":false,"template":"","format":"standard","meta":{"footnotes":""},"categories":[22],"tags":[],"class_list":["post-162049","post","type-post","status-publish","format-standard","hentry","category-politica"],"_links":{"self":[{"href":"https:\/\/diariodominicano.com\/index.php?rest_route=\/wp\/v2\/posts\/162049","targetHints":{"allow":["GET"]}}],"collection":[{"href":"https:\/\/diariodominicano.com\/index.php?rest_route=\/wp\/v2\/posts"}],"about":[{"href":"https:\/\/diariodominicano.com\/index.php?rest_route=\/wp\/v2\/types\/post"}],"author":[{"embeddable":true,"href":"https:\/\/diariodominicano.com\/index.php?rest_route=\/wp\/v2\/users\/3"}],"replies":[{"embeddable":true,"href":"https:\/\/diariodominicano.com\/index.php?rest_route=%2Fwp%2Fv2%2Fcomments&post=162049"}],"version-history":[{"count":0,"href":"https:\/\/diariodominicano.com\/index.php?rest_route=\/wp\/v2\/posts\/162049\/revisions"}],"wp:attachment":[{"href":"https:\/\/diariodominicano.com\/index.php?rest_route=%2Fwp%2Fv2%2Fmedia&parent=162049"}],"wp:term":[{"taxonomy":"category","embeddable":true,"href":"https:\/\/diariodominicano.com\/index.php?rest_route=%2Fwp%2Fv2%2Fcategories&post=162049"},{"taxonomy":"post_tag","embeddable":true,"href":"https:\/\/diariodominicano.com\/index.php?rest_route=%2Fwp%2Fv2%2Ftags&post=162049"}],"curies":[{"name":"wp","href":"https:\/\/api.w.org\/{rel}","templated":true}]}}