{"id":162048,"date":"2014-09-25T00:10:13","date_gmt":"2014-09-25T00:10:13","guid":{"rendered":"http:\/\/diariodominicano.ddns.net\/?p=162048"},"modified":"2014-09-25T00:10:13","modified_gmt":"2014-09-25T00:10:13","slug":"alcaldia-de-lawrence-reconoce-a-leonel-fernandez-por-su-liderazgo-internacional","status":"publish","type":"post","link":"https:\/\/diariodominicano.com\/?p=162048","title":{"rendered":"&#13;Alcald\u00eda de Lawrence reconoce a Leonel Fern\u00e1ndez por su liderazgo internacional"},"content":{"rendered":"<p><body><\/p>\n<p><img decoding=\"async\" src=\"img3\/loren00.jpg\" \/><br \/><img decoding=\"async\" src=\"img3\/loren003.jpg\" \/>  <\/p>\n<p><span class=\"text1noticias\">LAWRENCE (Massachusetts), EE UU, 24 de Septiembre de 2014.- El ex presidente de la Rep\u00fablica Dominicana, doctor Leonel Fern\u00e1ndez, fue reconocido este mi\u00e9rcoles por la Alcald\u00eda y el Consejo Municipal de la ciudad de Lawrence, pertenecientes al Estado de Massachusetts, por su liderazgo internacional y por los aportes que desde el Gobierno ha hecho al desarrollo econ\u00f3mico, social y cultural de su pa\u00eds.<\/span><\/p>\n<\/p>\n<p><span class=\"text1noticias\">Las dos proclamas contentivas de los reconocimientos le fueron entregadas al ex gobernante dominicano por el Alcalde de Lawrence, Daniel Rivera, y el presidente del Concejo Municipal, Modesto Maldonado.<\/span><\/p>\n<\/p>\n<p><span class=\"text1noticias\">Tras agradecer la distinci\u00f3n de que fue objeto, el ex presidente Fern\u00e1ndez destac\u00f3 la fortaleza de la comunidad dominicana radicada en Lawrence, as\u00ed como los aportes que  hace a la Rep\u00fablica Dominicana. <\/span><\/p>\n<\/p>\n<p><span class=\"text1noticias\">El ex jefe del Estado sostuvo que existen condiciones propicias para establecer v\u00ednculos cada vez m\u00e1s s\u00f3lidos entre acad\u00e9micos y empresarios de Lawrence y la Rep\u00fablica Dominicana.<\/span><\/p>\n<\/p>\n<p><span class=\"text1noticias\">\u00abEstablecer v\u00ednculos que puedan tener resultados tangibles de progreso y prosperidad\u00bb, indic\u00f3 Fern\u00e1ndez. Explic\u00f3 que los v\u00ednculos se dar\u00edan b\u00e1sicamente en los \u00e1mbitos empresariales y acad\u00e9micos.<\/span><\/p>\n<\/p>\n<p><span class=\"text1noticias\">Adem\u00e1s del Alcalde y el presidente del Consejo Municipal, la comitiva oficial del gobierno local de Lawrence que recibi\u00f3 al ex presidente Fern\u00e1ndez  estuvo integrada por la candidata al Senado, B\u00e1rbara L&#8217;Italien, as\u00ed como por Kendrys V\u00e1squez y Oneida Aquino, miembros del Concejo Municipal. Todos son de origen dominicano. <\/span><\/p>\n<\/p>\n<p><span class=\"text1noticias\">Lawrence es la ciudad con m\u00e1s poblaci\u00f3n dominicana en el Estado de Massachusetts.<\/span><\/p>\n<\/p>\n<\/p>\n<\/p>\n<h6> 2014-09-25 00:10:13 <\/h6>\n<p><!--\n<link rel=\"stylesheet\" href=\"css\/bootstrap.min.css\">\n\n\n<ul class=\"pagination\">\n\t    \n\t\n\n<li >\n\t<a href='?page_no=14492'>Previous<\/a>\n\t<\/li>\n\n\n       \n    \n\n<li><a href='?page_no=1'>1<\/a><\/li>\n\n\n\n<li><a href='?page_no=2'>2<\/a><\/li>\n\n\n\n<li><a>...<\/a><\/li>\n\n\n\n<li><a href='?page_no=14491'>14491<\/a><\/li>\n\n\n\n<li><a href='?page_no=14492'>14492<\/a><\/li>\n\n\n\n<li class='active'><a>14493<\/a><\/li>\n\n\n\n<li><a href='?page_no=14494'>14494<\/a><\/li>\n\n\n\n<li><a href='?page_no=14495'>14495<\/a><\/li>\n\n\n\n<li><a>...<\/a><\/li>\n\n\n\n<li><a href='?page_no=36999'>36999<\/a><\/li>\n\n\n\n<li><a href='?page_no=37000'>37000<\/a><\/li>\n\n    \n\t\n\n<li >\n\t<a href='?page_no=14494'>Next<\/a>\n\t<\/li>\n\n\n    \n\n<li><a href='?page_no=37000'>Last &rsaquo;&rsaquo;<\/a><\/li>\n\n<\/ul>\n\n\n--><br \/>\n<\/body><\/p>\n","protected":false},"excerpt":{"rendered":"<p>LAWRENCE (Massachusetts), EE UU, 24 de Septiembre de 2014.- El ex presidente de la Rep\u00fablica Dominicana, doctor Leonel Fern\u00e1ndez, fue reconocido este mi\u00e9rcoles por la Alcald\u00eda y el Consejo Municipal de la ciudad de Lawrence, pertenecientes al Estado de Massachusetts, por su liderazgo internacional y por los aportes que desde el Gobierno ha hecho al [&hellip;]<\/p>\n","protected":false},"author":3,"featured_media":0,"comment_status":"open","ping_status":"open","sticky":false,"template":"","format":"standard","meta":{"footnotes":""},"categories":[22],"tags":[],"class_list":["post-162048","post","type-post","status-publish","format-standard","hentry","category-politica"],"_links":{"self":[{"href":"https:\/\/diariodominicano.com\/index.php?rest_route=\/wp\/v2\/posts\/162048","targetHints":{"allow":["GET"]}}],"collection":[{"href":"https:\/\/diariodominicano.com\/index.php?rest_route=\/wp\/v2\/posts"}],"about":[{"href":"https:\/\/diariodominicano.com\/index.php?rest_route=\/wp\/v2\/types\/post"}],"author":[{"embeddable":true,"href":"https:\/\/diariodominicano.com\/index.php?rest_route=\/wp\/v2\/users\/3"}],"replies":[{"embeddable":true,"href":"https:\/\/diariodominicano.com\/index.php?rest_route=%2Fwp%2Fv2%2Fcomments&post=162048"}],"version-history":[{"count":0,"href":"https:\/\/diariodominicano.com\/index.php?rest_route=\/wp\/v2\/posts\/162048\/revisions"}],"wp:attachment":[{"href":"https:\/\/diariodominicano.com\/index.php?rest_route=%2Fwp%2Fv2%2Fmedia&parent=162048"}],"wp:term":[{"taxonomy":"category","embeddable":true,"href":"https:\/\/diariodominicano.com\/index.php?rest_route=%2Fwp%2Fv2%2Fcategories&post=162048"},{"taxonomy":"post_tag","embeddable":true,"href":"https:\/\/diariodominicano.com\/index.php?rest_route=%2Fwp%2Fv2%2Ftags&post=162048"}],"curies":[{"name":"wp","href":"https:\/\/api.w.org\/{rel}","templated":true}]}}