{"id":162047,"date":"2014-09-25T04:24:35","date_gmt":"2014-09-25T04:24:35","guid":{"rendered":"http:\/\/diariodominicano.ddns.net\/?p=162047"},"modified":"2014-09-25T04:24:35","modified_gmt":"2014-09-25T04:24:35","slug":"cientos-marchan-para-recordar-amin-abel-a-44-anos-de-su-asesinato","status":"publish","type":"post","link":"https:\/\/diariodominicano.com\/?p=162047","title":{"rendered":"Cientos marchan para recordar Am\u00edn Abel a 44 a\u00f1os de su asesinato"},"content":{"rendered":"<p><body><\/p>\n<p><img decoding=\"async\" src=\"img3\/amin000.jpg\" \/><br \/><img decoding=\"async\" src=\"img3\/amin0002.jpg\" \/>  <\/p>\n<p><span class=\"text1noticias\">SANTO DOMINGO, R.D.- Cientos de estudiantes y militantes de la Izquierda Revolucionaria marcharon el mi\u00e9rcoles en Santo Domingo para conmemorar el 44 aniversario del asesinato de Am\u00edn Abel Hasb\u00fan, l\u00edder estudiantil y revolucionario dirigente del Movimiento Popular Dominicano (MPD), asesinado por la Polic\u00eda balaguerista el 24 de septiembre del a\u00f1o 1970.<\/span><\/p>\n<\/p>\n<p><span class=\"text1noticias\">La marcha organizada por el grupo estudiantil FELABEL, el MPD y la izquierda Revolucionaria (IR), parti\u00f3 de la Universidad Aut\u00f3noma de Santo Domingo (UASD) a las 11:00 de la ma\u00f1ana, tom\u00f3 la avenida M\u00e1ximo G\u00f3mez hasta al llegar al Cementerio Nacional, donde depositaron flores en la tumba de Am\u00edn Abel.<\/span><\/p>\n<\/p>\n<p><span class=\"text1noticias\">Mientras se desplazaban por la c\u00e9ntrica avenida de la Capital, los estudiantes coreaban consignas como \u00abDicen que Am\u00edn Abel ta? muerto. Am\u00edn no ha muerto na?, \u00e9l ha bajado una orden defender Loma Miranda!\u00bb, \u00abQuien mat\u00f3 a Am\u00edn Abel, el maldito Balaguer!\u00bb; \u00ab\u00a1Estamos en las calles y no tenemos miedo!\u00bb y al pasar frente al Ministerio de Educaci\u00f3n Superior (MESCyT) gritaron: \u00ab\u00a1M\u00e1s educaci\u00f3n  corrupci\u00f3n!\u00bb.<\/span><\/p>\n<p><span class=\"text1noticias\">La marcha se desarroll\u00f3 sin incidente alguno, pese a que no se estableci\u00f3 ning\u00fan dispositivo policial para la misma, ninguna unidad de la Polic\u00eda Nacional franque\u00f3 el desplazamiento d ela mismas ni agentes de la AMET establecieron ning\u00fan dispositivo para dirigir el tr\u00e1nsito, siendo los estudiantes que portaban banderas amarillas, que controlaron el flujo vehicular al paso de los manifestantes.<\/span><\/p>\n<\/p>\n<p><span class=\"text1noticias\">Previo al inicio de la marcha se realiz\u00f3 una parada c\u00edvica en el busto de Am\u00edn, en la explanada de la Facultad de Ingenier\u00eda de la UASD que lleva por nombre \u00abAm\u00edn AbelHasb\u00fan\u00bb, donde se pronunciaron ardorosos discursos evocando el ejemplo del m\u00e1rtir estudiantil y revolucionario.<\/span><\/p>\n<\/p>\n<p><span class=\"text1noticias\">Am\u00edn Abel fue asesinado frente a su esposa embarazada y su peque\u00f1o hijo de dos a\u00f1os, por uniformados de la Polic\u00eda Nacional y agentes del servicio secreto, en un allanamiento a su vivienda, tras una tenaz persecuci\u00f3n de m\u00e1s de cuatro meses, acusado de organizar y dirigir el secuestro del coronel norteamericano Donald J. Crowley, el 24 de marzo de 1970.<\/span><\/p>\n<\/p>\n<p><span class=\"text1noticias\">Rafael Cabrera, secretario general nacional del FELABEL, destac\u00f3 que Am\u00edn Abel fue un joven valeroso, que tuvo sensibilidad humana y responsabilidad c\u00edvica, que se destac\u00f3 en todas esas luchas de los a\u00f1os de la d\u00e9cada de 1960 a favor de la educaci\u00f3n dominicana y del pueblo en sentido general, por lo que la generaci\u00f3n presente tiene el compromiso de hon rar su memoria con la lucha, para emular su ejemplo.<\/span><\/p>\n<\/p>\n<p><span class=\"text1noticias\">\u00abEn la situaci\u00f3n en que se encuentra nuestro pa\u00eds, con un gobierno que no atiende los problemas sociales; que no garantiza la seguridad ciudadana; un gobierno que lo que hace es entregar las riquezas de nuestro pa\u00eds a emprensas transnacionales, como FALCONDO y la Barrick Gold; mientras campea la corrupci\u00f3n y la impunidad, por lo que como j\u00f3venes  estamos llamados a emular ese ejemplo de Am\u00edn, de juventud combativa y decidida a luchar por los mejores intereses de nuestra patria\u00bb, manifest\u00f3 Cabrera.<\/span><\/p>\n<\/p>\n<p><span class=\"text1noticias\">Fernando Hern\u00e1ndez, vocero nacional del MPD, destac\u00f3 que Am\u00edn Abel fue un ejemplo de vida, un ejemplo de sacrificio, un ejemplo de moral, un ejemplo de pensamiento, un ejemplo de combatividad.<\/span><\/p>\n<p><span class=\"text1noticias\">\u00abSi como profesor me preguntaran: c\u00f3mo desear\u00eda usted que fueran los estudiantes de la UASD hoy d\u00eda; c\u00f3mo deber\u00edan ser los revolucionarios de Rep\u00fablica Dominicana; c\u00f3mo deben ser los profesionales; c\u00f3mo deber\u00edan ser en el matrimonio, sencillamente les dir\u00eda, que fueran como Am\u00edn Abel, lo que solo es posible lograr reafirmando nuestro compromiso de lucha y con los mejores intereses del pueblo\u00bb, expres\u00f3 el portavoz del MPD.<\/span><\/p>\n<\/p>\n<p><span class=\"text1noticias\">De su lado, Narciso Isa Conde, coordinador del Movimiento Caama\u00f1ista y de la Izquierda Revolucionaria (IR), destac\u00f3 que el mejor homenaje que podemos rendir a Am\u00edn Abel no es solamente traer hermosas flores a su busto, no es pronunciar palabras que reconozcan sus aportes, su sacrificio y el significado de su lucha, sino que \u00ablo mas importante es asumir el compromiso de ser tratar de ser como \u00e9l, porque es realmente dif\u00edcil ser como Am\u00edn\u00bb.<\/span><\/p>\n<\/p>\n<p><span class=\"text1noticias\">\u00abAm\u00edn debe ser como el horizonte, que permite avanzar, sin que nunca podamos alcanzarlo, porque tenemos que tener a Am\u00edn junto a los h\u00e9roes y hero\u00ednas de la Patria\u00bb, recalc\u00f3 Isa Conde,<\/span><\/p>\n<p><span class=\"text1noticias\">Anunci\u00f3 que la Izquierda Revolucionaria (IR) organiza para el mes de diciembre una conferencia nacional que llevar\u00e1 por nombre ?Am\u00edn Abel?, precedida de cinco foros sobre temas trascendentes como miner\u00eda y medioambiente, el sistema de salud y la corrupci\u00f3n e impunidad en nuestro pa\u00eds.<\/span><\/p>\n<\/p>\n<p><span class=\"text1noticias\">\u00abHay que rescatar con fuerza la consigna Estudiar y Luchar\u00bb, dijo Narciso Isa Conde a los estudiantes presentes.<\/span><\/p>\n<\/p>\n<p><span class=\"text1noticias\">El dirigente comunista concluy\u00f3 diciendo: \u00abHay que conocer la realidad, hay que conocer los problemas de la universidad, del pa\u00eds, los del Mundo, para rescatar poder ser revolucionarios capaces, comprometidos, firmes e insobornables.  Eso fue Am\u00edn.  Am\u00edn estudi\u00f3, luch\u00f3, se comprometi\u00f3 para lograr un mundo mejor, que todav\u00eda es posible\u00bb.<\/span><\/p>\n<\/p>\n<\/p>\n<h6> 2014-09-25 04:24:35 <\/h6>\n<p><!--\n<link rel=\"stylesheet\" href=\"css\/bootstrap.min.css\">\n\n\n<ul class=\"pagination\">\n\t    \n\t\n\n<li >\n\t<a href='?page_no=14491'>Previous<\/a>\n\t<\/li>\n\n\n       \n    \n\n<li><a href='?page_no=1'>1<\/a><\/li>\n\n\n\n<li><a href='?page_no=2'>2<\/a><\/li>\n\n\n\n<li><a>...<\/a><\/li>\n\n\n\n<li><a href='?page_no=14490'>14490<\/a><\/li>\n\n\n\n<li><a href='?page_no=14491'>14491<\/a><\/li>\n\n\n\n<li class='active'><a>14492<\/a><\/li>\n\n\n\n<li><a href='?page_no=14493'>14493<\/a><\/li>\n\n\n\n<li><a href='?page_no=14494'>14494<\/a><\/li>\n\n\n\n<li><a>...<\/a><\/li>\n\n\n\n<li><a href='?page_no=36999'>36999<\/a><\/li>\n\n\n\n<li><a href='?page_no=37000'>37000<\/a><\/li>\n\n    \n\t\n\n<li >\n\t<a href='?page_no=14493'>Next<\/a>\n\t<\/li>\n\n\n    \n\n<li><a href='?page_no=37000'>Last &rsaquo;&rsaquo;<\/a><\/li>\n\n<\/ul>\n\n\n--><br \/>\n<\/body><\/p>\n","protected":false},"excerpt":{"rendered":"<p>SANTO DOMINGO, R.D.- Cientos de estudiantes y militantes de la Izquierda Revolucionaria marcharon el mi\u00e9rcoles en Santo Domingo para conmemorar el 44 aniversario del asesinato de Am\u00edn Abel Hasb\u00fan, l\u00edder estudiantil y revolucionario dirigente del Movimiento Popular Dominicano (MPD), asesinado por la Polic\u00eda balaguerista el 24 de septiembre del a\u00f1o 1970. La marcha organizada por [&hellip;]<\/p>\n","protected":false},"author":3,"featured_media":0,"comment_status":"open","ping_status":"open","sticky":false,"template":"","format":"standard","meta":{"footnotes":""},"categories":[22],"tags":[],"class_list":["post-162047","post","type-post","status-publish","format-standard","hentry","category-politica"],"_links":{"self":[{"href":"https:\/\/diariodominicano.com\/index.php?rest_route=\/wp\/v2\/posts\/162047","targetHints":{"allow":["GET"]}}],"collection":[{"href":"https:\/\/diariodominicano.com\/index.php?rest_route=\/wp\/v2\/posts"}],"about":[{"href":"https:\/\/diariodominicano.com\/index.php?rest_route=\/wp\/v2\/types\/post"}],"author":[{"embeddable":true,"href":"https:\/\/diariodominicano.com\/index.php?rest_route=\/wp\/v2\/users\/3"}],"replies":[{"embeddable":true,"href":"https:\/\/diariodominicano.com\/index.php?rest_route=%2Fwp%2Fv2%2Fcomments&post=162047"}],"version-history":[{"count":0,"href":"https:\/\/diariodominicano.com\/index.php?rest_route=\/wp\/v2\/posts\/162047\/revisions"}],"wp:attachment":[{"href":"https:\/\/diariodominicano.com\/index.php?rest_route=%2Fwp%2Fv2%2Fmedia&parent=162047"}],"wp:term":[{"taxonomy":"category","embeddable":true,"href":"https:\/\/diariodominicano.com\/index.php?rest_route=%2Fwp%2Fv2%2Fcategories&post=162047"},{"taxonomy":"post_tag","embeddable":true,"href":"https:\/\/diariodominicano.com\/index.php?rest_route=%2Fwp%2Fv2%2Ftags&post=162047"}],"curies":[{"name":"wp","href":"https:\/\/api.w.org\/{rel}","templated":true}]}}