{"id":162046,"date":"2014-09-25T12:59:59","date_gmt":"2014-09-25T12:59:59","guid":{"rendered":"http:\/\/diariodominicano.ddns.net\/?p=162046"},"modified":"2014-09-25T12:59:59","modified_gmt":"2014-09-25T12:59:59","slug":"la-union-de-partidos-latinoamericanos-inaugura-el-v-encuentro-de-lideres-de-las-juventudes","status":"publish","type":"post","link":"https:\/\/diariodominicano.com\/?p=162046","title":{"rendered":"La Uni\u00f3n de Partidos Latinoamericanos  inaugura el V Encuentro de L\u00edderes de las Juventudes"},"content":{"rendered":"<p><body><\/p>\n<p><span class=\"text1noticias\">SANTO DOMINGO,  RD 25 septiembre.- La Uni\u00f3n de Partidos Latinoamericanos (UPLA) dej\u00f3 formalmente iniciado este jueves el V Encuentro de L\u00edderes de las Juventudes de las organizaciones miembros de la entidad regional con un concurrido acto que cont\u00f3 con la preencia de autoridades del Partido Reformista Social Cristiano (PRSC), como organizaci\u00f3n pol\u00edtica anfiriona, y de la Fuerza Nacional Progresista (FNP).<\/span><\/p>\n<p><span class=\"text1noticias\"> <\/span><\/p>\n<p><span class=\"text1noticias\">En el acto de apertura hablaron el subsecretario de Asuntos Internacinales del PRSC, Jatzel Rom\u00e1n, quien dio la bienvenida a los participantes internacionales, y el director ejecutivo de la UPLA, Nicol\u00e1s Figari, de Chile; Bruno Otzuka, de Brasil, quien es el  Encargado de Juventudes de UPLA; Jatzel Pimentel, de la Fuerza Nacional Progresista,  as\u00ed como los dirigentes de la Juventud Reformista Social Cristiana (JRSC), Peter Amable S\u00e1nchez Aristy y Carlos Modesto Guzm\u00e1n hijo.<\/span><\/p>\n<p><span class=\"text1noticias\"> <\/span><\/p>\n<p><span class=\"text1noticias\">Todos coincideron en que haya mayor apertura en los partidos para los j\u00f3venes que quieran hacer carrera pol\u00edtica tengan espacios y oportunidades para desarrollar propuestas e ideas que contribuyan a solucionar problemas elementales de sus respectivos pa\u00edses.<\/span><\/p>\n<p><span class=\"text1noticias\"> <\/span><\/p>\n<p><span class=\"text1noticias\">La mesa directiva del acto inaugural, celebrado en el Hotel Plaza Naco, participaron adem\u00e1s, de los que hicieron uso de las palabras, el primer vicepresidente del PRSC, Louis Bogaert; el secretario general de esa entidad pol\u00edtica, Ram\u00f3n Rogelio Genao, y el director ejecutivo del Instituto de Formaci\u00f3n Pol\u00edtica (IFP), Frank Mart\u00ednez.<\/span><\/p>\n<p><span class=\"text1noticias\"> <\/span><\/p>\n<p><span class=\"text1noticias\">En el evento internacional tambi\u00e9n estuvieron presentes los miembros del Directorio Presidencial (DP), V\u00edctor ?Ito- Bison\u00f3, Modesto Guzm\u00e1n, Mirelys Uceta y Alfredo Gonz\u00e1lez.<\/span><\/p>\n<p><span class=\"text1noticias\"> <\/span><\/p>\n<p><span class=\"text1noticias\">El encuentro de la UPLA, cuyo vicepresidente es el ingeniero Federico Ant\u00fan Batlle (Quique), quien a su vez es el presidente del Partido Reformista Social Cristiano, se extender\u00e1 hasta el domingo 28 de septiembre, fecha en que est\u00e1 programado el acto de clausura.<\/span><\/p>\n<p><span class=\"text1noticias\"> <\/span><\/p>\n<p><span class=\"text1noticias\">Tanto el PRSC como la Fuerza Nacional Progresista son miembros fundadores de la organizaci\u00f3n regional.<\/span><\/p>\n<p><span class=\"text1noticias\"> <\/span><\/p>\n<p><span class=\"text1noticias\">El inicio formal del encuentro se inici\u00f3 a las 9:30 de la ma\u00f1ana y concluido el acto inaugural, se dict\u00f3 una conferencia titulada \u00abLa Uni\u00f3n de Partidos Latinoamericanos y su trabajo en el Continente\u00bb a cargo de Nicol\u00e1s Figari.<\/span><\/p>\n<\/p>\n<p><span class=\"text1noticias\">Otras conferencias para el d\u00eda de hoy son \u00abEl Reto del Desarrollo Humano en Am\u00e9rica Latina\u00bb, a cargo del director del Instituto de Formaci\u00f3n Pol\u00edtica  (IFP) Dr. Joaqu\u00edn Balaguer, Frank Mart\u00ednez; \u00abValores politicos como remedio a la apatia juvenil\u00bb, del secretario de Disciplina del PRSC, Joan Fernandez, y \u00abEl PRSC Un Nuevo Comienzo\u00bb, a cargo del vicepresidente del Partido Reformista, Sergio Cede\u00f1o.<\/span><\/p>\n<p><span class=\"text1noticias\"> <\/span><\/p>\n<p><span class=\"text1noticias\"> <\/span><\/p>\n<p><span class=\"text1noticias\"><strong> <\/strong><\/span><\/p>\n<p><span class=\"text1noticias\"><strong>MANANA VIERNES<\/strong><\/span><\/p>\n<p><span class=\"text1noticias\"> <\/span><\/p>\n<p><span class=\"text1noticias\"> <\/span><\/p>\n<p><span class=\"text1noticias\"> <\/span><\/p>\n<p><span class=\"text1noticias\">El viernes 26 disertar\u00e1n el vicepresidente de la Fuerza Nacional Progresista, Pelegr\u00edn Castillo, y Mirelys Uceta, diputado del PRSC en el Parlamento Centroamericano (Parlacen). Esta \u00faltima tratar\u00e1 el tema \u00abLa Integracion Centroamericana\u00bb.<\/span><\/p>\n<p><span class=\"text1noticias\"> <\/span><\/p>\n<p><span class=\"text1noticias\"> <\/span><\/p>\n<p><span class=\"text1noticias\"> <\/span><\/p>\n<p><span class=\"text1noticias\">EL SABADO<\/span><\/p>\n<p><span class=\"text1noticias\"> <\/span><\/p>\n<p><span class=\"text1noticias\"> <\/span><\/p>\n<p><span class=\"text1noticias\"> <\/span><\/p>\n<p><span class=\"text1noticias\">El s\u00e1bado 27 Jorge Sandrock, representante de la Fundeaci\u00f3n Hanns Seidel y director de Proyectos de UPLA, enfocar\u00e1 el tema \u00abPrincipios para una Sociedad Libre\u00bb, y Jos\u00e9 Ricardo Taveras, director de Migraci\u00f3n y secretario general de la Fuerza Nacional Progresista.<\/span><\/p>\n<p><span class=\"text1noticias\"> <\/span><\/p>\n<p><span class=\"text1noticias\"> <\/span><\/p>\n<p><span class=\"text1noticias\"> <\/span><\/p>\n<p><span class=\"text1noticias\">Tambi\u00e9n expondr\u00e1n Bruno Kazuhiro, encargado de Juventudes de Uni\u00f3n de Partidos Pol\u00edticos Latinoamericanos sobre el tema \u00abEl uso de la tecnolog\u00eda para el potenciamiento del trabajo pol\u00edticos de los partidos\u00bb y Sandra M\u00e9ndez,  encargada de Comunicaciones  del partido Renovaci\u00f3n Nacional (RN), de Chile, que abordar\u00e1 el tema \u00abEl uso de Twitter como herramienta politica\u00bb.<\/span><\/p>\n<p><span class=\"text1noticias\"> <\/span><\/p>\n<p><span class=\"text1noticias\"> <\/span><\/p>\n<p><span class=\"text1noticias\"> <\/span><\/p>\n<p><span class=\"text1noticias\">CLAUSURA EL DOMINGO<\/span><\/p>\n<p><span class=\"text1noticias\"> <\/span><\/p>\n<p><span class=\"text1noticias\"> <\/span><\/p>\n<p><span class=\"text1noticias\"> <\/span><\/p>\n<p><span class=\"text1noticias\">Para el cierre de los trabajo de ese d\u00eda, est\u00e1 programado un debate sobre el tema \u00abC\u00f3mo fortalecer el trabajo pol\u00edtico de las juventudes partidarias y su inserci\u00f3n internacional\u00bb.<\/span><\/p>\n<p><span class=\"text1noticias\"> <\/span><\/p>\n<p><span class=\"text1noticias\"> <\/span><\/p>\n<p><span class=\"text1noticias\"> <\/span><\/p>\n<p><span class=\"text1noticias\">El acto de clausura, el domingo 28, est\u00e1 fijado para las 10:00 de la ma\u00f1ana en la sede principal del Partido Reformista Social Cristiano, ubicada en la avenida Tiradentes, de la capital.<\/span><\/p>\n<p><span class=\"text1noticias\"> <\/span><\/p>\n<\/p>\n<\/p>\n<h6> 2014-09-25 12:59:59 <\/h6>\n<p><!--\n<link rel=\"stylesheet\" href=\"css\/bootstrap.min.css\">\n\n\n<ul class=\"pagination\">\n\t    \n\t\n\n<li >\n\t<a href='?page_no=14490'>Previous<\/a>\n\t<\/li>\n\n\n       \n    \n\n<li><a href='?page_no=1'>1<\/a><\/li>\n\n\n\n<li><a href='?page_no=2'>2<\/a><\/li>\n\n\n\n<li><a>...<\/a><\/li>\n\n\n\n<li><a href='?page_no=14489'>14489<\/a><\/li>\n\n\n\n<li><a href='?page_no=14490'>14490<\/a><\/li>\n\n\n\n<li class='active'><a>14491<\/a><\/li>\n\n\n\n<li><a href='?page_no=14492'>14492<\/a><\/li>\n\n\n\n<li><a href='?page_no=14493'>14493<\/a><\/li>\n\n\n\n<li><a>...<\/a><\/li>\n\n\n\n<li><a href='?page_no=36999'>36999<\/a><\/li>\n\n\n\n<li><a href='?page_no=37000'>37000<\/a><\/li>\n\n    \n\t\n\n<li >\n\t<a href='?page_no=14492'>Next<\/a>\n\t<\/li>\n\n\n    \n\n<li><a href='?page_no=37000'>Last &rsaquo;&rsaquo;<\/a><\/li>\n\n<\/ul>\n\n\n--><br \/>\n<\/body><\/p>\n","protected":false},"excerpt":{"rendered":"<p>SANTO DOMINGO, RD 25 septiembre.- La Uni\u00f3n de Partidos Latinoamericanos (UPLA) dej\u00f3 formalmente iniciado este jueves el V Encuentro de L\u00edderes de las Juventudes de las organizaciones miembros de la entidad regional con un concurrido acto que cont\u00f3 con la preencia de autoridades del Partido Reformista Social Cristiano (PRSC), como organizaci\u00f3n pol\u00edtica anfiriona, y de [&hellip;]<\/p>\n","protected":false},"author":3,"featured_media":0,"comment_status":"open","ping_status":"open","sticky":false,"template":"","format":"standard","meta":{"footnotes":""},"categories":[22],"tags":[],"class_list":["post-162046","post","type-post","status-publish","format-standard","hentry","category-politica"],"_links":{"self":[{"href":"https:\/\/diariodominicano.com\/index.php?rest_route=\/wp\/v2\/posts\/162046","targetHints":{"allow":["GET"]}}],"collection":[{"href":"https:\/\/diariodominicano.com\/index.php?rest_route=\/wp\/v2\/posts"}],"about":[{"href":"https:\/\/diariodominicano.com\/index.php?rest_route=\/wp\/v2\/types\/post"}],"author":[{"embeddable":true,"href":"https:\/\/diariodominicano.com\/index.php?rest_route=\/wp\/v2\/users\/3"}],"replies":[{"embeddable":true,"href":"https:\/\/diariodominicano.com\/index.php?rest_route=%2Fwp%2Fv2%2Fcomments&post=162046"}],"version-history":[{"count":0,"href":"https:\/\/diariodominicano.com\/index.php?rest_route=\/wp\/v2\/posts\/162046\/revisions"}],"wp:attachment":[{"href":"https:\/\/diariodominicano.com\/index.php?rest_route=%2Fwp%2Fv2%2Fmedia&parent=162046"}],"wp:term":[{"taxonomy":"category","embeddable":true,"href":"https:\/\/diariodominicano.com\/index.php?rest_route=%2Fwp%2Fv2%2Fcategories&post=162046"},{"taxonomy":"post_tag","embeddable":true,"href":"https:\/\/diariodominicano.com\/index.php?rest_route=%2Fwp%2Fv2%2Ftags&post=162046"}],"curies":[{"name":"wp","href":"https:\/\/api.w.org\/{rel}","templated":true}]}}