{"id":162045,"date":"2014-09-25T18:10:48","date_gmt":"2014-09-25T18:10:48","guid":{"rendered":"http:\/\/diariodominicano.ddns.net\/?p=162045"},"modified":"2014-09-25T18:10:48","modified_gmt":"2014-09-25T18:10:48","slug":"pld-reafirma-compromiso-para-propiciar-mayores-politicas-publicas-que-enrumben-al-pais-hacia-el-desarrollo-equitativo-en-firme-batalla-contra-la-pobreza-y-la-desigualdad","status":"publish","type":"post","link":"https:\/\/diariodominicano.com\/?p=162045","title":{"rendered":"PLD reafirma compromiso para  propiciar mayores pol\u00edticas p\u00fablicas que enrumben al pa\u00eds hacia el desarrollo equitativo, en firme batalla contra la pobreza y la desigualdad&#13;"},"content":{"rendered":"<p><body><\/p>\n<p><img decoding=\"async\" src=\"img3\/Bosch2500.jpg\" \/>  <\/p>\n<p><span class=\"text1noticias\"> <\/span><\/p>\n<p><span class=\"text1noticias\">SANTO DOMINGO, RD,  25 de Septiembre de  2014.- En el 51 aniversario del golpe de Estado al gobierno constitucional del Profesor Juan Bosch, el Partido de la Liberaci\u00f3n Dominicana,  concebido por Bosch a su salida del PRD, diez a\u00f1os despu\u00e9s del golpe, reiter\u00f3 este mi\u00e9rcoles  su  compromiso para  propiciar m\u00e1s y mayores pol\u00edticas p\u00fablicas que enrumben al pa\u00eds hacia el desarrollo equitativo, en firme batalla contra la pobreza y la desigualdad.<\/span><\/p>\n<p><span class=\"text1noticias\"> <\/span><\/p>\n<p><span class=\"text1noticias\">Estos conceptos se establecen en la nota editorial de Vanguardia del Pueblo en su formato digital, \u00f3rgano que despliega tambi\u00e9n varios trabajos sobre esa fecha fat\u00eddica en la historia dominicana.<\/span><\/p>\n<p><span class=\"text1noticias\"> <\/span><\/p>\n<p><span class=\"text1noticias\">El escrito se presenta en la p\u00e1gina de inicio del portal www.vanguardiadelpueblo,do con el titulo \u00abEl Golpe no da\u00f1\u00f3 la simiente de la democracia\u00bb  describiendo que el 25 de septiembre de 1963, el pa\u00eds sufri\u00f3 una  dolorosa  y da\u00f1ina experiencia en  prop\u00f3sito de abrirse espacio hacia la democracia y reivindicar su derecho al progreso colectivo.<\/span><\/p>\n<p><span class=\"text1noticias\"> <\/span><\/p>\n<p><span class=\"text1noticias\">\u00abLas secuelas de ese golpe de Estado no se hicieron esperar, haci\u00e9ndose presentes en el desplome de las ejecutorias puestas en marcha por el visionario y ejemplar pol\u00edtico en materia de reordenamiento institucional y firme vocaci\u00f3n por el desarrollo material de un pueblo sometido a las cadenas del hambre y la exclusi\u00f3n\u00bb se expresa en el comentario central coincidiendo con un reportaje del veterano comunicador Ram\u00f3n Puello B\u00e1ez quien en la misma pagina present\u00f3 un trabajo describiendo que una de las consecuencias del golpe fue la corrupci\u00f3n y degradaci\u00f3n de las Fuerzas Armadas y la Polic\u00eda Nacional.<\/span><\/p>\n<p><span class=\"text1noticias\"> <\/span><\/p>\n<p><span class=\"text1noticias\">Se apunta en el comentario  que la   indignaci\u00f3n colectiva que culmin\u00f3 con la guerra civil del 1965, en una   jornada c\u00edvica y patri\u00f3tica que reclamaba el retorno al poder del profesor Bosch, la vuelta a la constitucionalidad, que era la retoma del proceso democr\u00e1tico que hoy, 51 a\u00f1os despu\u00e9s, hemos alcanzado y procuramos fortalecer\u00bb<\/span><\/p>\n<p><span class=\"text1noticias\"> <\/span><\/p>\n<p><span class=\"text1noticias\">Al ubicarse en la fecha y destacar las acciones de los gobiernos del Partido de la Liberaci\u00f3n Dominicana el \u00f3rgano escrito peledeista dice que la \u00bb naci\u00f3n recorre a pasos firmes el trayecto hacia la consolidaci\u00f3n de sus instituciones, con un Estado dotado de los instrumentales que lo han revestido de relevantes niveles de eficiencia y modernidad, con 14 a\u00f1os de excelente gesti\u00f3n administrativa del Partido de la Liberaci\u00f3n Dominicana, hijo leg\u00edtimo de ese extraordinario Presidente y l\u00edder que fue el profesor Juan Bosch\u00bb.<\/span><\/p>\n<\/p>\n<\/p>\n<\/p>\n<h6> 2014-09-25 18:10:48 <\/h6>\n<p><!--\n<link rel=\"stylesheet\" href=\"css\/bootstrap.min.css\">\n\n\n<ul class=\"pagination\">\n\t    \n\t\n\n<li >\n\t<a href='?page_no=14489'>Previous<\/a>\n\t<\/li>\n\n\n       \n    \n\n<li><a href='?page_no=1'>1<\/a><\/li>\n\n\n\n<li><a href='?page_no=2'>2<\/a><\/li>\n\n\n\n<li><a>...<\/a><\/li>\n\n\n\n<li><a href='?page_no=14488'>14488<\/a><\/li>\n\n\n\n<li><a href='?page_no=14489'>14489<\/a><\/li>\n\n\n\n<li class='active'><a>14490<\/a><\/li>\n\n\n\n<li><a href='?page_no=14491'>14491<\/a><\/li>\n\n\n\n<li><a href='?page_no=14492'>14492<\/a><\/li>\n\n\n\n<li><a>...<\/a><\/li>\n\n\n\n<li><a href='?page_no=36999'>36999<\/a><\/li>\n\n\n\n<li><a href='?page_no=37000'>37000<\/a><\/li>\n\n    \n\t\n\n<li >\n\t<a href='?page_no=14491'>Next<\/a>\n\t<\/li>\n\n\n    \n\n<li><a href='?page_no=37000'>Last &rsaquo;&rsaquo;<\/a><\/li>\n\n<\/ul>\n\n\n--><br \/>\n<\/body><\/p>\n","protected":false},"excerpt":{"rendered":"<p>SANTO DOMINGO, RD, 25 de Septiembre de 2014.- En el 51 aniversario del golpe de Estado al gobierno constitucional del Profesor Juan Bosch, el Partido de la Liberaci\u00f3n Dominicana, concebido por Bosch a su salida del PRD, diez a\u00f1os despu\u00e9s del golpe, reiter\u00f3 este mi\u00e9rcoles su compromiso para propiciar m\u00e1s y mayores pol\u00edticas p\u00fablicas que [&hellip;]<\/p>\n","protected":false},"author":3,"featured_media":0,"comment_status":"open","ping_status":"open","sticky":false,"template":"","format":"standard","meta":{"footnotes":""},"categories":[22],"tags":[],"class_list":["post-162045","post","type-post","status-publish","format-standard","hentry","category-politica"],"_links":{"self":[{"href":"https:\/\/diariodominicano.com\/index.php?rest_route=\/wp\/v2\/posts\/162045","targetHints":{"allow":["GET"]}}],"collection":[{"href":"https:\/\/diariodominicano.com\/index.php?rest_route=\/wp\/v2\/posts"}],"about":[{"href":"https:\/\/diariodominicano.com\/index.php?rest_route=\/wp\/v2\/types\/post"}],"author":[{"embeddable":true,"href":"https:\/\/diariodominicano.com\/index.php?rest_route=\/wp\/v2\/users\/3"}],"replies":[{"embeddable":true,"href":"https:\/\/diariodominicano.com\/index.php?rest_route=%2Fwp%2Fv2%2Fcomments&post=162045"}],"version-history":[{"count":0,"href":"https:\/\/diariodominicano.com\/index.php?rest_route=\/wp\/v2\/posts\/162045\/revisions"}],"wp:attachment":[{"href":"https:\/\/diariodominicano.com\/index.php?rest_route=%2Fwp%2Fv2%2Fmedia&parent=162045"}],"wp:term":[{"taxonomy":"category","embeddable":true,"href":"https:\/\/diariodominicano.com\/index.php?rest_route=%2Fwp%2Fv2%2Fcategories&post=162045"},{"taxonomy":"post_tag","embeddable":true,"href":"https:\/\/diariodominicano.com\/index.php?rest_route=%2Fwp%2Fv2%2Ftags&post=162045"}],"curies":[{"name":"wp","href":"https:\/\/api.w.org\/{rel}","templated":true}]}}