{"id":162043,"date":"2014-09-25T18:28:17","date_gmt":"2014-09-25T18:28:17","guid":{"rendered":"http:\/\/diariodominicano.ddns.net\/?p=162043"},"modified":"2014-09-25T18:28:17","modified_gmt":"2014-09-25T18:28:17","slug":"franklin-almeyda-desarrollara-esta-noche-el-tema-el-golpe-de-estado-a-juan-bosch-y-la-participacion-de-la-juventud","status":"publish","type":"post","link":"https:\/\/diariodominicano.com\/?p=162043","title":{"rendered":"Franklin Almeyda  desarrollar\u00e1 esta noche  el tema \u00abEl Golpe de Estado a Juan Bosch y la participaci\u00f3n de la Juventud"},"content":{"rendered":"<p><body><\/p>\n<p><img decoding=\"async\" src=\"img3\/franco00.jpg\" \/>  <\/p>\n<p><span class=\"text1noticias\"> <\/span><\/p>\n<p><span class=\"text1noticias\">SANTO DOMINGO, RD, 25 de Septiembre de 2014.- El 25 de septiembre de 1963, una alianza de los grupos m\u00e1s conservadores de la sociedad dominicana con el apoyo del Gobierno de Estados Unidos, derroc\u00f3 el Gobierno Constitucional del profesor Juan Bosch.<\/span><\/p>\n<p><span class=\"text1noticias\"> <\/span><\/p>\n<p><span class=\"text1noticias\">As\u00ed lo recuerda  el segmento de efem\u00e9rides Vanguardia del Pueblo, vocero escrito del Partido de la Liberaci\u00f3n Dominicana, al conmemorarse el 51 aniversario del Golpe de Estado contra el profesor Juan Bosch.<\/span><\/p>\n<p><span class=\"text1noticias\"> <\/span><\/p>\n<p><span class=\"text1noticias\">\u00abSe consuma el golpe de Estado contra el Gobierno democr\u00e1tico del presidente Juan Bosch\u00bb, se titula el relato en el que se  refiere que los aliados en el golpe hab\u00edan hecho esfuerzos para impedir que Juan Bosch y su compa\u00f1ero de boleta, doctor Segundo Armando Gonz\u00e1lez Tamayo, candidatos del Partido Revolucionario Dominicano (PRD), ganaran las elecciones de 1962.<\/span><\/p>\n<p><span class=\"text1noticias\"> <\/span><\/p>\n<p><span class=\"text1noticias\">\u00abDirigentes de los adversarios de los candidatos del PRD, formaron el partido Acci\u00f3n Dominicana Independiente (ADI), que luego se unir\u00eda a la Uni\u00f3n C\u00edvica Nacional, para tratar de impedir que Bosch llegara a la Presidencia de la Rep\u00fablica\u00bb, se explica en la historia.<\/span><\/p>\n<p><span class=\"text1noticias\"> <\/span><\/p>\n<p><span class=\"text1noticias\">Se\u00f1ala las elecciones generales, las primeras democr\u00e1ticas que celebr\u00f3 el pa\u00eds tras la ca\u00edda de la dictadura de Rafael Le\u00f3nidas Trujillo Molina, se llevaron a cabo el 20 de diciembre de 1962.<\/span><\/p>\n<p><span class=\"text1noticias\"> <\/span><\/p>\n<p><span class=\"text1noticias\">Recuerda que en esas elecciones el Partido Revolucionario Dominicano derrot\u00f3 de manera aplastante a su principal rival, la Uni\u00f3n C\u00edvica Nacional y aliados, que llev\u00f3 como candidato presidencial a su l\u00edder, el doctor Viriato Fiallo.<\/span><\/p>\n<p><span class=\"text1noticias\"> <\/span><\/p>\n<p><span class=\"text1noticias\">A prop\u00f3sito de la fecha,  Franklin Almeyda, miembro fundador del PLD, desarrollar\u00e1 esta noche  el tema \u00abEl Golpe de Estado a Juan Bosch y la participaci\u00f3n de la Juventud\u00bb, con los fines de reflexionar sobre las consecuencias negativas de aquella acci\u00f3n.<\/span><\/p>\n<p><span class=\"text1noticias\"> <\/span><\/p>\n<p><span class=\"text1noticias\">La exposici\u00f3n de Almeyda se realizara en la Mesa de la JPLD, conversatorio que se realiza todos los jueves a partir de las 6:30 de la tarde en la casa Nacional del PLD en Gascue.<\/span><\/p>\n<p><span class=\"text1noticias\"> <\/span><\/p>\n<p><span class=\"text1noticias\">Mediante nota y las redes sociales las Secretarias de Comunicaciones y Juventud del Partido de la Liberaci\u00f3n Dominicana est\u00e1n invitando a la actividad que posterior a una exposici\u00f3n central, tendr\u00e1n una parte interactiva con preguntas y respuestas.<\/span><\/p>\n<\/p>\n<h6> 2014-09-25 18:28:17 <\/h6>\n<p><!--\n<link rel=\"stylesheet\" href=\"css\/bootstrap.min.css\">\n\n\n<ul class=\"pagination\">\n\t    \n\t\n\n<li >\n\t<a href='?page_no=14488'>Previous<\/a>\n\t<\/li>\n\n\n       \n    \n\n<li><a href='?page_no=1'>1<\/a><\/li>\n\n\n\n<li><a href='?page_no=2'>2<\/a><\/li>\n\n\n\n<li><a>...<\/a><\/li>\n\n\n\n<li><a href='?page_no=14487'>14487<\/a><\/li>\n\n\n\n<li><a href='?page_no=14488'>14488<\/a><\/li>\n\n\n\n<li class='active'><a>14489<\/a><\/li>\n\n\n\n<li><a href='?page_no=14490'>14490<\/a><\/li>\n\n\n\n<li><a href='?page_no=14491'>14491<\/a><\/li>\n\n\n\n<li><a>...<\/a><\/li>\n\n\n\n<li><a href='?page_no=36999'>36999<\/a><\/li>\n\n\n\n<li><a href='?page_no=37000'>37000<\/a><\/li>\n\n    \n\t\n\n<li >\n\t<a href='?page_no=14490'>Next<\/a>\n\t<\/li>\n\n\n    \n\n<li><a href='?page_no=37000'>Last &rsaquo;&rsaquo;<\/a><\/li>\n\n<\/ul>\n\n\n--><br \/>\n<\/body><\/p>\n","protected":false},"excerpt":{"rendered":"<p>SANTO DOMINGO, RD, 25 de Septiembre de 2014.- El 25 de septiembre de 1963, una alianza de los grupos m\u00e1s conservadores de la sociedad dominicana con el apoyo del Gobierno de Estados Unidos, derroc\u00f3 el Gobierno Constitucional del profesor Juan Bosch. As\u00ed lo recuerda el segmento de efem\u00e9rides Vanguardia del Pueblo, vocero escrito del Partido [&hellip;]<\/p>\n","protected":false},"author":3,"featured_media":0,"comment_status":"open","ping_status":"open","sticky":false,"template":"","format":"standard","meta":{"footnotes":""},"categories":[22],"tags":[],"class_list":["post-162043","post","type-post","status-publish","format-standard","hentry","category-politica"],"_links":{"self":[{"href":"https:\/\/diariodominicano.com\/index.php?rest_route=\/wp\/v2\/posts\/162043","targetHints":{"allow":["GET"]}}],"collection":[{"href":"https:\/\/diariodominicano.com\/index.php?rest_route=\/wp\/v2\/posts"}],"about":[{"href":"https:\/\/diariodominicano.com\/index.php?rest_route=\/wp\/v2\/types\/post"}],"author":[{"embeddable":true,"href":"https:\/\/diariodominicano.com\/index.php?rest_route=\/wp\/v2\/users\/3"}],"replies":[{"embeddable":true,"href":"https:\/\/diariodominicano.com\/index.php?rest_route=%2Fwp%2Fv2%2Fcomments&post=162043"}],"version-history":[{"count":0,"href":"https:\/\/diariodominicano.com\/index.php?rest_route=\/wp\/v2\/posts\/162043\/revisions"}],"wp:attachment":[{"href":"https:\/\/diariodominicano.com\/index.php?rest_route=%2Fwp%2Fv2%2Fmedia&parent=162043"}],"wp:term":[{"taxonomy":"category","embeddable":true,"href":"https:\/\/diariodominicano.com\/index.php?rest_route=%2Fwp%2Fv2%2Fcategories&post=162043"},{"taxonomy":"post_tag","embeddable":true,"href":"https:\/\/diariodominicano.com\/index.php?rest_route=%2Fwp%2Fv2%2Ftags&post=162043"}],"curies":[{"name":"wp","href":"https:\/\/api.w.org\/{rel}","templated":true}]}}