{"id":162041,"date":"2014-09-25T18:44:24","date_gmt":"2014-09-25T18:44:24","guid":{"rendered":"http:\/\/diariodominicano.ddns.net\/?p=162041"},"modified":"2014-09-25T18:44:24","modified_gmt":"2014-09-25T18:44:24","slug":"pre-candidato-a-diputado-alexis-sanchez-propone-cruzada-para-reduccion-embarazos-en-adolescentes","status":"publish","type":"post","link":"https:\/\/diariodominicano.com\/?p=162041","title":{"rendered":"&#13;Pre-candidato a diputado Alexis S\u00e1nchez propone cruzada para reducci\u00f3n embarazos en adolescentes"},"content":{"rendered":"<p><body><\/p>\n<p><img decoding=\"async\" src=\"img3\/precandiatodiputado.jpg\" \/>  <\/p>\n<\/p>\n<p><span class=\"text1noticias\">San Crist\u00f3bal, R.D, 25 de septiembre.-El aspirante a diputado por el Partido de la Liberaci\u00f3n Dominicana (PLD), por la circunscripci\u00f3n n\u00famero uno, Alexis S\u00e1nchez, reaccion\u00f3 muy preocupado por el alto \u00edndice de adolescentes embarazadas en esta provincia sure\u00f1a.<\/span><\/p>\n<\/p>\n<p><span class=\"text1noticias\">Alexis S\u00e1nchez precis\u00f3 que el dato que ofrece el estudio realizado por ENDESA 2013 en que revela San Crist\u00f3bal ocupa el quinto lugar en adolescentes embarazadas y las consecuencias negativas que esto  acarrea principalmente en el aumento de la pobreza.<\/span><\/p>\n<\/p>\n<p><span class=\"text1noticias\">Se\u00f1ala que el tiempo de la ni\u00f1ez y la adolescencia es para estudiar, prepararse, realizar cursos t\u00e9cnicos y vocacionales para luego obtener un trabajo y un salario digno.<\/span><\/p>\n<\/p>\n<p><span class=\"text1noticias\">Propuso a los diferentes sectores de la sociedad a concienciar sobre este problema que contribuye a perpetuar el ciclo de  la pobreza y a la feminizaci\u00f3n de la miseria toda vez que frena el ciclo natural de desarrollo, aleja a las personas del sistema educativo, les impide obtener trabajos dignos y bajos ingresos.<\/span><\/p>\n<\/p>\n<p><span class=\"text1noticias\">Salud\u00f3 la iniciativa del Fondo de Poblaci\u00f3n de las Naciones Unidas (UNFPA) y del Instituto Dominicano de Acci\u00f3n Comunitaria (IDAC) por la impartici\u00f3n del primer Seminario Provincial para medios de Comunicaci\u00f3n sobre Salud Sexual y Reproductiva dirigido a periodistas para que los mismos se unan a la sensibilizaci\u00f3n sobre este flagelo que es un problema de todos.<\/span><\/p>\n<p><span class=\"text1noticias\"> <\/span><\/p>\n<p><span class=\"text1noticias\">Signific\u00f3 que es penoso ver adolescentes cargando ni\u00f1os o ni\u00f1as, abandonando sus centros educativos, mendigando, gestionando hasta una canastilla y otras veces sin oportunidades por la falta de formaci\u00f3n y preparaci\u00f3n educativa.<\/span><\/p>\n<\/p>\n<p><span class=\"text1noticias\">Reiter\u00f3 que los diferentes sectores p\u00fablico, privado, profesores, estudiantes, m\u00e9dicos, periodistas, campesinos, chiriperos, religiosos ,deportistas, amas de casa ,dirigentes pol\u00edticos, funcionarios  y empresarios, deben contribuir para que San Crist\u00f3bal salga de esta lista que lo convierte en candidato a la perpetuaci\u00f3n de la pobreza y la marginalidad.<\/span><\/p>\n<h6> 2014-09-25 18:44:24 <\/h6>\n<p><!--\n<link rel=\"stylesheet\" href=\"css\/bootstrap.min.css\">\n\n\n<ul class=\"pagination\">\n\t    \n\t\n\n<li >\n\t<a href='?page_no=14486'>Previous<\/a>\n\t<\/li>\n\n\n       \n    \n\n<li><a href='?page_no=1'>1<\/a><\/li>\n\n\n\n<li><a href='?page_no=2'>2<\/a><\/li>\n\n\n\n<li><a>...<\/a><\/li>\n\n\n\n<li><a href='?page_no=14485'>14485<\/a><\/li>\n\n\n\n<li><a href='?page_no=14486'>14486<\/a><\/li>\n\n\n\n<li class='active'><a>14487<\/a><\/li>\n\n\n\n<li><a href='?page_no=14488'>14488<\/a><\/li>\n\n\n\n<li><a href='?page_no=14489'>14489<\/a><\/li>\n\n\n\n<li><a>...<\/a><\/li>\n\n\n\n<li><a href='?page_no=36999'>36999<\/a><\/li>\n\n\n\n<li><a href='?page_no=37000'>37000<\/a><\/li>\n\n    \n\t\n\n<li >\n\t<a href='?page_no=14488'>Next<\/a>\n\t<\/li>\n\n\n    \n\n<li><a href='?page_no=37000'>Last &rsaquo;&rsaquo;<\/a><\/li>\n\n<\/ul>\n\n\n--><br \/>\n<\/body><\/p>\n","protected":false},"excerpt":{"rendered":"<p>San Crist\u00f3bal, R.D, 25 de septiembre.-El aspirante a diputado por el Partido de la Liberaci\u00f3n Dominicana (PLD), por la circunscripci\u00f3n n\u00famero uno, Alexis S\u00e1nchez, reaccion\u00f3 muy preocupado por el alto \u00edndice de adolescentes embarazadas en esta provincia sure\u00f1a. Alexis S\u00e1nchez precis\u00f3 que el dato que ofrece el estudio realizado por ENDESA 2013 en que revela [&hellip;]<\/p>\n","protected":false},"author":3,"featured_media":0,"comment_status":"open","ping_status":"open","sticky":false,"template":"","format":"standard","meta":{"footnotes":""},"categories":[22],"tags":[],"class_list":["post-162041","post","type-post","status-publish","format-standard","hentry","category-politica"],"_links":{"self":[{"href":"https:\/\/diariodominicano.com\/index.php?rest_route=\/wp\/v2\/posts\/162041","targetHints":{"allow":["GET"]}}],"collection":[{"href":"https:\/\/diariodominicano.com\/index.php?rest_route=\/wp\/v2\/posts"}],"about":[{"href":"https:\/\/diariodominicano.com\/index.php?rest_route=\/wp\/v2\/types\/post"}],"author":[{"embeddable":true,"href":"https:\/\/diariodominicano.com\/index.php?rest_route=\/wp\/v2\/users\/3"}],"replies":[{"embeddable":true,"href":"https:\/\/diariodominicano.com\/index.php?rest_route=%2Fwp%2Fv2%2Fcomments&post=162041"}],"version-history":[{"count":0,"href":"https:\/\/diariodominicano.com\/index.php?rest_route=\/wp\/v2\/posts\/162041\/revisions"}],"wp:attachment":[{"href":"https:\/\/diariodominicano.com\/index.php?rest_route=%2Fwp%2Fv2%2Fmedia&parent=162041"}],"wp:term":[{"taxonomy":"category","embeddable":true,"href":"https:\/\/diariodominicano.com\/index.php?rest_route=%2Fwp%2Fv2%2Fcategories&post=162041"},{"taxonomy":"post_tag","embeddable":true,"href":"https:\/\/diariodominicano.com\/index.php?rest_route=%2Fwp%2Fv2%2Ftags&post=162041"}],"curies":[{"name":"wp","href":"https:\/\/api.w.org\/{rel}","templated":true}]}}