{"id":162038,"date":"2014-09-25T20:21:32","date_gmt":"2014-09-25T20:21:32","guid":{"rendered":"http:\/\/diariodominicano.ddns.net\/?p=162038"},"modified":"2014-09-25T20:21:32","modified_gmt":"2014-09-25T20:21:32","slug":"luis-abinader-encabezara-varios-encuentros-este-fin-de-semana-en-la-florida-con-dirigentes-del-prm-y-la-convergencia","status":"publish","type":"post","link":"https:\/\/diariodominicano.com\/?p=162038","title":{"rendered":"&#13;Luis Abinader  encabezar\u00e1 varios encuentros este fin de semana en la Florida con dirigentes del PRM y la Convergencia"},"content":{"rendered":"<p><body><\/p>\n<p><img decoding=\"async\" src=\"img3\/luis.jpg\" \/>  <\/p>\n<\/p>\n<\/p>\n<p>Santo Domingo, RD 25 de septiembre.- El aspirante presidencial del Partido Revolucionario Moderno, Luis Abinader, estar\u00e1 este fin de semana en la Florida, Estados Unidos, donde  encabezar\u00e1 varios encuentros con dirigentes del PRM y la Convergencia, se reunir\u00e1 con autoridades del Estado y ofrecer\u00e1 una conferencia sobre las perspectivas del actual proceso pol\u00edtico dominicano.<\/p>\n<\/p>\n<p>El economista y empresario dominicano llegar\u00e1 a las siete de la noche  al Aeropuerto de Miami, donde ser\u00e1 recibido por la  Direcci\u00f3n Pol\u00edtica del PRM en esa ciudad. En la ma\u00f1ana del s\u00e1bado participar\u00e1 en un desayuno rueda de prensa y luego  se reunir\u00e1 en privado con autoridades locales de Miami.<\/p>\n<\/p>\n<p>La agenda del s\u00e1bado de Luis Abinader incluye reuniones con importantes l\u00edderes del PRM en Estados Unidos, almuerzo con empresarios y profesionales de la Florida y a partir de las siete de la noche pronunciar\u00e1 la conferencia sobre \u00abEl PRM y la Convergencia, por un mejor pa\u00eds\u00bb. Esta actividad tendr\u00e1 lugar en Homewood suite by Hilton.<\/p>\n<\/p>\n<p>El domingo el licenciado Abinader se trasladar\u00e1 a West Palm Beach para intercambiar con el liderazgo pol\u00edtico y representativo de la comunidad dominicana de las ciudades de Kissimme, Orlando y Tampa.<\/p>\n<\/p>\n<p>La agenda del dirigente opositor incluye un encuentro con el sector externo de su proyecto pol\u00edtico, bajo la coordinaci\u00f3n del doctor Santiago Hazim.<\/p>\n<\/p>\n<p>El programa de la visita del licenciado Abinader a la Florida ha sido preparado por su equipo de Direcci\u00f3n de Campa\u00f1a de este estado dirigido por Manuel Nin Matos, Edward Cruz y Richard Montilla Supervisado por la Direcci\u00f3n Internacional de su proyecto presidencial, bajo la coordinaci\u00f3n de Margarito Carlos  De Le\u00f3n, Georgie Ubri y Antonio Fern\u00e1ndez Mena e Wilfredo Lewis.<\/p>\n<h6> 2014-09-25 20:21:32 <\/h6>\n<p><!--\n<link rel=\"stylesheet\" href=\"css\/bootstrap.min.css\">\n\n\n<ul class=\"pagination\">\n\t    \n\t\n\n<li >\n\t<a href='?page_no=14483'>Previous<\/a>\n\t<\/li>\n\n\n       \n    \n\n<li><a href='?page_no=1'>1<\/a><\/li>\n\n\n\n<li><a href='?page_no=2'>2<\/a><\/li>\n\n\n\n<li><a>...<\/a><\/li>\n\n\n\n<li><a href='?page_no=14482'>14482<\/a><\/li>\n\n\n\n<li><a href='?page_no=14483'>14483<\/a><\/li>\n\n\n\n<li class='active'><a>14484<\/a><\/li>\n\n\n\n<li><a href='?page_no=14485'>14485<\/a><\/li>\n\n\n\n<li><a href='?page_no=14486'>14486<\/a><\/li>\n\n\n\n<li><a>...<\/a><\/li>\n\n\n\n<li><a href='?page_no=36999'>36999<\/a><\/li>\n\n\n\n<li><a href='?page_no=37000'>37000<\/a><\/li>\n\n    \n\t\n\n<li >\n\t<a href='?page_no=14485'>Next<\/a>\n\t<\/li>\n\n\n    \n\n<li><a href='?page_no=37000'>Last &rsaquo;&rsaquo;<\/a><\/li>\n\n<\/ul>\n\n\n--><br \/>\n<\/body><\/p>\n","protected":false},"excerpt":{"rendered":"<p>Santo Domingo, RD 25 de septiembre.- El aspirante presidencial del Partido Revolucionario Moderno, Luis Abinader, estar\u00e1 este fin de semana en la Florida, Estados Unidos, donde encabezar\u00e1 varios encuentros con dirigentes del PRM y la Convergencia, se reunir\u00e1 con autoridades del Estado y ofrecer\u00e1 una conferencia sobre las perspectivas del actual proceso pol\u00edtico dominicano. El [&hellip;]<\/p>\n","protected":false},"author":3,"featured_media":0,"comment_status":"open","ping_status":"open","sticky":false,"template":"","format":"standard","meta":{"footnotes":""},"categories":[22],"tags":[],"class_list":["post-162038","post","type-post","status-publish","format-standard","hentry","category-politica"],"_links":{"self":[{"href":"https:\/\/diariodominicano.com\/index.php?rest_route=\/wp\/v2\/posts\/162038","targetHints":{"allow":["GET"]}}],"collection":[{"href":"https:\/\/diariodominicano.com\/index.php?rest_route=\/wp\/v2\/posts"}],"about":[{"href":"https:\/\/diariodominicano.com\/index.php?rest_route=\/wp\/v2\/types\/post"}],"author":[{"embeddable":true,"href":"https:\/\/diariodominicano.com\/index.php?rest_route=\/wp\/v2\/users\/3"}],"replies":[{"embeddable":true,"href":"https:\/\/diariodominicano.com\/index.php?rest_route=%2Fwp%2Fv2%2Fcomments&post=162038"}],"version-history":[{"count":0,"href":"https:\/\/diariodominicano.com\/index.php?rest_route=\/wp\/v2\/posts\/162038\/revisions"}],"wp:attachment":[{"href":"https:\/\/diariodominicano.com\/index.php?rest_route=%2Fwp%2Fv2%2Fmedia&parent=162038"}],"wp:term":[{"taxonomy":"category","embeddable":true,"href":"https:\/\/diariodominicano.com\/index.php?rest_route=%2Fwp%2Fv2%2Fcategories&post=162038"},{"taxonomy":"post_tag","embeddable":true,"href":"https:\/\/diariodominicano.com\/index.php?rest_route=%2Fwp%2Fv2%2Ftags&post=162038"}],"curies":[{"name":"wp","href":"https:\/\/api.w.org\/{rel}","templated":true}]}}