{"id":162037,"date":"2014-09-25T22:59:55","date_gmt":"2014-09-25T22:59:55","guid":{"rendered":"http:\/\/diariodominicano.ddns.net\/?p=162037"},"modified":"2014-09-25T22:59:55","modified_gmt":"2014-09-25T22:59:55","slug":"reinaldo-pared-perez-recorrera-este-fin-de-semana-la-provincia-de-la-vega","status":"publish","type":"post","link":"https:\/\/diariodominicano.com\/?p=162037","title":{"rendered":"Reinaldo Pared P\u00e9rez recorrer\u00e1 este fin de semana la provincia de La Vega&#13;"},"content":{"rendered":"<p><body><\/p>\n<p><img decoding=\"async\" src=\"img3\/reinaldo.jpg\" \/>  <\/p>\n<p><span class=\"text1noticias\">Santo Domingo, RD, 25 de Septiembre.-El aspirante presidencial Reinaldo Pared P\u00e9rez recorrer\u00e1 este fin de semana la provincia de La Vega, como parte de sus actividades en procura de lograr la candidatura a la Presidencia por el gobernante Partido de la Liberaci\u00f3n Dominicana (PLD), de cara a las elecciones del 15 de mayo de 2016.<\/span><\/p>\n<\/p>\n<p><span class=\"text1noticias\">Un comunicado de prensa de la oficina pol\u00edtica del doctor Pared P\u00e9rez, explica que el aspirante presidencial iniciar\u00e1 sus actividades el viernes en horas de la ma\u00f1ana en La Vega, continuar\u00e1 por Jarabacoa y otras comunidades, donde permanecer\u00e1 hasta el domingo haciendo contactos y conquistando el respaldo de los pelede\u00edstas y sectores sociales de la provincia.<\/span><\/p>\n<\/p>\n<p><span class=\"text1noticias\">El tambi\u00e9n secretario general del PLD y senador por el Distrito Nacional, se reunir\u00e1 con dirigentes y militantes de esa organizaci\u00f3n pol\u00edtica, as\u00ed como con representantes de sectores productivos, juveniles, culturales y deportivos, religiosos, amas de casa y profesionales de diversas ramas, entre otros.<\/span><\/p>\n<\/p>\n<p><span class=\"text1noticias\">Tanto en La Vega como en Jarabacoa, el doctor Pared P\u00e9rez ofrecer\u00e1 sendas ruedas de prensa en las que intercambiar\u00e1 con periodistas y comunicadores de ambas comunidades sobre diversos temas, especialmente sobre la aceptaci\u00f3n que ha logrado como aspirante a la candidatura presidencial por el PLD en el pa\u00eds y en el exterior.<\/span><\/p>\n<\/p>\n<p><span class=\"text1noticias\">El doctor Pared P\u00e9rez inici\u00f3 su campa\u00f1a por la candidatura presidencial del PLD el pasado 17 de febrero con recorridos por las provincias y encuentros de masas con sectores como la mujer, la juventud, cultura, deportes, municipalidad, entre otros,  y en siete meses ha logrado un gran posicionamiento en la preferencia electoral, dentro y fuera de la organizaci\u00f3n pol\u00edtica, con amplias posibilidades de convertirse en el candidato del PLD para las elecciones del 2016.(HG)<\/span>.<\/p>\n<h6> 2014-09-25 22:59:55 <\/h6>\n<p><!--\n<link rel=\"stylesheet\" href=\"css\/bootstrap.min.css\">\n\n\n<ul class=\"pagination\">\n\t    \n\t\n\n<li >\n\t<a href='?page_no=14482'>Previous<\/a>\n\t<\/li>\n\n\n       \n    \n\n<li><a href='?page_no=1'>1<\/a><\/li>\n\n\n\n<li><a href='?page_no=2'>2<\/a><\/li>\n\n\n\n<li><a>...<\/a><\/li>\n\n\n\n<li><a href='?page_no=14481'>14481<\/a><\/li>\n\n\n\n<li><a href='?page_no=14482'>14482<\/a><\/li>\n\n\n\n<li class='active'><a>14483<\/a><\/li>\n\n\n\n<li><a href='?page_no=14484'>14484<\/a><\/li>\n\n\n\n<li><a href='?page_no=14485'>14485<\/a><\/li>\n\n\n\n<li><a>...<\/a><\/li>\n\n\n\n<li><a href='?page_no=36999'>36999<\/a><\/li>\n\n\n\n<li><a href='?page_no=37000'>37000<\/a><\/li>\n\n    \n\t\n\n<li >\n\t<a href='?page_no=14484'>Next<\/a>\n\t<\/li>\n\n\n    \n\n<li><a href='?page_no=37000'>Last &rsaquo;&rsaquo;<\/a><\/li>\n\n<\/ul>\n\n\n--><br \/>\n<\/body><\/p>\n","protected":false},"excerpt":{"rendered":"<p>Santo Domingo, RD, 25 de Septiembre.-El aspirante presidencial Reinaldo Pared P\u00e9rez recorrer\u00e1 este fin de semana la provincia de La Vega, como parte de sus actividades en procura de lograr la candidatura a la Presidencia por el gobernante Partido de la Liberaci\u00f3n Dominicana (PLD), de cara a las elecciones del 15 de mayo de 2016. [&hellip;]<\/p>\n","protected":false},"author":3,"featured_media":0,"comment_status":"open","ping_status":"open","sticky":false,"template":"","format":"standard","meta":{"footnotes":""},"categories":[22],"tags":[],"class_list":["post-162037","post","type-post","status-publish","format-standard","hentry","category-politica"],"_links":{"self":[{"href":"https:\/\/diariodominicano.com\/index.php?rest_route=\/wp\/v2\/posts\/162037","targetHints":{"allow":["GET"]}}],"collection":[{"href":"https:\/\/diariodominicano.com\/index.php?rest_route=\/wp\/v2\/posts"}],"about":[{"href":"https:\/\/diariodominicano.com\/index.php?rest_route=\/wp\/v2\/types\/post"}],"author":[{"embeddable":true,"href":"https:\/\/diariodominicano.com\/index.php?rest_route=\/wp\/v2\/users\/3"}],"replies":[{"embeddable":true,"href":"https:\/\/diariodominicano.com\/index.php?rest_route=%2Fwp%2Fv2%2Fcomments&post=162037"}],"version-history":[{"count":0,"href":"https:\/\/diariodominicano.com\/index.php?rest_route=\/wp\/v2\/posts\/162037\/revisions"}],"wp:attachment":[{"href":"https:\/\/diariodominicano.com\/index.php?rest_route=%2Fwp%2Fv2%2Fmedia&parent=162037"}],"wp:term":[{"taxonomy":"category","embeddable":true,"href":"https:\/\/diariodominicano.com\/index.php?rest_route=%2Fwp%2Fv2%2Fcategories&post=162037"},{"taxonomy":"post_tag","embeddable":true,"href":"https:\/\/diariodominicano.com\/index.php?rest_route=%2Fwp%2Fv2%2Ftags&post=162037"}],"curies":[{"name":"wp","href":"https:\/\/api.w.org\/{rel}","templated":true}]}}