{"id":162036,"date":"2014-09-26T13:52:03","date_gmt":"2014-09-26T13:52:03","guid":{"rendered":"http:\/\/diariodominicano.ddns.net\/?p=162036"},"modified":"2014-09-26T13:52:03","modified_gmt":"2014-09-26T13:52:03","slug":"destacados-expertos-de-iberoamerica-disertaran-en-curso-sobre-campanas-electorales-en-el-siglo-xxi","status":"publish","type":"post","link":"https:\/\/diariodominicano.com\/?p=162036","title":{"rendered":"Destacados expertos de Iberoam\u00e9rica Disertar\u00e1n en curso sobre \u00abCampa\u00f1as electorales en el siglo XXI\u00bb"},"content":{"rendered":"<p><body><\/p>\n<p><img decoding=\"async\" src=\"img3\/crsu 26.jpg\" \/>  <\/p>\n<p>Santo Domingo RD 26 septiembre.-Una decena de destacados consultores y estrategas pol\u00edticos de Iberoam\u00e9rica vendr\u00e1n al pa\u00eds para participar como expositores en el curso sobre \u00abCampa\u00f1as electorales en el siglo XXI: de la improvisaci\u00f3n a la ciencia\u00bb,  que impartir\u00e1 la Academia para la  Profesionalizaci\u00f3n de la Pol\u00edtica (APP), los d\u00edas 1 y 2 del mes de octubre pr\u00f3ximo.<\/p>\n<\/p>\n<p>El curso, que ser\u00e1 impartido en el Gran Sal\u00f3n del Hotel Occidental El Embajador, de esta capital, est\u00e1 dirigido a funcionarios electos de todos los niveles del Estado dominicano, lo mismo que a profesionales de la mercadotecnia y publicidad, aspirantes a posiciones electivas, analistas pol\u00edticos de medios de comunicaci\u00f3n, estudiantes de ciencias pol\u00edticas y aficionados a los temas pol\u00edtico-electorales.<\/p>\n<\/p>\n<p>Seg\u00fan el presidente de la APP, Ricardo P\u00e9rez Fern\u00e1ndez, \u00abel objetivo del curso es dotar a los participantes de todas las herramientas t\u00e9cnicas y pr\u00e1cticas necesarias para articular una campa\u00f1a electoral profesional y lograr un enfoque cient\u00edfico de la arista electoral de la pol\u00edtica, matizado por el uso de la tecnolog\u00eda y las \u00faltimas t\u00e9cnicas de la investigaci\u00f3n\u00bb.<\/p>\n<\/p>\n<p>Indica adem\u00e1s, que la iniciativa busca propiciar un abordaje innovador y frugal sobre los procesos electorales, para que estos sean m\u00e1s eficientes, y en consecuencia, m\u00e1s cortos y menos costosos\u00bb.<\/p>\n<\/p>\n<p><strong>Expositores y conferencias<\/strong><\/p>\n<\/p>\n<p>Entre los conferencistas del curso figura Antonio Sol\u00e1,  experimentado estratega pol\u00edtico que ha asesorado m\u00e1s de 20 campa\u00f1as electorales exitosas en Iberoam\u00e9rica. Sol\u00e1, quien tiene a su cargo la conferencia inaugural, hablar\u00e1 sobre \u00abEfectos de la profesionalizaci\u00f3n en la evoluci\u00f3n de la estrategia pol\u00edtica\u00bb.<\/p>\n<\/p>\n<p>Igualmente relevante, la conferencia de clausura, pautada para el segundo d\u00eda del curso, est\u00e1 a cargo del veterano consultor pol\u00edtico Carlos Fara, quien ha asesorado m\u00e1s de 110 campa\u00f1as electorales y figura entre los 10 mejores estrategas pol\u00edticos de la regi\u00f3n. Fara es especialista en estrategias pol\u00edticas, campa\u00f1as electorales, opini\u00f3n p\u00fablica y comunicaci\u00f3n de gobierno. En el curso, explicar\u00e1 c\u00f3mo se construye y se prepara un candidato.<\/p>\n<\/p>\n<p>Tambi\u00e9n figura entre los conferencistas el destacado consultor pol\u00edtico mexicano Alfredo D\u00e1valos, vicepresidente de la Asociaci\u00f3n Latinoamericana de Consultores Pol\u00edticos (ALACOP), quien tiene casi 20 a\u00f1os de experiencia en campa\u00f1as pol\u00edticas, gubernamentales, institucionales y de ONGs. D\u00e1valos abordar\u00e1 el tema \u00abLas Estructuras de las campa\u00f1as electorales y la conformaci\u00f3n de los planes de campa\u00f1a. \u00c1mbito municipal y provincial\u00bb.<\/p>\n<\/p>\n<p>De igual manera, intervendr\u00e1 Ricardo Paz Ballivian, soci\u00f3logo graduado en la Universidad Nacional Aut\u00f3noma de M\u00e9xico, quien tiene especialidad en Reformas Pol\u00edticas y un M\u00e1ster en Elaboraci\u00f3n y Evaluaci\u00f3n de Proyectos y Planificaci\u00f3n Estrat\u00e9gica. Paz Ballivian hablar\u00e1 sobre \u00abLas Estructuras de las campa\u00f1as electorales y la conformaci\u00f3n de los planes de campa\u00f1a. \u00c1mbito Presidencial\u00bb.<\/p>\n<\/p>\n<p>Asimismo, participar\u00e1 como expositora Lilian Pag\u00e1n, quien tiene m\u00e1s de 30 a\u00f1os de experiencia en el \u00e1rea de investigaci\u00f3n y es fundadora de ASISA, a cuyo equipo ha guiado hacia nuevas formas metodol\u00f3gicas y actualizaci\u00f3n de m\u00e9todos emp\u00edricos. La conferencia de Pagan versar\u00e1 sobre \u00abInvestigaci\u00f3n demosc\u00f3pica en la fase inicial de las campa\u00f1as electorales\u00bb.<\/p>\n<\/p>\n<p>En el cierre del primer d\u00eda del curso intervendr\u00e1 como conferencista Marcos Maga\u00f1a, quien lleva 25 a\u00f1os de labores en consultor\u00eda de comunicaci\u00f3n, \u00e1rea en la que ha desempe\u00f1ado diferentes funciones. Maga\u00f1a hablar\u00e1 sobre \u00abEstrategia Pol\u00edtica: Una visi\u00f3n general y enfoque particular sobre propaganda, mensaje y medios\u00bb.<\/p>\n<\/p>\n<p>En el segundo d\u00eda del curso intervendr\u00e1n como conferencistas los conocidos expertos Javier S\u00e1nchez Galicia, Jordi Segarra, Gustavo Perdomo, Roberto Trad y Carlos Fara.<\/p>\n<\/p>\n<p>S\u00e1nchez Galicia es consultor en comunicaci\u00f3n pol\u00edtica para gobiernos estatales y municipales, y adem\u00e1s tiene especialidad en Comunicaci\u00f3n de Crisis. Precisamente, en el curso hablar\u00e1 sobre \u00abEstrategia Pol\u00edtica: visi\u00f3n general y enfoque particular sobre el \u00abWar Room\u00bb y el manejo de crisis\u00bb.<\/p>\n<\/p>\n<p>En tanto que Jordi Segarra ha dirigido estrategias de l\u00edderes, partidos pol\u00edticos y campa\u00f1as para varios de los principales partidos pol\u00edticos y gobiernos en Europa, \u00c1frica y Am\u00e9rica. Desde la direcci\u00f3n estrat\u00e9gica de \u00abEl Equipo de Campa\u00f1a\u00bb (www.elequipo.org se ocupa del estudio, creaci\u00f3n, aplicaci\u00f3n y seguimiento de estrategias de comunicaci\u00f3n pol\u00edtica y electoral. Su ponencia versar\u00e1 sobre \u00abEstrategia Pol\u00edtica: Visi\u00f3n general y enfoque particular campa\u00f1as de tierra\u00bb.<\/p>\n<\/p>\n<p>Mientras que Gustavo Perdomo, otro de los expositores, tiene estudios en la escuela de Comando y Estado Mayor \u00abManuel Enrique Araujo\u00bb, donde obtuvo un Diplomado de Estado Mayor, adem\u00e1s de que es profesor militar de t\u00e1ctica y operaciones. Su conferencia girar\u00e1 en torno a \u00abEjecuci\u00f3n de las campa\u00f1as electorales en funci\u00f3n del plan de campa\u00f1a. \u00c1mbito municipal y provincial\u00bb.<\/p>\n<\/p>\n<p>En cuanto a Roberto Trad, este experto ha participado en 35 campa\u00f1as pol\u00edticas (presidenciales, estatales, departamentales, legislativas y municipales) en M\u00e9xico, Ecuador, El Salvador y Colombia. Su tema es \u00abEjecuci\u00f3n de las campa\u00f1as electorales en funci\u00f3n del plan de campa\u00f1a. \u00c1mbito Presidencial\u00bb.<\/p>\n<\/p>\n<p>La Academia de Profesionalizaci\u00f3n de la Pol\u00edtica (APP) es una instituci\u00f3n sin fines de lucro conformada por una comunidad de profesionales de diversas \u00e1reas con el objetivo de constituirse en un espacio de formaci\u00f3n t\u00e9cnica y pr\u00e1ctica en procura de dos objetivos: la profesionalizaci\u00f3n de la pol\u00edtica y la mejor\u00eda de la gobernanza en todos los \u00e1mbitos institucionales del Estado.<\/p>\n<h6> 2014-09-26 13:52:03 <\/h6>\n<p><!--\n<link rel=\"stylesheet\" href=\"css\/bootstrap.min.css\">\n\n\n<ul class=\"pagination\">\n\t    \n\t\n\n<li >\n\t<a href='?page_no=14481'>Previous<\/a>\n\t<\/li>\n\n\n       \n    \n\n<li><a href='?page_no=1'>1<\/a><\/li>\n\n\n\n<li><a href='?page_no=2'>2<\/a><\/li>\n\n\n\n<li><a>...<\/a><\/li>\n\n\n\n<li><a href='?page_no=14480'>14480<\/a><\/li>\n\n\n\n<li><a href='?page_no=14481'>14481<\/a><\/li>\n\n\n\n<li class='active'><a>14482<\/a><\/li>\n\n\n\n<li><a href='?page_no=14483'>14483<\/a><\/li>\n\n\n\n<li><a href='?page_no=14484'>14484<\/a><\/li>\n\n\n\n<li><a>...<\/a><\/li>\n\n\n\n<li><a href='?page_no=36999'>36999<\/a><\/li>\n\n\n\n<li><a href='?page_no=37000'>37000<\/a><\/li>\n\n    \n\t\n\n<li >\n\t<a href='?page_no=14483'>Next<\/a>\n\t<\/li>\n\n\n    \n\n<li><a href='?page_no=37000'>Last &rsaquo;&rsaquo;<\/a><\/li>\n\n<\/ul>\n\n\n--><br \/>\n<\/body><\/p>\n","protected":false},"excerpt":{"rendered":"<p>Santo Domingo RD 26 septiembre.-Una decena de destacados consultores y estrategas pol\u00edticos de Iberoam\u00e9rica vendr\u00e1n al pa\u00eds para participar como expositores en el curso sobre \u00abCampa\u00f1as electorales en el siglo XXI: de la improvisaci\u00f3n a la ciencia\u00bb, que impartir\u00e1 la Academia para la Profesionalizaci\u00f3n de la Pol\u00edtica (APP), los d\u00edas 1 y 2 del mes [&hellip;]<\/p>\n","protected":false},"author":3,"featured_media":0,"comment_status":"open","ping_status":"open","sticky":false,"template":"","format":"standard","meta":{"footnotes":""},"categories":[22],"tags":[],"class_list":["post-162036","post","type-post","status-publish","format-standard","hentry","category-politica"],"_links":{"self":[{"href":"https:\/\/diariodominicano.com\/index.php?rest_route=\/wp\/v2\/posts\/162036","targetHints":{"allow":["GET"]}}],"collection":[{"href":"https:\/\/diariodominicano.com\/index.php?rest_route=\/wp\/v2\/posts"}],"about":[{"href":"https:\/\/diariodominicano.com\/index.php?rest_route=\/wp\/v2\/types\/post"}],"author":[{"embeddable":true,"href":"https:\/\/diariodominicano.com\/index.php?rest_route=\/wp\/v2\/users\/3"}],"replies":[{"embeddable":true,"href":"https:\/\/diariodominicano.com\/index.php?rest_route=%2Fwp%2Fv2%2Fcomments&post=162036"}],"version-history":[{"count":0,"href":"https:\/\/diariodominicano.com\/index.php?rest_route=\/wp\/v2\/posts\/162036\/revisions"}],"wp:attachment":[{"href":"https:\/\/diariodominicano.com\/index.php?rest_route=%2Fwp%2Fv2%2Fmedia&parent=162036"}],"wp:term":[{"taxonomy":"category","embeddable":true,"href":"https:\/\/diariodominicano.com\/index.php?rest_route=%2Fwp%2Fv2%2Fcategories&post=162036"},{"taxonomy":"post_tag","embeddable":true,"href":"https:\/\/diariodominicano.com\/index.php?rest_route=%2Fwp%2Fv2%2Ftags&post=162036"}],"curies":[{"name":"wp","href":"https:\/\/api.w.org\/{rel}","templated":true}]}}