{"id":162035,"date":"2014-09-26T15:26:51","date_gmt":"2014-09-26T15:26:51","guid":{"rendered":"http:\/\/diariodominicano.ddns.net\/?p=162035"},"modified":"2014-09-26T15:26:51","modified_gmt":"2014-09-26T15:26:51","slug":"leonel-fernandez-sostendra-un-encuentro-comunitario-en-city-college-en-nueva-jersey","status":"publish","type":"post","link":"https:\/\/diariodominicano.com\/?p=162035","title":{"rendered":"Leonel Fern\u00e1ndez sostendr\u00e1 un encuentro comunitario en City College en Nueva Jersey"},"content":{"rendered":"<p><body><\/p>\n<p><img decoding=\"async\" src=\"img3\/leo 26.jpg\" \/>  <\/p>\n<p>Nueva York 26 septiembre.- El ex presidente dominicano y presidente del Partido de la Liberaci\u00f3n Dominicana (PLD), doctor Leonel Fern\u00e1ndez Reyna, encabezar\u00e1 m\u00faltiples actividades este fin de semana, para promover sus aspiraciones presidenciales en las elecciones generales del 15 de mayo del 2016.<\/p>\n<\/p>\n<p>La apretada agenda del ex mandatario, comenzar\u00e1 ma\u00f1ana s\u00e1bado 27 de septiembre a las 10:00 de la ma\u00f1ana, cuando sistendr\u00e1 una reuni\u00f3n con la direcci\u00f3n pol\u00edtica del PLD en el estado de Nueva York, en el restaurante lounge South Beach de la avenida Saint Nicholas y la calle 180.<\/p>\n<\/p>\n<p>A las 2:00 de la tarde de ese mismo d\u00eda, tendr\u00e1 un almuerzo en Vacca Grill and Lounge de la calle 203 en el Alto Manhattan. A las 6:00 de la tarde del s\u00e1bado, estar\u00e1 en una masiva actividad de apoyo en New Jersey.<\/p>\n<\/p>\n<p>El domingo 28 a las 11:00 de la ma\u00f1ana, Leonel encabezar\u00e1 un encuentro con la comunidad dominicana en un auditorio Shepard Hall de City College en la avenida Convenant.<\/p>\n<\/p>\n<p>A las 2:00 de la tarde, estar\u00e1 en un encuentro con representantes de los taxistas en el restaurante lounge 809 de la avenida Dickman en el Alto Manhattan.<\/p>\n<\/p>\n<p>A las 5:00 de la tarde, se reunir\u00e1 con deportistas locales en la calle 167 y la avenida Edgecombe.<\/p>\n<\/p>\n<p>A las 7:00 de la noche, se encontrar\u00e1 con representantes del sector empresarial en el auditorio de la cl\u00ednica Pediatr\u00eda 2000, del doctor Juan Tapia Mendoza, un galeno que figura entre sus m\u00e1s destacados cuadros en Nueva York.<\/p>\n<\/p>\n<p>El ingeniero Carlos Feliz, presidente del PLD en Manhattan y uno de los coordinadores del equipo de Leonel en Nueva York, dijo que las expectativas reinantes para las actividades del ex presidente, son m\u00e1s que impresionantes.<\/p>\n<\/p>\n<p>Convoc\u00f3 a la comunidad en general a asistir masivamente al encuentro en City College, en la que Fern\u00e1ndez expondr\u00e1 ampliamente sobre los logros para la di\u00e1spora y los futuros programas de pr\u00f3ximos gobiernos del PLD para los dominicanos en el exterior<\/p>\n<h6> 2014-09-26 15:26:51 <\/h6>\n<p><!--\n<link rel=\"stylesheet\" href=\"css\/bootstrap.min.css\">\n\n\n<ul class=\"pagination\">\n\t    \n\t\n\n<li >\n\t<a href='?page_no=14480'>Previous<\/a>\n\t<\/li>\n\n\n       \n    \n\n<li><a href='?page_no=1'>1<\/a><\/li>\n\n\n\n<li><a href='?page_no=2'>2<\/a><\/li>\n\n\n\n<li><a>...<\/a><\/li>\n\n\n\n<li><a href='?page_no=14479'>14479<\/a><\/li>\n\n\n\n<li><a href='?page_no=14480'>14480<\/a><\/li>\n\n\n\n<li class='active'><a>14481<\/a><\/li>\n\n\n\n<li><a href='?page_no=14482'>14482<\/a><\/li>\n\n\n\n<li><a href='?page_no=14483'>14483<\/a><\/li>\n\n\n\n<li><a>...<\/a><\/li>\n\n\n\n<li><a href='?page_no=36999'>36999<\/a><\/li>\n\n\n\n<li><a href='?page_no=37000'>37000<\/a><\/li>\n\n    \n\t\n\n<li >\n\t<a href='?page_no=14482'>Next<\/a>\n\t<\/li>\n\n\n    \n\n<li><a href='?page_no=37000'>Last &rsaquo;&rsaquo;<\/a><\/li>\n\n<\/ul>\n\n\n--><br \/>\n<\/body><\/p>\n","protected":false},"excerpt":{"rendered":"<p>Nueva York 26 septiembre.- El ex presidente dominicano y presidente del Partido de la Liberaci\u00f3n Dominicana (PLD), doctor Leonel Fern\u00e1ndez Reyna, encabezar\u00e1 m\u00faltiples actividades este fin de semana, para promover sus aspiraciones presidenciales en las elecciones generales del 15 de mayo del 2016. La apretada agenda del ex mandatario, comenzar\u00e1 ma\u00f1ana s\u00e1bado 27 de septiembre [&hellip;]<\/p>\n","protected":false},"author":3,"featured_media":0,"comment_status":"open","ping_status":"open","sticky":false,"template":"","format":"standard","meta":{"footnotes":""},"categories":[22],"tags":[],"class_list":["post-162035","post","type-post","status-publish","format-standard","hentry","category-politica"],"_links":{"self":[{"href":"https:\/\/diariodominicano.com\/index.php?rest_route=\/wp\/v2\/posts\/162035","targetHints":{"allow":["GET"]}}],"collection":[{"href":"https:\/\/diariodominicano.com\/index.php?rest_route=\/wp\/v2\/posts"}],"about":[{"href":"https:\/\/diariodominicano.com\/index.php?rest_route=\/wp\/v2\/types\/post"}],"author":[{"embeddable":true,"href":"https:\/\/diariodominicano.com\/index.php?rest_route=\/wp\/v2\/users\/3"}],"replies":[{"embeddable":true,"href":"https:\/\/diariodominicano.com\/index.php?rest_route=%2Fwp%2Fv2%2Fcomments&post=162035"}],"version-history":[{"count":0,"href":"https:\/\/diariodominicano.com\/index.php?rest_route=\/wp\/v2\/posts\/162035\/revisions"}],"wp:attachment":[{"href":"https:\/\/diariodominicano.com\/index.php?rest_route=%2Fwp%2Fv2%2Fmedia&parent=162035"}],"wp:term":[{"taxonomy":"category","embeddable":true,"href":"https:\/\/diariodominicano.com\/index.php?rest_route=%2Fwp%2Fv2%2Fcategories&post=162035"},{"taxonomy":"post_tag","embeddable":true,"href":"https:\/\/diariodominicano.com\/index.php?rest_route=%2Fwp%2Fv2%2Ftags&post=162035"}],"curies":[{"name":"wp","href":"https:\/\/api.w.org\/{rel}","templated":true}]}}