{"id":162034,"date":"2014-09-26T16:58:38","date_gmt":"2014-09-26T16:58:38","guid":{"rendered":"http:\/\/diariodominicano.ddns.net\/?p=162034"},"modified":"2014-09-26T16:58:38","modified_gmt":"2014-09-26T16:58:38","slug":"presidente-del-prd-dice-no-descarta-acuerdo-con-el-ex-presidente-hipolito-mejia","status":"publish","type":"post","link":"https:\/\/diariodominicano.com\/?p=162034","title":{"rendered":"Presidente del PRD dice no descarta acuerdo con el ex presidente Hip\u00f3lito Mej\u00eda"},"content":{"rendered":"<p><body><\/p>\n<p><img decoding=\"async\" src=\"img3\/vargas 26.jpg\" \/>  <\/p>\n<p>Vargas no descarta acuerdo con Hip\u00f3lito<\/p>\n<\/p>\n<p>Miguel Vargas<\/p>\n<p>NUEVA YORK, 26 de septiembre.- El candidato presidencial del Partido Revolucionario Dominicano (PRD), Miguel Vargas, no descarta acuerdos con el expresidente Hip\u00f3lito Mej\u00eda ni con ning\u00fan otro sector pol\u00edtico que contribuyan al triunfo de esa organizaci\u00f3n en 2016.<\/p>\n<p>\u00abPara nosotros, lo fundamental es ganar la Presidencia en 2016, para hacer los cambios y transformaciones que los gobiernos del Partido de la Liberaci\u00f3n Dominicana no han sabido, o no han querido, realizar\u00bb, indic\u00f3.<\/p>\n<p>Aunque reconoci\u00f3 que Danilo Medina ha introducido cambios significativos en el estilo de gobernar, critic\u00f3 que tras m\u00e1s de dos a\u00f1os en la presidencia, \u00e9ste no ha realizado cambios estructurales y fundamentales para combatir la inseguridad ciudadana, el alto costo de la vida, el desempleo y el problema energ\u00e9tico.<\/p>\n<p>Vargas, quien se encuentra en Nueva York desde el pasado domingo, fue entrevistado en el programa El Sol de la Ma\u00f1ana.<\/p>\n<h6> 2014-09-26 16:58:38 <\/h6>\n<p><!--\n<link rel=\"stylesheet\" href=\"css\/bootstrap.min.css\">\n\n\n<ul class=\"pagination\">\n\t    \n\t\n\n<li >\n\t<a href='?page_no=14479'>Previous<\/a>\n\t<\/li>\n\n\n       \n    \n\n<li><a href='?page_no=1'>1<\/a><\/li>\n\n\n\n<li><a href='?page_no=2'>2<\/a><\/li>\n\n\n\n<li><a>...<\/a><\/li>\n\n\n\n<li><a href='?page_no=14478'>14478<\/a><\/li>\n\n\n\n<li><a href='?page_no=14479'>14479<\/a><\/li>\n\n\n\n<li class='active'><a>14480<\/a><\/li>\n\n\n\n<li><a href='?page_no=14481'>14481<\/a><\/li>\n\n\n\n<li><a href='?page_no=14482'>14482<\/a><\/li>\n\n\n\n<li><a>...<\/a><\/li>\n\n\n\n<li><a href='?page_no=36999'>36999<\/a><\/li>\n\n\n\n<li><a href='?page_no=37000'>37000<\/a><\/li>\n\n    \n\t\n\n<li >\n\t<a href='?page_no=14481'>Next<\/a>\n\t<\/li>\n\n\n    \n\n<li><a href='?page_no=37000'>Last &rsaquo;&rsaquo;<\/a><\/li>\n\n<\/ul>\n\n\n--><br \/>\n<\/body><\/p>\n","protected":false},"excerpt":{"rendered":"<p>Vargas no descarta acuerdo con Hip\u00f3lito Miguel Vargas NUEVA YORK, 26 de septiembre.- El candidato presidencial del Partido Revolucionario Dominicano (PRD), Miguel Vargas, no descarta acuerdos con el expresidente Hip\u00f3lito Mej\u00eda ni con ning\u00fan otro sector pol\u00edtico que contribuyan al triunfo de esa organizaci\u00f3n en 2016. \u00abPara nosotros, lo fundamental es ganar la Presidencia en [&hellip;]<\/p>\n","protected":false},"author":3,"featured_media":0,"comment_status":"open","ping_status":"open","sticky":false,"template":"","format":"standard","meta":{"footnotes":""},"categories":[22],"tags":[],"class_list":["post-162034","post","type-post","status-publish","format-standard","hentry","category-politica"],"_links":{"self":[{"href":"https:\/\/diariodominicano.com\/index.php?rest_route=\/wp\/v2\/posts\/162034","targetHints":{"allow":["GET"]}}],"collection":[{"href":"https:\/\/diariodominicano.com\/index.php?rest_route=\/wp\/v2\/posts"}],"about":[{"href":"https:\/\/diariodominicano.com\/index.php?rest_route=\/wp\/v2\/types\/post"}],"author":[{"embeddable":true,"href":"https:\/\/diariodominicano.com\/index.php?rest_route=\/wp\/v2\/users\/3"}],"replies":[{"embeddable":true,"href":"https:\/\/diariodominicano.com\/index.php?rest_route=%2Fwp%2Fv2%2Fcomments&post=162034"}],"version-history":[{"count":0,"href":"https:\/\/diariodominicano.com\/index.php?rest_route=\/wp\/v2\/posts\/162034\/revisions"}],"wp:attachment":[{"href":"https:\/\/diariodominicano.com\/index.php?rest_route=%2Fwp%2Fv2%2Fmedia&parent=162034"}],"wp:term":[{"taxonomy":"category","embeddable":true,"href":"https:\/\/diariodominicano.com\/index.php?rest_route=%2Fwp%2Fv2%2Fcategories&post=162034"},{"taxonomy":"post_tag","embeddable":true,"href":"https:\/\/diariodominicano.com\/index.php?rest_route=%2Fwp%2Fv2%2Ftags&post=162034"}],"curies":[{"name":"wp","href":"https:\/\/api.w.org\/{rel}","templated":true}]}}