{"id":162032,"date":"2014-09-26T17:04:35","date_gmt":"2014-09-26T17:04:35","guid":{"rendered":"http:\/\/diariodominicano.ddns.net\/?p=162032"},"modified":"2014-09-26T17:04:35","modified_gmt":"2014-09-26T17:04:35","slug":"miguel-vargas-defiende-la-imagen-de-rd-en-internacional-socialista","status":"publish","type":"post","link":"https:\/\/diariodominicano.com\/?p=162032","title":{"rendered":"Miguel Vargas defiende la imagen de RD en Internacional Socialista&#13;"},"content":{"rendered":"<p><body><\/p>\n<p><img decoding=\"async\" src=\"img3\/vargas 26.jpg\" \/><br \/><img decoding=\"async\" src=\"img3\/en onu 26.jpg\" \/>  <\/p>\n<p>Nueva York 26 septiembre.- El presidente y candidato presidencial del PRD, Miguel Vargas, defendi\u00f3 la imagen de la Rep\u00fablica Dominicana en una reuni\u00f3n del Presidum de la Internacional Socialista (IS), en la Organizaci\u00f3n de las Naciones Unidas (ONU).<\/p>\n<p>En el encuentro, encabezado por George Papandreou, presidente de esa entidad y Lu\u00eds Ayala, secretario general, Vargas asegur\u00f3 que su pa\u00eds no fomenta la apatridia<\/p>\n<\/p>\n<p>\u00abAprovecho este escenario, donde est\u00e1n presentes estadistas y l\u00edderes de todo el mundo, para asegurar que en Rep\u00fablica Dominicana no fomentamos la apatridia, y que no es cierto que se niegue documentaci\u00f3n de identidad a los inmigrantes\u00bb.<\/p>\n<\/p>\n<p>Dijo que por contrario, el Congreso acaba de aprobar, con el respaldo de los legisladores del PRD, una Ley de Naturalizaci\u00f3n. \u00abEn realidad, el pueblo dominicano es el que m\u00e1s y mejores esfuerzos ha realizado y realiza para ayudar a nuestros hermanos haitianos\u00bb.<\/p>\n<\/p>\n<p>Vargas respondi\u00f3 a declaraciones del representante local del Alto Comisionado de las Naciones Unidas para los Refugiados (ACNUR) Gonzalo Vargas Llosa, quien ha se\u00f1alado que en mi pa\u00eds se fomenta la apatridia.<\/p>\n<\/p>\n<p>Expres\u00f3 que la situaci\u00f3n social, econ\u00f3mica y pol\u00edtica de Hait\u00ed es muy dif\u00edcil y Dominicana no puede \u00abecharse encima toda la carga, por lo que reiter\u00f3 el llamado que tanto \u00e9l como otros dirigentes, incluyendo al presidente Danilo Medina, hacer algo para que la comunidad internacional sea realmente efectiva en su ayuda al pueblo haitiano\u00bb.  <\/p>\n<\/p>\n<p>Por otro lado, abog\u00f3 por que los partidos social dem\u00f3cratas contribuyan con las acciones que se realizan para controlar la enfermedad del \u00e9bola que afecta a pa\u00edses de \u00c1frica, a los fines de evitar su propagaci\u00f3n hacia otras zonas del Planeta.<\/p>\n<\/p>\n<h6> 2014-09-26 17:04:35 <\/h6>\n<p><!--\n<link rel=\"stylesheet\" href=\"css\/bootstrap.min.css\">\n\n\n<ul class=\"pagination\">\n\t    \n\t\n\n<li >\n\t<a href='?page_no=14478'>Previous<\/a>\n\t<\/li>\n\n\n       \n    \n\n<li><a href='?page_no=1'>1<\/a><\/li>\n\n\n\n<li><a href='?page_no=2'>2<\/a><\/li>\n\n\n\n<li><a>...<\/a><\/li>\n\n\n\n<li><a href='?page_no=14477'>14477<\/a><\/li>\n\n\n\n<li><a href='?page_no=14478'>14478<\/a><\/li>\n\n\n\n<li class='active'><a>14479<\/a><\/li>\n\n\n\n<li><a href='?page_no=14480'>14480<\/a><\/li>\n\n\n\n<li><a href='?page_no=14481'>14481<\/a><\/li>\n\n\n\n<li><a>...<\/a><\/li>\n\n\n\n<li><a href='?page_no=36999'>36999<\/a><\/li>\n\n\n\n<li><a href='?page_no=37000'>37000<\/a><\/li>\n\n    \n\t\n\n<li >\n\t<a href='?page_no=14480'>Next<\/a>\n\t<\/li>\n\n\n    \n\n<li><a href='?page_no=37000'>Last &rsaquo;&rsaquo;<\/a><\/li>\n\n<\/ul>\n\n\n--><br \/>\n<\/body><\/p>\n","protected":false},"excerpt":{"rendered":"<p>Nueva York 26 septiembre.- El presidente y candidato presidencial del PRD, Miguel Vargas, defendi\u00f3 la imagen de la Rep\u00fablica Dominicana en una reuni\u00f3n del Presidum de la Internacional Socialista (IS), en la Organizaci\u00f3n de las Naciones Unidas (ONU). En el encuentro, encabezado por George Papandreou, presidente de esa entidad y Lu\u00eds Ayala, secretario general, Vargas [&hellip;]<\/p>\n","protected":false},"author":3,"featured_media":0,"comment_status":"open","ping_status":"open","sticky":false,"template":"","format":"standard","meta":{"footnotes":""},"categories":[22],"tags":[],"class_list":["post-162032","post","type-post","status-publish","format-standard","hentry","category-politica"],"_links":{"self":[{"href":"https:\/\/diariodominicano.com\/index.php?rest_route=\/wp\/v2\/posts\/162032","targetHints":{"allow":["GET"]}}],"collection":[{"href":"https:\/\/diariodominicano.com\/index.php?rest_route=\/wp\/v2\/posts"}],"about":[{"href":"https:\/\/diariodominicano.com\/index.php?rest_route=\/wp\/v2\/types\/post"}],"author":[{"embeddable":true,"href":"https:\/\/diariodominicano.com\/index.php?rest_route=\/wp\/v2\/users\/3"}],"replies":[{"embeddable":true,"href":"https:\/\/diariodominicano.com\/index.php?rest_route=%2Fwp%2Fv2%2Fcomments&post=162032"}],"version-history":[{"count":0,"href":"https:\/\/diariodominicano.com\/index.php?rest_route=\/wp\/v2\/posts\/162032\/revisions"}],"wp:attachment":[{"href":"https:\/\/diariodominicano.com\/index.php?rest_route=%2Fwp%2Fv2%2Fmedia&parent=162032"}],"wp:term":[{"taxonomy":"category","embeddable":true,"href":"https:\/\/diariodominicano.com\/index.php?rest_route=%2Fwp%2Fv2%2Fcategories&post=162032"},{"taxonomy":"post_tag","embeddable":true,"href":"https:\/\/diariodominicano.com\/index.php?rest_route=%2Fwp%2Fv2%2Ftags&post=162032"}],"curies":[{"name":"wp","href":"https:\/\/api.w.org\/{rel}","templated":true}]}}