{"id":162031,"date":"2014-09-26T17:39:55","date_gmt":"2014-09-26T17:39:55","guid":{"rendered":"http:\/\/diariodominicano.ddns.net\/?p=162031"},"modified":"2014-09-26T17:39:55","modified_gmt":"2014-09-26T17:39:55","slug":"franklin-almeyda-dice-que-en-su-gobierno-juan-bosch-cumplio-su-compromiso-de-preservar-las-libertades-publicas","status":"publish","type":"post","link":"https:\/\/diariodominicano.com\/?p=162031","title":{"rendered":"&#13;Franklin Almeyda dice que en su gobierno,  Juan Bosch,  cumpli\u00f3 su compromiso de preservar las libertades p\u00fablicas."},"content":{"rendered":"<p><body><\/p>\n<p><img decoding=\"async\" src=\"img3\/frankklinalmeyda.jpg\" \/>  <\/p>\n<\/p>\n<\/p>\n<p><span class=\"text1noticias\">Santo Domingo, RD, 26 de septiembre, El Partido de la Liberaci\u00f3n Dominicana (PLD), desde su accionar como partido pol\u00edtico y desde el gobierno, ha ido cumpliendo con los prop\u00f3sitos de su fundaci\u00f3n, trazados por su fundador, el profesor Juan Bosch, precis\u00f3 Franklin Almeyda al participar en la Mesa del Dialogo de la JPLD, que cada semana organiza la Juventud del Partido de la Liberaci\u00f3n Dominicana.<\/span><\/p>\n<\/p>\n<p><span class=\"text1noticias\">Almeyda, como conferencista invitado,  abord\u00f3 el tema \u00abEl Golpe de Estado a Juan Bosch y la participaci\u00f3n de la Juventud\u00bb, ante un  p\u00fablico mayoritariamente de j\u00f3venes que abarrot\u00f3 el sal\u00f3n de recepciones de la Casa Nacional del PLD, sus  balcones y escalinata.<\/span><\/p>\n<\/p>\n<p><span class=\"text1noticias\">El tambi\u00e9n miembro del Comit\u00e9 Pol\u00edtico pelede\u00edsta apoy\u00f3 su exposici\u00f3n, de aproximadamente una hora,  con documentos de la \u00e9poca e im\u00e1genes que se presentaron en pantalla gigante.<\/span><\/p>\n<\/p>\n<p><span class=\"text1noticias\">Respondi\u00f3 afirmativamente a la pregunta de si el PLD hab\u00eda cumplido con los prop\u00f3sitos originarios de esa organizaci\u00f3n, fundada en diciembre del a\u00f1o 1973, diez a\u00f1os despu\u00e9s del golpe de Estado al gobierno constitucional del Profesor Juan Bosch.<\/span><\/p>\n<\/p>\n<p><span class=\"text1noticias\">Franklin Almeyda record\u00f3 que dos fueron los prop\u00f3sitos esenciales del PLD al momento de fundarse. Uno, completar la obra inconclusa del patricio, Juan Pablo y Duarte y un segundo objetivo de  sustentar y defender los derechos de los ciudadanos y ciudadanas de la Rep\u00fablica Dominicana y de los seres humanos del mundo. <\/span><\/p>\n<\/p>\n<p><span class=\"text1noticias\">Refiri\u00f3 que cuando Duarte funda la Rep\u00fablica, lo que hace es proclamarla y los sectores conservadores, \u00abatrasados\u00bb no le dieron tiempo para que organizara el Estado, bajo los esquemas imperantes en ese entonces en Europa en donde estudi\u00f3.<\/span><\/p>\n<\/p>\n<p><span class=\"text1noticias\">\u00abCompletar la obra de Duarte es lo que viene realizando el Partido de la Liberaci\u00f3n Dominicana cuando  moderniza el Estado dominicano\u00bb, dijo Almeyda poniendo de ejemplo la promulgaci\u00f3n de la Constituci\u00f3n del a\u00f1o 2010, la que coloca como modelo  de modernizaci\u00f3n formal del Estado dominicano.<\/span><\/p>\n<p><span class=\"text1noticias\"> <\/span><\/p>\n<p><span class=\"text1noticias\">Refiri\u00f3 que la carta magna que nos rige se hizo apoyar en la Constituci\u00f3n del a\u00f1o 1963, promulgada en el gobierno del Profesor Juan Bosch, derogada por el golpe de Estado al gobierno constitucional que la promulg\u00f3. <\/span><\/p>\n<\/p>\n<p><span class=\"text1noticias\">En torno al golpe septembrino del 63, Almeyda dijo que se  origin\u00f3 desde dos \u00e1mbitos;  el externo, a prop\u00f3sito de la Guerra Fr\u00eda entre los Estados Unidos y la desaparecida Uni\u00f3n Sovi\u00e9tica y uno interno o nacional, que encontr\u00f3 de aliado en el \u00e1mbito internacional, representado en grupos olig\u00e1rquicos locales, interesados en tener para s\u00ed las empresas propiedades del tirano Rafael Le\u00f3nidas Trujillo, que pasaron a ser patrimonio del Estado.<\/span><\/p>\n<\/p>\n<p><span class=\"text1noticias\">Denunci\u00f3 Franklin Almeyda en su exposici\u00f3n, que desde el Pent\u00e1gono se actu\u00f3 exigiendo los gobiernos democr\u00e1ticos de Latinoam\u00e9rica, en ese entonces,  persiguieran, maltrataran y enviaran a las c\u00e1rceles a los que se expresaban como revolucionarios simpatizantes del socialismo y de la revoluci\u00f3n cubana, presi\u00f3n que rechaz\u00f3 el Profesor Juan Bosch, deviniendo entonces en el golpe de Estado.<\/span><\/p>\n<\/p>\n<p><span class=\"text1noticias\">\u00abBosch se neg\u00f3 a perseguir a los revolucionarios,  m\u00e1s bien les garantiz\u00f3  el ejercicio de sus derechos, tal y como lo proclam\u00f3 en su discurso de toma posesi\u00f3n en el que se comprometi\u00f3 y lo cumpli\u00f3, que en su gesti\u00f3n de gobierno la libertad, no perecer\u00eda\u00bb<\/span><\/p>\n<\/p>\n<p><span class=\"text1noticias\">La Mesa del Dialogo de la JPLD se desarroll\u00f3 con las palabras de bienvenida a cargo de Franklin Rodr\u00edguez, Presidente de la Juventud del Partido de la Liberaci\u00f3n Dominicana, una semblanza del expositor a cargo de \u00c1lvaro N\u00fa\u00f1ez del Comit\u00e9 Central del PLD en Puerto Rico y la conferencia de Almeyda.<\/span><\/p>\n<\/p>\n<p><span class=\"text1noticias\">Franklin Almeyda recomend\u00f3 a los j\u00f3venes una serie de libros del Profesor Juan Bosch, en los  que explican  los hechos hist\u00f3ricos y sociales, resaltando entre ellos \u00abEl Pentagonismo, sustituto del Imperialismo\u00bb reglando un ejemplar del mismo al Embajador de Venezuela en Rep\u00fablica Dominicana Alberto Castellar, quien particip\u00f3 de la conferencia de Almeyda.<\/span><\/p>\n<h6> 2014-09-26 17:39:55 <\/h6>\n<p><!--\n<link rel=\"stylesheet\" href=\"css\/bootstrap.min.css\">\n\n\n<ul class=\"pagination\">\n\t    \n\t\n\n<li >\n\t<a href='?page_no=14477'>Previous<\/a>\n\t<\/li>\n\n\n       \n    \n\n<li><a href='?page_no=1'>1<\/a><\/li>\n\n\n\n<li><a href='?page_no=2'>2<\/a><\/li>\n\n\n\n<li><a>...<\/a><\/li>\n\n\n\n<li><a href='?page_no=14476'>14476<\/a><\/li>\n\n\n\n<li><a href='?page_no=14477'>14477<\/a><\/li>\n\n\n\n<li class='active'><a>14478<\/a><\/li>\n\n\n\n<li><a href='?page_no=14479'>14479<\/a><\/li>\n\n\n\n<li><a href='?page_no=14480'>14480<\/a><\/li>\n\n\n\n<li><a>...<\/a><\/li>\n\n\n\n<li><a href='?page_no=36999'>36999<\/a><\/li>\n\n\n\n<li><a href='?page_no=37000'>37000<\/a><\/li>\n\n    \n\t\n\n<li >\n\t<a href='?page_no=14479'>Next<\/a>\n\t<\/li>\n\n\n    \n\n<li><a href='?page_no=37000'>Last &rsaquo;&rsaquo;<\/a><\/li>\n\n<\/ul>\n\n\n--><br \/>\n<\/body><\/p>\n","protected":false},"excerpt":{"rendered":"<p>Santo Domingo, RD, 26 de septiembre, El Partido de la Liberaci\u00f3n Dominicana (PLD), desde su accionar como partido pol\u00edtico y desde el gobierno, ha ido cumpliendo con los prop\u00f3sitos de su fundaci\u00f3n, trazados por su fundador, el profesor Juan Bosch, precis\u00f3 Franklin Almeyda al participar en la Mesa del Dialogo de la JPLD, que cada [&hellip;]<\/p>\n","protected":false},"author":3,"featured_media":0,"comment_status":"open","ping_status":"open","sticky":false,"template":"","format":"standard","meta":{"footnotes":""},"categories":[22],"tags":[],"class_list":["post-162031","post","type-post","status-publish","format-standard","hentry","category-politica"],"_links":{"self":[{"href":"https:\/\/diariodominicano.com\/index.php?rest_route=\/wp\/v2\/posts\/162031","targetHints":{"allow":["GET"]}}],"collection":[{"href":"https:\/\/diariodominicano.com\/index.php?rest_route=\/wp\/v2\/posts"}],"about":[{"href":"https:\/\/diariodominicano.com\/index.php?rest_route=\/wp\/v2\/types\/post"}],"author":[{"embeddable":true,"href":"https:\/\/diariodominicano.com\/index.php?rest_route=\/wp\/v2\/users\/3"}],"replies":[{"embeddable":true,"href":"https:\/\/diariodominicano.com\/index.php?rest_route=%2Fwp%2Fv2%2Fcomments&post=162031"}],"version-history":[{"count":0,"href":"https:\/\/diariodominicano.com\/index.php?rest_route=\/wp\/v2\/posts\/162031\/revisions"}],"wp:attachment":[{"href":"https:\/\/diariodominicano.com\/index.php?rest_route=%2Fwp%2Fv2%2Fmedia&parent=162031"}],"wp:term":[{"taxonomy":"category","embeddable":true,"href":"https:\/\/diariodominicano.com\/index.php?rest_route=%2Fwp%2Fv2%2Fcategories&post=162031"},{"taxonomy":"post_tag","embeddable":true,"href":"https:\/\/diariodominicano.com\/index.php?rest_route=%2Fwp%2Fv2%2Ftags&post=162031"}],"curies":[{"name":"wp","href":"https:\/\/api.w.org\/{rel}","templated":true}]}}