{"id":162030,"date":"2014-09-26T19:23:15","date_gmt":"2014-09-26T19:23:15","guid":{"rendered":"http:\/\/diariodominicano.ddns.net\/?p=162030"},"modified":"2014-09-26T19:23:15","modified_gmt":"2014-09-26T19:23:15","slug":"ramon-tejada-holguin-afirma-depende-del-presidente-danilo-medina-retorno-al-poder-de-leonel-fernandez","status":"publish","type":"post","link":"https:\/\/diariodominicano.com\/?p=162030","title":{"rendered":"&#13;&#13;Ram\u00f3n Tejada Holgu\u00edn afirma \u00b4\u00b4 Depende del presidente Danilo Medina retorno al poder de Leonel Fern\u00e1ndez \u00b4"},"content":{"rendered":"<p><body><\/p>\n<p><img decoding=\"async\" src=\"img3\/ramon3.jpg\" \/><br \/><img decoding=\"async\" src=\"img3\/ramon2.jpg\" \/>  <\/p>\n<\/p>\n<p><span class=\"text1noticias\">\u00b4<\/span><\/p>\n<\/p>\n<p><span class=\"text1noticias\">Santo Domingo, RD, 26 de septiembre.- El Polit\u00f3logo Ram\u00f3n Tejada Holgu\u00edn afirm\u00f3 que depende del presidente Danilo Medina el retorno al poder del ex presidente Leonel Fern\u00e1ndez, puesto que Medina es el l\u00edder indiscutible en el  Partido de la Liberaci\u00f3n Dominicana (PLD).<\/span><\/p>\n<\/p>\n<p><span class=\"text1noticias\">Ram\u00f3n Tejada manifest\u00f3 que el pueblo dominicano se cans\u00f3 del modelo de gobierno del ex presidente Leonel Fern\u00e1ndez, por lo que no asegura que este sea el  vencedor en las pr\u00f3ximas elecciones, sin el apoyo del Presidente Medina.<\/span><\/p>\n<\/p>\n<p><span class=\"text1noticias\">El polit\u00f3logo expres\u00f3 que Fern\u00e1ndez ya no es tan popular como en los momentos de sus gobiernos, debido a que las condiciones de la ciudadan\u00eda son mejores, lo que permite que el pueblo este m\u00e1s informado y tenga mayor capacidad para analizar y elegir.<\/span><\/p>\n<\/p>\n<p><span class=\"text1noticias\">Al ser entrevistado por el periodista Salvador Holgu\u00edn en el programa \u00a8Hilando Fino\u00a8 transmitido por Teleradio Am\u00e9rica canal 45 a las 8:00AM, Tejada reconoci\u00f3 que Fern\u00e1ndez tiene puntos a su favor por su experiencia y su calidad de presidente del Partido de la Liberaci\u00f3n Dominicana (PLD).<\/span><\/p>\n<\/p>\n<p><span class=\"text1noticias\">La reelecci\u00f3n presidencial<\/span><\/p>\n<\/p>\n<p><span class=\"text1noticias\">Ram\u00f3n Tejada se refiri\u00f3 al tema de la reelecci\u00f3n presidencial y dijo que la misma no est\u00e1 entre los planes del Presidente Danilo Medina y su equipo de gobierno a la vez que enfatiz\u00f3 que el principal objetivo del Presidente Medina es hacer un buen gobierno caracterizado por el respeto a la constituci\u00f3n.<\/span><\/p>\n<\/p>\n<p><span class=\"text1noticias\">Tejada, quien dijo apoyar abiertamente a Danilo Medina, se\u00f1al\u00f3 que la forma de hacer pol\u00edtica cambiar\u00e1 a partir de \u00e9l ya que Medina ha marcado la diferencia entre los gobernantes que ha tenido la Rep\u00fablica, en el sentido en que cumple y responde al pa\u00eds.<\/span><\/p>\n<\/p>\n<p><span class=\"text1noticias\">La oposici\u00f3n <\/span><\/p>\n<\/p>\n<p><span class=\"text1noticias\">Al hablar del papel de la opci\u00f3n Ram\u00f3n Tejada expres\u00f3 que la misma necesita un poco m\u00e1s de norte, que debe cambiar sus t\u00e1cticas para estar m\u00e1s acorde con los tiempos y poder hacer una verdadera oposici\u00f3n a los desaciertos del gobierno.<\/span><\/p>\n<\/p>\n<p><span class=\"text1noticias\">Tejada se refiri\u00f3 a los l\u00edderes de la oposici\u00f3n, y dijo que Miguel Vargas tiene una concepci\u00f3n pol\u00edtica arcaica que no le permite la construcci\u00f3n de lo colectivo, se\u00f1al\u00f3 que este apuesta a los conflicto del Partido Revolucionario Moderno (PRM) y el dinero que manejar\u00e1 el Partido Revolucionario Dominicano (PRD) para ganar en las pr\u00f3ximas elecciones.<\/span><\/p>\n<\/p>\n<p><span class=\"text1noticias\">El programa \u00abHilando Fino\u00bb se transmite de lunes a viernes a las 8 am por Teleradio Am\u00e9rica canal 45 y para los Estados Unidos, Centro Am\u00e9rica y Europa por S\u00faper Canal Caribe, Cablevisi\u00f3n 211, Comcast 620, Time Warner Cable 809 y Verizon FiOS 1507 y por la Internet www.hilandofinotv.com, en youtube \/hilandofinotv.<\/span><\/p>\n<\/p>\n<h6> 2014-09-26 19:23:15 <\/h6>\n<p><!--\n<link rel=\"stylesheet\" href=\"css\/bootstrap.min.css\">\n\n\n<ul class=\"pagination\">\n\t    \n\t\n\n<li >\n\t<a href='?page_no=14476'>Previous<\/a>\n\t<\/li>\n\n\n       \n    \n\n<li><a href='?page_no=1'>1<\/a><\/li>\n\n\n\n<li><a href='?page_no=2'>2<\/a><\/li>\n\n\n\n<li><a>...<\/a><\/li>\n\n\n\n<li><a href='?page_no=14475'>14475<\/a><\/li>\n\n\n\n<li><a href='?page_no=14476'>14476<\/a><\/li>\n\n\n\n<li class='active'><a>14477<\/a><\/li>\n\n\n\n<li><a href='?page_no=14478'>14478<\/a><\/li>\n\n\n\n<li><a href='?page_no=14479'>14479<\/a><\/li>\n\n\n\n<li><a>...<\/a><\/li>\n\n\n\n<li><a href='?page_no=36999'>36999<\/a><\/li>\n\n\n\n<li><a href='?page_no=37000'>37000<\/a><\/li>\n\n    \n\t\n\n<li >\n\t<a href='?page_no=14478'>Next<\/a>\n\t<\/li>\n\n\n    \n\n<li><a href='?page_no=37000'>Last &rsaquo;&rsaquo;<\/a><\/li>\n\n<\/ul>\n\n\n--><br \/>\n<\/body><\/p>\n","protected":false},"excerpt":{"rendered":"<p>\u00b4 Santo Domingo, RD, 26 de septiembre.- El Polit\u00f3logo Ram\u00f3n Tejada Holgu\u00edn afirm\u00f3 que depende del presidente Danilo Medina el retorno al poder del ex presidente Leonel Fern\u00e1ndez, puesto que Medina es el l\u00edder indiscutible en el Partido de la Liberaci\u00f3n Dominicana (PLD). Ram\u00f3n Tejada manifest\u00f3 que el pueblo dominicano se cans\u00f3 del modelo de [&hellip;]<\/p>\n","protected":false},"author":3,"featured_media":0,"comment_status":"open","ping_status":"open","sticky":false,"template":"","format":"standard","meta":{"footnotes":""},"categories":[22],"tags":[],"class_list":["post-162030","post","type-post","status-publish","format-standard","hentry","category-politica"],"_links":{"self":[{"href":"https:\/\/diariodominicano.com\/index.php?rest_route=\/wp\/v2\/posts\/162030","targetHints":{"allow":["GET"]}}],"collection":[{"href":"https:\/\/diariodominicano.com\/index.php?rest_route=\/wp\/v2\/posts"}],"about":[{"href":"https:\/\/diariodominicano.com\/index.php?rest_route=\/wp\/v2\/types\/post"}],"author":[{"embeddable":true,"href":"https:\/\/diariodominicano.com\/index.php?rest_route=\/wp\/v2\/users\/3"}],"replies":[{"embeddable":true,"href":"https:\/\/diariodominicano.com\/index.php?rest_route=%2Fwp%2Fv2%2Fcomments&post=162030"}],"version-history":[{"count":0,"href":"https:\/\/diariodominicano.com\/index.php?rest_route=\/wp\/v2\/posts\/162030\/revisions"}],"wp:attachment":[{"href":"https:\/\/diariodominicano.com\/index.php?rest_route=%2Fwp%2Fv2%2Fmedia&parent=162030"}],"wp:term":[{"taxonomy":"category","embeddable":true,"href":"https:\/\/diariodominicano.com\/index.php?rest_route=%2Fwp%2Fv2%2Fcategories&post=162030"},{"taxonomy":"post_tag","embeddable":true,"href":"https:\/\/diariodominicano.com\/index.php?rest_route=%2Fwp%2Fv2%2Ftags&post=162030"}],"curies":[{"name":"wp","href":"https:\/\/api.w.org\/{rel}","templated":true}]}}