{"id":162029,"date":"2014-09-26T19:37:04","date_gmt":"2014-09-26T19:37:04","guid":{"rendered":"http:\/\/diariodominicano.ddns.net\/?p=162029"},"modified":"2014-09-26T19:37:04","modified_gmt":"2014-09-26T19:37:04","slug":"dirigente-jrsc-afirma-sociedad-necesita-de-jovenes-con-valores-etica-y-transparencia","status":"publish","type":"post","link":"https:\/\/diariodominicano.com\/?p=162029","title":{"rendered":"&#13;&#13;Dirigente JRSC afirma sociedad necesita de j\u00f3venes con valores,  \u00e9tica y transparencia"},"content":{"rendered":"<p><body><\/p>\n<p><img decoding=\"async\" src=\"img3\/dirigentejrsc.jpg\" \/>  <\/p>\n<\/p>\n<p><span class=\"text1noticias\"> <\/span><\/p>\n<p><span class=\"text1noticias\">Santo Domingo, RD, 26 de septiembre.-  El secretario nacional de la Juventud Reformista Social Cristiano (JRSC), licenciado Carlos Modesto Guzm\u00e1n, sostuvo que las sociedad de hoy necesita de j\u00f3venes con ideas y principios m\u00e1s consistentes y m\u00e1s comprometidos con los valores, la \u00e9tica y la transparencia.<\/span><\/p>\n<\/p>\n<p><span class=\"text1noticias\">Dijo que la juventud tiene que trabajar en la construcci\u00f3n de un futuro donde haya m\u00e1s oportunidades y trabajar para que el bienestar sea colectivo y nunca personal.<\/span><\/p>\n<\/p>\n<p><span class=\"text1noticias\">\u00abLos j\u00f3venes debemos superar este vac\u00edo moral aplicando una gran dosis de humanismo bajo un criterio de que debemos elevar la dignidad de la juventud sin perder de vista de que si no lo hacemos no podr\u00e1 haber un aut\u00e9ntico progreso para este segmento poblacional\u00bb, agreg\u00f3.<\/span><\/p>\n<\/p>\n<p><span class=\"text1noticias\">Guzm\u00e1n habl\u00f3 en el marco del V Encuentro de L\u00edderes de Juventudes de la Uni\u00f3n de Partidos Latinoamericanos (UPLA) que se celebra en Santo Domingo desde el jueves y culmina el pr\u00f3ximo domingo, con representantes de una veintena de pa\u00edses.<\/span><\/p>\n<\/p>\n<p><span class=\"text1noticias\">Dijo que no es un secreto para nadie que el cambio vertiginoso que los tiempos obliga los partidos a reinventarse y las agrupaciones pol\u00edticas miembros de la UPLA no son la  excepci\u00f3n.<\/span><\/p>\n<\/p>\n<p><span class=\"text1noticias\">Y en ese reto y la gesti\u00f3n de esos cambios y transformaciones ?apunt\u00f3- nosotros los j\u00f3venes somos indispensables porque somos el motor y la bujia que debe inspirar esas transformaciones.<\/span><\/p>\n<\/p>\n<p><span class=\"text1noticias\">Record\u00f3 las palabras del Papa Francisco en Brasil cuando dio la bienvenida a los j\u00f3venes que asistieron a la Jornada de la Juventud, cuando dijo que \u00abla juventud es el ventanal por el que entra el futuro en el mundo y por tanto les impone grandes retos\u00bb.<\/span><\/p>\n<\/p>\n<p><span class=\"text1noticias\">El dirigente de la JRSC manifest\u00f3 en ese sentido que a los j\u00f3venes les corresponde la responsabilidad de acercar los partidos a la sociedad de hoy.<\/span><\/p>\n<\/p>\n<p><span class=\"text1noticias\">\u00abTenemos la obligaci\u00f3n de librar la batalla contra el miedo al cambio, tenemos que tener el valor interior para dar un paso al frente casi de forma instintiva\u00bb, indic\u00f3.<\/span><\/p>\n<\/p>\n<p><span class=\"text1noticias\">Carlos Modesto Guzm\u00e1n valor\u00f3 el apoyo que viene brindando el presidente del Partido Reformista Social Cristiano y vicepresidente de la UPLA, ingeniero Federico Ant\u00fan Batlle (Quique), a la juventud del PRSC.<\/span><\/p>\n<\/p>\n<p><span class=\"text1noticias\">En ese sentido, dijo que Quique Ant\u00fan ha sido enf\u00e1tico en reclamar que el verdadero crecimiento del PRSC reside fundamentalmente en los j\u00f3venes y las mujeres.<\/span><\/p>\n<\/p>\n<p><span class=\"text1noticias\">\u00abDebemos admitir sincera y francamente que Quique Ant\u00fan ha sido un ente de conciliaci\u00f3n y avenencia entre nosotros los j\u00f3venes reformistas, un catalizador de nuestras emociones y contradicciones\u00bb, agreg\u00f3.<\/span><\/p>\n<\/p>\n<p><span class=\"text1noticias\">Afirm\u00f3 asimismo que el ingeniero Ant\u00fan Batlle ha sido un componedor, \u00abimpulsando con fervor y pasi\u00f3n la plataforma de crecimiento con encuentros en todo el pa\u00eds como una manera de generar un compromiso y un acercamiento  a las m\u00e1s altas instancias de  la Juventud Reformista Social Cristiana\u00bb.<\/span><\/p>\n<\/p>\n<p><span class=\"text1noticias\">Entre los participantes en el encuentro internacional figuran el subsecretario de Asuntos Internacionales del PRSC, Jatzel Rom\u00e1n, y los dirigentes de la Juventud Reformista Social Cristiana (JRSC) Peter Amable S\u00e1nchez Aristy, Carlos Modesto Guzm\u00e1n, Jorge Dargam, Eddy Antonio, Ra\u00fal Negr\u00f3n (Chucho), entre otros.<\/span><\/p>\n<\/p>\n<p><span class=\"text1noticias\">Entre los invitados internacionales en el evento est\u00e1n Abraham Bercenas, de Panam\u00e1;  Felipe Cuevas, de Chile; Villeta Beas, de Per\u00fa; Daniela Serrano, Ecuador; Freddy V\u00e1squez, Chile; Julio Clavijo, Ecuador; Juan D\u00edaz, Costa Rica; Fanny Delgado, El Salvador; Junior Pantoja, Bolivia, y Yeza Mart\u00edn, de Argentina.<\/span><\/p>\n<\/p>\n<p><span class=\"text1noticias\">Tambi\u00e9n Gabriel Coronado, de Venezuela; David Valencia, de Colombia; C\u00e9sar Accorsi y Bruno Otsuka, de Brasil; Nicol\u00e1s Figari, Sandrock Jorge y Sandra M\u00e9ndez, de Chile; Mart\u00edn Riviera, Paraguay, y William Mar\u00edn, de Nicaragua, entre otros.<\/span><\/p>\n<h6> 2014-09-26 19:37:04 <\/h6>\n<p><!--\n<link rel=\"stylesheet\" href=\"css\/bootstrap.min.css\">\n\n\n<ul class=\"pagination\">\n\t    \n\t\n\n<li >\n\t<a href='?page_no=14475'>Previous<\/a>\n\t<\/li>\n\n\n       \n    \n\n<li><a href='?page_no=1'>1<\/a><\/li>\n\n\n\n<li><a href='?page_no=2'>2<\/a><\/li>\n\n\n\n<li><a>...<\/a><\/li>\n\n\n\n<li><a href='?page_no=14474'>14474<\/a><\/li>\n\n\n\n<li><a href='?page_no=14475'>14475<\/a><\/li>\n\n\n\n<li class='active'><a>14476<\/a><\/li>\n\n\n\n<li><a href='?page_no=14477'>14477<\/a><\/li>\n\n\n\n<li><a href='?page_no=14478'>14478<\/a><\/li>\n\n\n\n<li><a>...<\/a><\/li>\n\n\n\n<li><a href='?page_no=36999'>36999<\/a><\/li>\n\n\n\n<li><a href='?page_no=37000'>37000<\/a><\/li>\n\n    \n\t\n\n<li >\n\t<a href='?page_no=14477'>Next<\/a>\n\t<\/li>\n\n\n    \n\n<li><a href='?page_no=37000'>Last &rsaquo;&rsaquo;<\/a><\/li>\n\n<\/ul>\n\n\n--><br \/>\n<\/body><\/p>\n","protected":false},"excerpt":{"rendered":"<p>Santo Domingo, RD, 26 de septiembre.- El secretario nacional de la Juventud Reformista Social Cristiano (JRSC), licenciado Carlos Modesto Guzm\u00e1n, sostuvo que las sociedad de hoy necesita de j\u00f3venes con ideas y principios m\u00e1s consistentes y m\u00e1s comprometidos con los valores, la \u00e9tica y la transparencia. Dijo que la juventud tiene que trabajar en la [&hellip;]<\/p>\n","protected":false},"author":3,"featured_media":0,"comment_status":"open","ping_status":"open","sticky":false,"template":"","format":"standard","meta":{"footnotes":""},"categories":[22],"tags":[],"class_list":["post-162029","post","type-post","status-publish","format-standard","hentry","category-politica"],"_links":{"self":[{"href":"https:\/\/diariodominicano.com\/index.php?rest_route=\/wp\/v2\/posts\/162029","targetHints":{"allow":["GET"]}}],"collection":[{"href":"https:\/\/diariodominicano.com\/index.php?rest_route=\/wp\/v2\/posts"}],"about":[{"href":"https:\/\/diariodominicano.com\/index.php?rest_route=\/wp\/v2\/types\/post"}],"author":[{"embeddable":true,"href":"https:\/\/diariodominicano.com\/index.php?rest_route=\/wp\/v2\/users\/3"}],"replies":[{"embeddable":true,"href":"https:\/\/diariodominicano.com\/index.php?rest_route=%2Fwp%2Fv2%2Fcomments&post=162029"}],"version-history":[{"count":0,"href":"https:\/\/diariodominicano.com\/index.php?rest_route=\/wp\/v2\/posts\/162029\/revisions"}],"wp:attachment":[{"href":"https:\/\/diariodominicano.com\/index.php?rest_route=%2Fwp%2Fv2%2Fmedia&parent=162029"}],"wp:term":[{"taxonomy":"category","embeddable":true,"href":"https:\/\/diariodominicano.com\/index.php?rest_route=%2Fwp%2Fv2%2Fcategories&post=162029"},{"taxonomy":"post_tag","embeddable":true,"href":"https:\/\/diariodominicano.com\/index.php?rest_route=%2Fwp%2Fv2%2Ftags&post=162029"}],"curies":[{"name":"wp","href":"https:\/\/api.w.org\/{rel}","templated":true}]}}