{"id":162028,"date":"2014-09-27T13:57:18","date_gmt":"2014-09-27T13:57:18","guid":{"rendered":"http:\/\/diariodominicano.ddns.net\/?p=162028"},"modified":"2014-09-27T13:57:18","modified_gmt":"2014-09-27T13:57:18","slug":"ex-presidente-del-prd-dice-entre-hipolito-mejia-y-luis-abinader-no-hay-diferencias-por-candidatura-prm","status":"publish","type":"post","link":"https:\/\/diariodominicano.com\/?p=162028","title":{"rendered":"Ex presidente del PRD dice \u00b4\u00b4entre Hip\u00f3lito Mej\u00eda y Luis Abinader no hay diferencias por candidatura PRM\u00b4\u00b4"},"content":{"rendered":"<p><body><\/p>\n<p><img decoding=\"async\" src=\"img3\/bauta 27.jpg\" \/>  <\/p>\n<p>Santo Domingo RD 27 septiembre.- El presidente del Partido Revolucionario Moderno (PRM), Andr\u00e9s Bautista,  asegur\u00f3 que no habr\u00e1 ning\u00fan tipo de problema entre el ex presidente Hip\u00f3lito Mej\u00eda y Luis Abinader al momento de elegir el candidato presidencial por ese partido. <\/p>\n<\/p>\n<p>Andr\u00e9s Bautista expres\u00f3 que son totalmente falsos los rumores sobre las supuestas diferencias entre Mej\u00eda y Abinader, y que estos son solo comentarios mal intencionado de los enemigos del referido partido.<\/p>\n<\/p>\n<p>Bautista inform\u00f3 que los dirigentes ya mencionados se re\u00fanen peri\u00f3dicamente para trabajar en su proyecto pol\u00edtico.<\/p>\n<\/p>\n<p>Al conversar con el periodista Salvador Holgu\u00edn en el programa \u00a8Hilando Fino\u00a8 transmitido por Teleradio Am\u00e9rica canal 45, Andr\u00e9s Bautista indic\u00f3 que la elecci\u00f3n del candidato presidencial no ser\u00e1 un problema y que se contemplan distintas formas de realizarla, entre estas, por consenso entre los aspirante, a trav\u00e9s de una empresa  encuestadora o a trav\u00e9s de una convenci\u00f3n.<\/p>\n<\/p>\n<p>De esta \u00faltima opci\u00f3n, Bautista dijo que de realizarse, ser\u00e1 sin ning\u00fan conflicto, puesto que el PRM ha renunciado a los espect\u00e1culos vividos en el Partido Revolucionario Dominicano (PRD).<\/p>\n<\/p>\n<p>Bautista expres\u00f3 que uno de los objetivos del PRM en este proceso es impedir que se generen ofensas personales ente los <\/p>\n<p>aspirantes a la candidatura.<\/p>\n<\/p>\n<p>La modernidad del PRM<\/p>\n<\/p>\n<p>Al hablar directamente del Partido Revolucionario Moderno, Andr\u00e9s Bautista manifest\u00f3 que este es la segunda fuerza pol\u00edtica del pais, y que basa su modernidad en volver a los valores y ponerle un freno a la corrupci\u00f3n y a la impunidad por medio de un gobierno decente.<\/p>\n<\/p>\n<p>El dirigente pol\u00edtico aseguro que el PRM tiene el compromiso de generar los cambios que el pueblo necesita para tener un mejor pais.<\/p>\n<\/p>\n<p>La ley de partidos<\/p>\n<\/p>\n<p>Andr\u00e9s Bautista se refiri\u00f3 a al debate por la Ley de Partidos, y dijo que esta no resolver\u00e1 los problemas de conducta que reinan en los partidos pol\u00edticos, puesto que el problema no es de la ley sino de los actores.<\/p>\n<\/p>\n<p>El programa \u00abHilando Fino\u00bb se transmite de lunes a viernes a las 8 am por Teleradio Am\u00e9rica canal 45 y para los Estados Unidos, Centro Am\u00e9rica y Europa por S\u00faper Canal Caribe, Cablevisi\u00f3n 211, Comcast 620, Time Warner Cable 809 y Verizon FiOS 1507 y por la Internet www.hilandofinotv.com, en youtube \/hilandofinotv.<\/p>\n<h6> 2014-09-27 13:57:18 <\/h6>\n<p><!--\n<link rel=\"stylesheet\" href=\"css\/bootstrap.min.css\">\n\n\n<ul class=\"pagination\">\n\t    \n\t\n\n<li >\n\t<a href='?page_no=14474'>Previous<\/a>\n\t<\/li>\n\n\n       \n    \n\n<li><a href='?page_no=1'>1<\/a><\/li>\n\n\n\n<li><a href='?page_no=2'>2<\/a><\/li>\n\n\n\n<li><a>...<\/a><\/li>\n\n\n\n<li><a href='?page_no=14473'>14473<\/a><\/li>\n\n\n\n<li><a href='?page_no=14474'>14474<\/a><\/li>\n\n\n\n<li class='active'><a>14475<\/a><\/li>\n\n\n\n<li><a href='?page_no=14476'>14476<\/a><\/li>\n\n\n\n<li><a href='?page_no=14477'>14477<\/a><\/li>\n\n\n\n<li><a>...<\/a><\/li>\n\n\n\n<li><a href='?page_no=36999'>36999<\/a><\/li>\n\n\n\n<li><a href='?page_no=37000'>37000<\/a><\/li>\n\n    \n\t\n\n<li >\n\t<a href='?page_no=14476'>Next<\/a>\n\t<\/li>\n\n\n    \n\n<li><a href='?page_no=37000'>Last &rsaquo;&rsaquo;<\/a><\/li>\n\n<\/ul>\n\n\n--><br \/>\n<\/body><\/p>\n","protected":false},"excerpt":{"rendered":"<p>Santo Domingo RD 27 septiembre.- El presidente del Partido Revolucionario Moderno (PRM), Andr\u00e9s Bautista, asegur\u00f3 que no habr\u00e1 ning\u00fan tipo de problema entre el ex presidente Hip\u00f3lito Mej\u00eda y Luis Abinader al momento de elegir el candidato presidencial por ese partido. Andr\u00e9s Bautista expres\u00f3 que son totalmente falsos los rumores sobre las supuestas diferencias entre [&hellip;]<\/p>\n","protected":false},"author":3,"featured_media":0,"comment_status":"open","ping_status":"open","sticky":false,"template":"","format":"standard","meta":{"footnotes":""},"categories":[22],"tags":[],"class_list":["post-162028","post","type-post","status-publish","format-standard","hentry","category-politica"],"_links":{"self":[{"href":"https:\/\/diariodominicano.com\/index.php?rest_route=\/wp\/v2\/posts\/162028","targetHints":{"allow":["GET"]}}],"collection":[{"href":"https:\/\/diariodominicano.com\/index.php?rest_route=\/wp\/v2\/posts"}],"about":[{"href":"https:\/\/diariodominicano.com\/index.php?rest_route=\/wp\/v2\/types\/post"}],"author":[{"embeddable":true,"href":"https:\/\/diariodominicano.com\/index.php?rest_route=\/wp\/v2\/users\/3"}],"replies":[{"embeddable":true,"href":"https:\/\/diariodominicano.com\/index.php?rest_route=%2Fwp%2Fv2%2Fcomments&post=162028"}],"version-history":[{"count":0,"href":"https:\/\/diariodominicano.com\/index.php?rest_route=\/wp\/v2\/posts\/162028\/revisions"}],"wp:attachment":[{"href":"https:\/\/diariodominicano.com\/index.php?rest_route=%2Fwp%2Fv2%2Fmedia&parent=162028"}],"wp:term":[{"taxonomy":"category","embeddable":true,"href":"https:\/\/diariodominicano.com\/index.php?rest_route=%2Fwp%2Fv2%2Fcategories&post=162028"},{"taxonomy":"post_tag","embeddable":true,"href":"https:\/\/diariodominicano.com\/index.php?rest_route=%2Fwp%2Fv2%2Ftags&post=162028"}],"curies":[{"name":"wp","href":"https:\/\/api.w.org\/{rel}","templated":true}]}}