{"id":162027,"date":"2014-09-27T16:17:52","date_gmt":"2014-09-27T16:17:52","guid":{"rendered":"http:\/\/diariodominicano.ddns.net\/?p=162027"},"modified":"2014-09-27T16:17:52","modified_gmt":"2014-09-27T16:17:52","slug":"vicepresidenta-del-parlacen-pide-mas-participacion-de-la-juventud-en-el-sica","status":"publish","type":"post","link":"https:\/\/diariodominicano.com\/?p=162027","title":{"rendered":"Vicepresidenta del PARLACEN pide m\u00e1s participaci\u00f3n de la juventud en el SICA"},"content":{"rendered":"<p><body><\/p>\n<p><img decoding=\"async\" src=\"img3\/parlacen 27.jpg\" \/>  <\/p>\n<p>Vicepresidenta del PARLACEN pide m\u00e1s participaci\u00f3n de la juventud en el SICA<\/p>\n<\/p>\n<p>Santo Domingo.-  La vicepresidenta del Parlamento Centroamericano (PARLACEN), Mirelys Uceta, demand\u00f3 hoy que los j\u00f3venes tengan mayor participaci\u00f3n en el Sistema de la Integraci\u00f3n Centroamericana (SICA), ya que \u00e9stos pueden aportar soluciones a los principales problemas y desaf\u00edos regionales.<\/p>\n<p>Propuso promover la cuota de la juventud en las candidaturas que presentan los partidos pol\u00edticos al PARLACEN, como una forma de que \u00e9sta tenga voz y voto en el SICA.<\/p>\n<p>Uceta se expres\u00f3 en estos t\u00e9rminos durante una conferencia que dict\u00f3 en el marco del V Encuentro de L\u00edderes de las Juventudes  de la Uni\u00f3n de Partidos Latinoamericanos (UPLA), que se celebra en el pa\u00eds, con la participaci\u00f3n de delegados de una veintena de pa\u00edses.<\/p>\n<p> \u00abEs necesario dar verdadera participaci\u00f3n con voz y voto a la juventud en el SICA.  Por eso entendemos que los partidos deben tomar en cuenta una cuota de juventud en la boleta  para las elecciones al PARLACEN, ya que \u00e9ste es el \u00f3rgano id\u00f3neo pues sirve de foro deliberativo para el an\u00e1lisis de los asuntos pol\u00edticos, econ\u00f3micos, sociales, de seguridad y culturales comunes del \u00e1rea centroamericana\u00bb,  sostuvo.<\/p>\n<p>Durante su ponencia, Uceta, quien tambi\u00e9n es alta dirigente del Partido Reformista Social Cristiano (PRSC), se expres\u00f3 a favor de que los partidos promuevan la importancia del SICA para afrontar los desaf\u00edos de la regi\u00f3n centroamericana.<\/p>\n<p>La vicepresidenta del PARLACEN plante\u00f3 promover en todos los pa\u00edses miembros del organismo regional, una mayor coordinaci\u00f3n de los temas de juventud entre los representantes de los \u00f3rganos del SICA y los partidos pol\u00edticos.<\/p>\n<p>Reiter\u00f3 su propuesta de que a fin de ampliar la comprensi\u00f3n general de la importancia y alcances que tiene la Integraci\u00f3n Regional para la Rep\u00fablica Dominicana, es sumamente recomendable incluir este tema como una asignatura en las universidades del pa\u00eds.<\/p>\n<h6> 2014-09-27 16:17:52 <\/h6>\n<p><!--\n<link rel=\"stylesheet\" href=\"css\/bootstrap.min.css\">\n\n\n<ul class=\"pagination\">\n\t    \n\t\n\n<li >\n\t<a href='?page_no=14473'>Previous<\/a>\n\t<\/li>\n\n\n       \n    \n\n<li><a href='?page_no=1'>1<\/a><\/li>\n\n\n\n<li><a href='?page_no=2'>2<\/a><\/li>\n\n\n\n<li><a>...<\/a><\/li>\n\n\n\n<li><a href='?page_no=14472'>14472<\/a><\/li>\n\n\n\n<li><a href='?page_no=14473'>14473<\/a><\/li>\n\n\n\n<li class='active'><a>14474<\/a><\/li>\n\n\n\n<li><a href='?page_no=14475'>14475<\/a><\/li>\n\n\n\n<li><a href='?page_no=14476'>14476<\/a><\/li>\n\n\n\n<li><a>...<\/a><\/li>\n\n\n\n<li><a href='?page_no=36999'>36999<\/a><\/li>\n\n\n\n<li><a href='?page_no=37000'>37000<\/a><\/li>\n\n    \n\t\n\n<li >\n\t<a href='?page_no=14475'>Next<\/a>\n\t<\/li>\n\n\n    \n\n<li><a href='?page_no=37000'>Last &rsaquo;&rsaquo;<\/a><\/li>\n\n<\/ul>\n\n\n--><br \/>\n<\/body><\/p>\n","protected":false},"excerpt":{"rendered":"<p>Vicepresidenta del PARLACEN pide m\u00e1s participaci\u00f3n de la juventud en el SICA Santo Domingo.- La vicepresidenta del Parlamento Centroamericano (PARLACEN), Mirelys Uceta, demand\u00f3 hoy que los j\u00f3venes tengan mayor participaci\u00f3n en el Sistema de la Integraci\u00f3n Centroamericana (SICA), ya que \u00e9stos pueden aportar soluciones a los principales problemas y desaf\u00edos regionales. Propuso promover la cuota [&hellip;]<\/p>\n","protected":false},"author":3,"featured_media":0,"comment_status":"open","ping_status":"open","sticky":false,"template":"","format":"standard","meta":{"footnotes":""},"categories":[22],"tags":[],"class_list":["post-162027","post","type-post","status-publish","format-standard","hentry","category-politica"],"_links":{"self":[{"href":"https:\/\/diariodominicano.com\/index.php?rest_route=\/wp\/v2\/posts\/162027","targetHints":{"allow":["GET"]}}],"collection":[{"href":"https:\/\/diariodominicano.com\/index.php?rest_route=\/wp\/v2\/posts"}],"about":[{"href":"https:\/\/diariodominicano.com\/index.php?rest_route=\/wp\/v2\/types\/post"}],"author":[{"embeddable":true,"href":"https:\/\/diariodominicano.com\/index.php?rest_route=\/wp\/v2\/users\/3"}],"replies":[{"embeddable":true,"href":"https:\/\/diariodominicano.com\/index.php?rest_route=%2Fwp%2Fv2%2Fcomments&post=162027"}],"version-history":[{"count":0,"href":"https:\/\/diariodominicano.com\/index.php?rest_route=\/wp\/v2\/posts\/162027\/revisions"}],"wp:attachment":[{"href":"https:\/\/diariodominicano.com\/index.php?rest_route=%2Fwp%2Fv2%2Fmedia&parent=162027"}],"wp:term":[{"taxonomy":"category","embeddable":true,"href":"https:\/\/diariodominicano.com\/index.php?rest_route=%2Fwp%2Fv2%2Fcategories&post=162027"},{"taxonomy":"post_tag","embeddable":true,"href":"https:\/\/diariodominicano.com\/index.php?rest_route=%2Fwp%2Fv2%2Ftags&post=162027"}],"curies":[{"name":"wp","href":"https:\/\/api.w.org\/{rel}","templated":true}]}}