{"id":162026,"date":"2014-09-27T17:16:07","date_gmt":"2014-09-27T17:16:07","guid":{"rendered":"http:\/\/diariodominicano.ddns.net\/?p=162026"},"modified":"2014-09-27T17:16:07","modified_gmt":"2014-09-27T17:16:07","slug":"fello-subervi-rechaza-propuesta-de-alfredo-pacheco-y-david-collado-por-oportunista","status":"publish","type":"post","link":"https:\/\/diariodominicano.com\/?p=162026","title":{"rendered":"Fello Subervi rechaza propuesta de Alfredo Pacheco y David Collado por oportunista&#13;"},"content":{"rendered":"<p><body><\/p>\n<p><img decoding=\"async\" src=\"img3\/fello.jpg\" \/>  <\/p>\n<p><span class=\"text1noticias\">Santo Domingo, RD, 27 de Septiembre.-El pre candidato a la Alcadia del Distrito Nacional por el Partido Revolucionario Moderno (PRM), Rafael Subervi Bonilla rechaz\u00f3 la propuesta de los dirigentes perredeistas Alfredo Pacheco y David Collado, para que el PRD y esa organizaci\u00f3n pol\u00edtica concurran unidas a las elecciones del 2016, en los niveles Municipales y Congresionales, con el objetivo de retener o aumentar las posiciones que mantienen en esos poderes del Estado dominicano.<\/span><\/p>\n<\/p>\n<p><span class=\"text1noticias\">Entrevistado en el programa Agenda Semanal que produce el periodista Balbueno Medina, todos los s\u00e1bados a las 12 del mediod\u00eda por Santo Domingo TV, canales 69 de UHF y 24 de los sistemas nacional de cable, el vicepresidente del PRM, sostuvo que si Alfredo Pacheco y David Collado quieren ser candidatos por esa organizaci\u00f3n pol\u00edtica tendr\u00e1n que inscribirse en la misma o en la Convergencia y participar en los procesos internos que se realizaran para escoger sus representantes al Congreso y a los Ayuntamientos.<\/span><\/p>\n<\/p>\n<p><span class=\"text1noticias\">El doctor Fello Subervi Bonilla, cuestion\u00f3 la conducta de algunos perredeistas que han querido estar con el diablo y con Dios, en medio de la crisis que dividi\u00f3 al PRD y como saben que ahora sus posiciones est\u00e1n en juego buscan asegurarla con una alianza con el PRM.<\/span><\/p>\n<\/p>\n<p><span class=\"text1noticias\">Subervi Bonilla, le record\u00f3 tanto a Pacheco como a Collado, que el presidente del PRM, Andr\u00e9s Bautista, fijo la posici\u00f3n de esa organizaci\u00f3n pol\u00edtica respecto a un entendimiento con Miguel Vargas Maldonado, en la que dej\u00f3 por cerrado cualquier acuerdo entre ambos partidos pol\u00edticos.<\/span><\/p>\n<\/p>\n<p><strong><span class=\"text1noticias\">Aspira a la Alcald\u00eda del Distrito Nacional<\/span><\/strong><\/p>\n<\/p>\n<p><span class=\"text1noticias\">Fello Subervi Bonilla afirm\u00f3 que ser\u00e1 el candidato a la Alcald\u00eda del Distrito Nacional por el Partido Revolucionario Moderno y critic\u00f3 a quienes han rechazado sus aspiraciones alegando que cuenta con una avanzada edad para presidir el gobierno de la capital.<\/span><\/p>\n<\/p>\n<p><span class=\"text1noticias\">El ex sindico del Ayuntamiento capitalino, record\u00f3 que durante su gesti\u00f3n fue cuando se realizaron las mas importantes obras que gobierno municipal alguno ejecut\u00f3 en el gran Santo Domingo, destacando que no hubo discriminaci\u00f3n  con ninguno de los barrios y sectores en que hoy se divide el Distrito y la provincia de Santo Domingo.<\/span><\/p>\n<\/p>\n<p><span class=\"text1noticias\">El doctor Rafael Subervi Bonilla, dijo que quiere regresar al Ayuntamiento del Distrito Nacional para contribuir a la descentralizaci\u00f3n de la administraci\u00f3n municipal, ya que el PLD ha seguido concentrando las funciones de ese poder del Estado.<\/span><\/p>\n<\/p>\n<p><span class=\"text1noticias\">El dirigente Perremeista, es partidario de que el cabildo de la capital asuma su rol de gobierno municipal, recibiendo los recursos que por ley le pertenecen y en base a los mismos realizar las obras que demandan los capitale\u00f1os.<\/span><\/p>\n<\/p>\n<p><span class=\"text1noticias\">En ese sentido, favoreci\u00f3 que fuentes de ingresos como son los peajes y otros que no llegan a las arcas municipales pasen a ingresar al Ayuntamiento del Distrito Nacional para que el mismo no tenga que depender del gobierno para realizar sus funciones.<\/span><\/p>\n<p><span class=\"text1noticias\"><strong>Ejecutara el banco de los pobres <\/strong><\/span><\/p>\n<\/p>\n<p><span class=\"text1noticias\">El precandidato a la Alcald\u00eda del Distrito Nacional por el Partido Revolucionario Moderno, PRM, doctor Rafael Subervi Bonilla revel\u00f3 que al resultar electo, una de sus primeras decisiones ser\u00e1 ejecutar el proyecto el banco de los pobres.<\/span><\/p>\n<\/p>\n<p><span class=\"text1noticias\">El exs\u00edndico de la ciudad de Santo Domingo dijo que con  la puesta en marcha de ese proyecto, contribuir\u00e1 a estimular el empleo en la ciudad y a disminuir la criminalidad en toda la capital.<\/span><\/p>\n<\/p>\n<p><span class=\"text1noticias\">El ex Ministro de Interior y Polic\u00eda en el gobierno del presidente Hip\u00f3lito Mej\u00eda, sostuvo que partidas del presupuesto de la alcald\u00eda, ser\u00e1n empleadas para fomentar la participaci\u00f3n de la comunidad en proyectos que permitan el desarrollo social y econ\u00f3mico de los ciudadanos.<\/span><\/p>\n<\/p>\n<p><span class=\"text1noticias\">Asegur\u00f3 que el gobierno municipal estimular\u00e1 en los barrios la creaci\u00f3n de microempresas como: salones de belleza, barber\u00edas, librer\u00edas, instalaci\u00f3n de oficinas a profesionales j\u00f3venes que precisen iniciar  su ejercicio profesional y peque\u00f1os establecimientos comerciales, que garanticen la contrataci\u00f3n de personas al servicio de esas microempresas, asever\u00f3 el experimentado dirigente pol\u00cdtico del PRM.<\/span><\/p>\n<\/p>\n<p><span class=\"text1noticias\">Adujo que estas unidades productivas son perfectamente financiables y con garant\u00eda de retorno del capital invertido, insisti\u00f3 el exMinistro de Turismo.<\/span><\/p>\n<\/p>\n<p><span class=\"text1noticias\">Afirm\u00f3 Suberv\u00ed Bonilla, que las personas con limitados recursos son buenos pagadores, y merecen la confianza para salir del c\u00edrculo de pobreza en que viven miles y miles de ciudadanos del Distrito Nacional.<\/span><\/p>\n<\/p>\n<p><span class=\"text1noticias\">Insisti\u00f3  a los dirigentes presentes en ambas actividades , que pueden confiar en que no los defraudar\u00e1.  \u00abCada vez que me ha tocado administrar un cargo p\u00fablico, lo he hecho pensando primero en el bienestar social\u00bb.<\/span><\/p>\n<\/p>\n<p><span class=\"text1noticias\"> \u00abSoy un hombre de padres cristianos, formado en valores, a eso se debe mi comportamiento p\u00fablico, una conducta personal demostrada al fragor de los a\u00f1os  y es la garant\u00eda de que no los defraudar\u00e9 al final de mi carrera pol\u00edtica\u00bb, confes\u00f3 entre aplausos el aspirante a Alcalde del Distrito Nacional por el Partido Revolucionario Moderno, PRM.<\/span><\/p>\n<\/p>\n<p><span class=\"text1noticias\">El doctor Rafael Suberv\u00ed Bonilla emiti\u00f3 sus juicios en dos concurridos   actos de juramentaci\u00f3n e sus equipos de campa\u00f1a de la Zonas P y F8 respectivamente, situadas en los sectores de Capotillo y Arroyo Hondo  de la Circunscripci\u00f3n 2 del Distrito Nacional comprometi\u00e9ndose los presentes a no descansar hasta lograr que Fello Suberv\u00ed se convierta en el Alcalde de todos los ciudadanos de la capital.<\/span><\/p>\n<\/p>\n<p><span class=\"text1noticias\">Hicieron uso de la palabra importantes dirigentes del PRM, entre ellos el legislador Ram\u00f3n Bueno,Elido Alc\u00e1ntara, Regidores Juan de Jes\u00fas Blas y Waldy Taveras. Hablaron tambi\u00e9n Greymer de Pe\u00f1a, Rafael Troncoso, Presidente de la Regi\u00f3n 2. Ram\u00f3n Hern\u00e1ndez (Monine), doctor Neufry P\u00e9rez V\u00f3lquez, doctora Juana Providencia, Luis Amable F\u00e9liz, Jorge Garc\u00eda, Fernando Gonz\u00e1lez, Jes\u00fas Ogando, entre otros.<\/span><\/p>\n<\/p>\n<p><span class=\"text1noticias\">Participaron activamente en la juramentaci\u00f3n los equipos de campa\u00f1a de la candidatura de Fello Subervi, el regidor Eduardo Arias Montero (Eduardito) y los dirigentes de las Zonas P y F8:Juan Carlos Capell\u00e1n, Manuel D\u00edaz, Raymundo Ferreras, Joselito Santana, Juan Jos\u00e9 Disla, ingeniero Jes\u00fas Ogando, Vicente de Jes\u00fas Martinez, Andr\u00e9s Tiburcio, C\u00e1ndido de la Cruz,Guillermo Gonz\u00e1lez, Miguelina L\u00f3pez (Morena),Andr\u00e9s Gonz\u00e1lez, Angela Silverio, Jes\u00fas A. Soto, Fernando Brador Torres, entre otros.(HG)<\/span>.                                                                                                                                                                                                                                                              <\/p>\n<\/p>\n<h6> 2014-09-27 17:16:07 <\/h6>\n<p><!--\n<link rel=\"stylesheet\" href=\"css\/bootstrap.min.css\">\n\n\n<ul class=\"pagination\">\n\t    \n\t\n\n<li >\n\t<a href='?page_no=14472'>Previous<\/a>\n\t<\/li>\n\n\n       \n    \n\n<li><a href='?page_no=1'>1<\/a><\/li>\n\n\n\n<li><a href='?page_no=2'>2<\/a><\/li>\n\n\n\n<li><a>...<\/a><\/li>\n\n\n\n<li><a href='?page_no=14471'>14471<\/a><\/li>\n\n\n\n<li><a href='?page_no=14472'>14472<\/a><\/li>\n\n\n\n<li class='active'><a>14473<\/a><\/li>\n\n\n\n<li><a href='?page_no=14474'>14474<\/a><\/li>\n\n\n\n<li><a href='?page_no=14475'>14475<\/a><\/li>\n\n\n\n<li><a>...<\/a><\/li>\n\n\n\n<li><a href='?page_no=36999'>36999<\/a><\/li>\n\n\n\n<li><a href='?page_no=37000'>37000<\/a><\/li>\n\n    \n\t\n\n<li >\n\t<a href='?page_no=14474'>Next<\/a>\n\t<\/li>\n\n\n    \n\n<li><a href='?page_no=37000'>Last &rsaquo;&rsaquo;<\/a><\/li>\n\n<\/ul>\n\n\n--><br \/>\n<\/body><\/p>\n","protected":false},"excerpt":{"rendered":"<p>Santo Domingo, RD, 27 de Septiembre.-El pre candidato a la Alcadia del Distrito Nacional por el Partido Revolucionario Moderno (PRM), Rafael Subervi Bonilla rechaz\u00f3 la propuesta de los dirigentes perredeistas Alfredo Pacheco y David Collado, para que el PRD y esa organizaci\u00f3n pol\u00edtica concurran unidas a las elecciones del 2016, en los niveles Municipales y [&hellip;]<\/p>\n","protected":false},"author":3,"featured_media":0,"comment_status":"open","ping_status":"open","sticky":false,"template":"","format":"standard","meta":{"footnotes":""},"categories":[22],"tags":[],"class_list":["post-162026","post","type-post","status-publish","format-standard","hentry","category-politica"],"_links":{"self":[{"href":"https:\/\/diariodominicano.com\/index.php?rest_route=\/wp\/v2\/posts\/162026","targetHints":{"allow":["GET"]}}],"collection":[{"href":"https:\/\/diariodominicano.com\/index.php?rest_route=\/wp\/v2\/posts"}],"about":[{"href":"https:\/\/diariodominicano.com\/index.php?rest_route=\/wp\/v2\/types\/post"}],"author":[{"embeddable":true,"href":"https:\/\/diariodominicano.com\/index.php?rest_route=\/wp\/v2\/users\/3"}],"replies":[{"embeddable":true,"href":"https:\/\/diariodominicano.com\/index.php?rest_route=%2Fwp%2Fv2%2Fcomments&post=162026"}],"version-history":[{"count":0,"href":"https:\/\/diariodominicano.com\/index.php?rest_route=\/wp\/v2\/posts\/162026\/revisions"}],"wp:attachment":[{"href":"https:\/\/diariodominicano.com\/index.php?rest_route=%2Fwp%2Fv2%2Fmedia&parent=162026"}],"wp:term":[{"taxonomy":"category","embeddable":true,"href":"https:\/\/diariodominicano.com\/index.php?rest_route=%2Fwp%2Fv2%2Fcategories&post=162026"},{"taxonomy":"post_tag","embeddable":true,"href":"https:\/\/diariodominicano.com\/index.php?rest_route=%2Fwp%2Fv2%2Ftags&post=162026"}],"curies":[{"name":"wp","href":"https:\/\/api.w.org\/{rel}","templated":true}]}}