{"id":162025,"date":"2014-09-27T17:51:26","date_gmt":"2014-09-27T17:51:26","guid":{"rendered":"http:\/\/diariodominicano.ddns.net\/?p=162025"},"modified":"2014-09-27T17:51:26","modified_gmt":"2014-09-27T17:51:26","slug":"montas-considera-una-necesidad-que-el-pld-continue-en-el-poder-en-2016","status":"publish","type":"post","link":"https:\/\/diariodominicano.com\/?p=162025","title":{"rendered":"Mont\u00e1s considera una necesidad que el PLD contin\u00fae en el poder en 2016"},"content":{"rendered":"<p><body><\/p>\n<p><img decoding=\"async\" src=\"img3\/temo.jpg\" \/>  <\/p>\n<p><span class=\"text1noticias\">Santo Domingo, RD, 27 de Septiembre.-El ingeniero Tem\u00edstocles Mont\u00e1s manifest\u00f3 que el pa\u00eds necesita que el Partido de la Liberaci\u00f3n Dominicana (PLD) contin\u00fae en el poder, pero para lograrlo es necesario renovarle las esperanzas al pueblo dominicano con una candidatura que represente el futuro y no un retroceso al pasado.<\/span><\/p>\n<\/p>\n<p><span class=\"text1noticias\">\u00abSi queremos que el PLD contin\u00fae en el poder, tenemos que renovar las esperanzas del pueblo dominicano. Pero no vamos a renovar las esperanzas de los dominicanos en la democracia, si apostamos al pasado\u00bb, afirm\u00f3 Mont\u00e1s ante cientos de dirigentes zonales y de base de la Circunscripci\u00f3n 3 del Distrito Nacional reunidos en el ensanche Luper\u00f3n.<\/span><\/p>\n<\/p>\n<p><span class=\"text1noticias\">El precandidato de la alternabilidad democr\u00e1tica en el PLD dijo que el partido fundado por Juan Bosch ha luchado todo el tiempo por conquistar las libertades, pero ahora el desaf\u00edo es construir una sociedad distinta donde la gente viva decente, en forma digna y solidaria.<\/span><\/p>\n<\/p>\n<p><span class=\"text1noticias\">Mont\u00e1s fue claro al plantearles a los dirigentes de base que el \u00fanico riesgo de que el PLD retenga el poder es que se quiera imponer un candidato del pasado que eche atr\u00e1s el estilo llano, sencillo, directo del presidente Danilo Medina.<\/span><\/p>\n<\/p>\n<p><span class=\"text1noticias\">El encuentro, que tuvo lugar la noche del viernes en la pizzer\u00eda El Cangrejo, de la avenida Padre Castellanos (Antigua17), en el ensanche Luper\u00f3n, reuni\u00f3 dirigentes medios y de base del PLD en la Circunscripci\u00f3n 3 del Distrito Nacional que respaldan el proyecto presidencial Mont\u00e1s.<\/span><\/p>\n<\/p>\n<p><span class=\"text1noticias\">En el acto hablaron el empresario Ram\u00f3n Tremol, quien dijo que est\u00e1 apoyando la candidatura de Mont\u00e1s en cuerpo y alma; Gregorio Ure\u00f1a, presidente del Comit\u00e9 Intermedio Gregorio Fulgencio y Guarionex Castillo, Coordinador Pol\u00edtico del proyecto en la zona.<\/span><\/p>\n<\/p>\n<p><span class=\"text1noticias\">Este s\u00e1bado, el aspirante presidencial pelede\u00edsta se traslad\u00f3 a las poblaciones de Crist\u00f3bal, la Descubierta y Jiman\u00ed, en el lejano Sur,  y \u00e9ste domingo tiene en programa encabezar otros encuentros con activistas, simpatizantes y dirigentes pelede\u00edstas en la provincia de Azua, inform\u00f3 un nota de su equipo de prensa.<\/span><\/p>\n<\/p>\n<p><span class=\"text1noticias\">\u00abVamos a garantizar la renovaci\u00f3n de los dominicanos en la democracia si le seguimos abriendo las puertas al futuro de la Rep\u00fablica Dominicana, si seguimos alternando el poder\u00bb, advirti\u00f3 Mont\u00e1s, quien agreg\u00f3 que  \u00abas\u00ed como Danilo fue presidente, haya otros compa\u00f1eros que esperamos llegar al poder con la fuerza del partido, que es del pueblo, no de un hombre\u00bb.<\/span><\/p>\n<\/p>\n<p><span class=\"text1noticias\">El dirigente pol\u00edtico valor\u00f3 la gesti\u00f3n de Medina como muy positiva, por lo que a su juicio el pueblo dominicano le tributa un justo respaldo al convertirlo en el Presidente mejor valorado del pa\u00eds en toda su historia.<\/span><\/p>\n<\/p>\n<p><span class=\"text1noticias\">Dijo que a pesar de todos los problemas que tiene el pa\u00eds, los dominicanos ven a Danilo como un hombre del pueblo, cercano, preocupado por los problemas de los dem\u00e1s, por lo que a su juicio \u00abel pr\u00f3ximo presidente de la Rep\u00fablica tiene que ser como Danilo: humilde, sencillo, que piense en los dem\u00e1s., que se conecte con el pueblo\u00bb.<\/span><\/p>\n<\/p>\n<p><span class=\"text1noticias\">Mont\u00e1s se\u00f1al\u00f3 que desde el poder \u00abDanilo le ha demostrado al pa\u00eds que en el PLD hay muchos estilos de goberanar y que la mejor es la alternabilidad en el ejercicio del liderazgo.<\/span><\/p>\n<\/p>\n<p><span class=\"text1noticias\">Record\u00f3 que en las pasadas elecciones el PLD sac\u00f3 38% de los votos, pero hoy el  53% respalda al partido morado \u00abporque la gente est\u00e1 valorando la gesti\u00f3n de Medina. El pr\u00f3ximo presidente tiene que ponerse el traje de Danilo\u00bb. <\/span><\/p>\n<\/p>\n<p><span class=\"text1noticias\">Mont\u00e1s declar\u00f3 que el panorama electoral para el 2016 est\u00e1 claro, pues ante el hecho de que el dirigente mejor valorado del PLD, el presidente Medina, no puede ir a la reelecci\u00f3n y Leonel Fern\u00e1ndez ya ha sido presidente en tres ocasiones, \u00abpor justicia y por derecho es a m\u00ed a quien le corresponde ahora ser el pr\u00f3ximo presidente de la Rep\u00fablica Dominicana\u00bb.<\/span><\/p>\n<\/p>\n<p><span class=\"text1noticias\">\u00abDanilo no va. \u00c9l se opuso a la reelecci\u00f3n cuando estaba permitida; ahora est\u00e1 prohibida. Tenemos que elegir a un nuevo candidato que represente el estilo y la sencillez de Danilo para complacer las aspiraciones del pueblo. Ese soy yo, compa\u00f1eros, ese es Tem\u00edstocles Mont\u00e1s, compa\u00f1eras\u00bb, exclam\u00f3 arrancando aplausos de sus seguidores.<\/span><\/p>\n<\/p>\n<p><span class=\"text1noticias\">Record\u00f3 que los tres dirigentes que m\u00e1s han gravitado sobre los triunfos del PLD en los \u00faltimos veinte a\u00f1os hemos sido Leonel Fern\u00e1ndez, Danilo Medina y \u00e9l, por lo que a su entender \u00absi a Leonel lo hemos llevado tres veces a la Presidencia; a Danilo lo llevamos en 2012 y no puede ir a la reelecci\u00f3n: por justicia y por derecho a quien le corresponde la candidatura de 2016 es a m\u00ed\u00bb, agreg\u00f3.(HG)<\/span>.<\/p>\n<\/p>\n<h6> 2014-09-27 17:51:26 <\/h6>\n<p><!--\n<link rel=\"stylesheet\" href=\"css\/bootstrap.min.css\">\n\n\n<ul class=\"pagination\">\n\t    \n\t\n\n<li >\n\t<a href='?page_no=14471'>Previous<\/a>\n\t<\/li>\n\n\n       \n    \n\n<li><a href='?page_no=1'>1<\/a><\/li>\n\n\n\n<li><a href='?page_no=2'>2<\/a><\/li>\n\n\n\n<li><a>...<\/a><\/li>\n\n\n\n<li><a href='?page_no=14470'>14470<\/a><\/li>\n\n\n\n<li><a href='?page_no=14471'>14471<\/a><\/li>\n\n\n\n<li class='active'><a>14472<\/a><\/li>\n\n\n\n<li><a href='?page_no=14473'>14473<\/a><\/li>\n\n\n\n<li><a href='?page_no=14474'>14474<\/a><\/li>\n\n\n\n<li><a>...<\/a><\/li>\n\n\n\n<li><a href='?page_no=36999'>36999<\/a><\/li>\n\n\n\n<li><a href='?page_no=37000'>37000<\/a><\/li>\n\n    \n\t\n\n<li >\n\t<a href='?page_no=14473'>Next<\/a>\n\t<\/li>\n\n\n    \n\n<li><a href='?page_no=37000'>Last &rsaquo;&rsaquo;<\/a><\/li>\n\n<\/ul>\n\n\n--><br \/>\n<\/body><\/p>\n","protected":false},"excerpt":{"rendered":"<p>Santo Domingo, RD, 27 de Septiembre.-El ingeniero Tem\u00edstocles Mont\u00e1s manifest\u00f3 que el pa\u00eds necesita que el Partido de la Liberaci\u00f3n Dominicana (PLD) contin\u00fae en el poder, pero para lograrlo es necesario renovarle las esperanzas al pueblo dominicano con una candidatura que represente el futuro y no un retroceso al pasado. \u00abSi queremos que el PLD [&hellip;]<\/p>\n","protected":false},"author":3,"featured_media":0,"comment_status":"open","ping_status":"open","sticky":false,"template":"","format":"standard","meta":{"footnotes":""},"categories":[22],"tags":[],"class_list":["post-162025","post","type-post","status-publish","format-standard","hentry","category-politica"],"_links":{"self":[{"href":"https:\/\/diariodominicano.com\/index.php?rest_route=\/wp\/v2\/posts\/162025","targetHints":{"allow":["GET"]}}],"collection":[{"href":"https:\/\/diariodominicano.com\/index.php?rest_route=\/wp\/v2\/posts"}],"about":[{"href":"https:\/\/diariodominicano.com\/index.php?rest_route=\/wp\/v2\/types\/post"}],"author":[{"embeddable":true,"href":"https:\/\/diariodominicano.com\/index.php?rest_route=\/wp\/v2\/users\/3"}],"replies":[{"embeddable":true,"href":"https:\/\/diariodominicano.com\/index.php?rest_route=%2Fwp%2Fv2%2Fcomments&post=162025"}],"version-history":[{"count":0,"href":"https:\/\/diariodominicano.com\/index.php?rest_route=\/wp\/v2\/posts\/162025\/revisions"}],"wp:attachment":[{"href":"https:\/\/diariodominicano.com\/index.php?rest_route=%2Fwp%2Fv2%2Fmedia&parent=162025"}],"wp:term":[{"taxonomy":"category","embeddable":true,"href":"https:\/\/diariodominicano.com\/index.php?rest_route=%2Fwp%2Fv2%2Fcategories&post=162025"},{"taxonomy":"post_tag","embeddable":true,"href":"https:\/\/diariodominicano.com\/index.php?rest_route=%2Fwp%2Fv2%2Ftags&post=162025"}],"curies":[{"name":"wp","href":"https:\/\/api.w.org\/{rel}","templated":true}]}}