{"id":162024,"date":"2014-09-27T18:14:23","date_gmt":"2014-09-27T18:14:23","guid":{"rendered":"http:\/\/diariodominicano.ddns.net\/?p=162024"},"modified":"2014-09-27T18:14:23","modified_gmt":"2014-09-27T18:14:23","slug":"dirigente-izquierda-sostiene-alianzas-partidos-pequenos-son-absorbidos-por-los-grandes","status":"publish","type":"post","link":"https:\/\/diariodominicano.com\/?p=162024","title":{"rendered":"Dirigente izquierda sostiene alianzas partidos peque\u00f1os son absorbidos por los grandes"},"content":{"rendered":"<p><body><\/p>\n<p><img decoding=\"async\" src=\"img3\/profesor.jpg\" \/>  <\/p>\n<p><span class=\"text1noticias\">New York, EE.UU., 27 de Septiembre.-Un profesor universitario y coordinador del Frente Febrerista  sostuvo que los grupos progresistas, incluyendo parte de las izquierdas que se han aliados a los partidos del sistema no han logrados sus objetivos de cambios sociales que beneficien a los pobres.<\/span><\/p>\n<\/p>\n<p><span class=\"text1noticias\">Wilson Spencer ofreci\u00f3 su opini\u00f3n durante un conversatorio en el local de Alianza Pa\u00eds a la que asistieron un nutrido grupo de comunitarios y dirigentes de grupos aliados Fuerza por la Revoluci\u00f3n y Frente Febrerista, quienes respaldan la candidatura presidencial de Guillermo Moreno.<\/span><\/p>\n<\/p>\n<p><span class=\"text1noticias\">En una clara alusi\u00f3n a la Convergencia de organizaciones pol\u00edticas, el dirigente del Frente Febrerista indic\u00f3 que en esas alianzas ha ocurrido todo lo contrario, los peque\u00f1os partidos han sidos absorbidos por los grandes, dijo.<\/span><\/p>\n<\/p>\n<p><span class=\"text1noticias\">Puso como ejemplo el caso del Bloque Socialista, de Fafa Taveras, el Partido de los Trabajadores Dominicano, de Gonz\u00e1les Espinosa, Movimiento Izquierda Unida, de Miguel Mej\u00eda y participaci\u00f3n ocasional y marginal con una estructura partidaria independiente el caso del PCT-Miuca.<\/span><\/p>\n<\/p>\n<p><span class=\"text1noticias\">Recalc\u00f3 que tanto el PRD, PRM, PLD y Partido Reformista Social Cristiano han constituidos los pilares sobre lo que se sostiene el sistema pol\u00edtico dominicano desde hace mas de 20 a\u00f1os sirviendo en esencia a los mismos intereses sociales y econ\u00f3micos y al enriquecimiento de sus c\u00fapulas.<\/span><\/p>\n<\/p>\n<p><span class=\"text1noticias\">Spencer manifest\u00f3 que imposibilitados de articular un discurso m\u00ednimamente coherente con una estrategia pol\u00edtica sustentada en la realidad y en la experiencia, se ven obligados a echar mano al desplazamiento del discurso de lo pol\u00edtico a lo ideol\u00f3gico, al lenguaje desiderativo, mistificaci\u00f3n y lo eufem\u00edstico.<\/span><\/p>\n<\/p>\n<p><span class=\"text1noticias\">Se\u00f1al\u00f3 que la altaner\u00eda de esa franja de la izquierda emana no de los triunfos alcanzados por esas pol\u00edticas, sino, precisamente de sus fracasos. <\/span><\/p>\n<\/p>\n<p><span class=\"text1noticias\">El catedr\u00e1tico universitario y dirigente febrerista reconoci\u00f3 que entre los partidarios de Convergencia se encuentran personas capaces a las que  \u00abapreciamos y creemos, aunque estemos en desacuerdo\u00bb con aspectos esenciales de su lectura de la realidad pol\u00edtica y la v\u00eda para crear una nueva situaci\u00f3n en el pa\u00eds. <\/span><\/p>\n<\/p>\n<p><span class=\"text1noticias\">El dirigente izquierdista signific\u00f3 que en algunos escritos de gente de la izquierda que promueven la alianza con el Partido Revolucionario Moderno ( PRM ), se notan se\u00f1ales de altaner\u00eda e impostura respecto a quienes no \u00abestamos \u00bb de acuerdo con esa pol\u00edtica. A\u00f1adi\u00f3 que eso est\u00e1 expresado en adjetivos descalificadores y en la sentencia de que si no se est\u00e1 con ellos, se est\u00e1 con sus adversarios.(HG)<\/span>.<\/p>\n<h6> 2014-09-27 18:14:23 <\/h6>\n<p><!--\n<link rel=\"stylesheet\" href=\"css\/bootstrap.min.css\">\n\n\n<ul class=\"pagination\">\n\t    \n\t\n\n<li >\n\t<a href='?page_no=14470'>Previous<\/a>\n\t<\/li>\n\n\n       \n    \n\n<li><a href='?page_no=1'>1<\/a><\/li>\n\n\n\n<li><a href='?page_no=2'>2<\/a><\/li>\n\n\n\n<li><a>...<\/a><\/li>\n\n\n\n<li><a href='?page_no=14469'>14469<\/a><\/li>\n\n\n\n<li><a href='?page_no=14470'>14470<\/a><\/li>\n\n\n\n<li class='active'><a>14471<\/a><\/li>\n\n\n\n<li><a href='?page_no=14472'>14472<\/a><\/li>\n\n\n\n<li><a href='?page_no=14473'>14473<\/a><\/li>\n\n\n\n<li><a>...<\/a><\/li>\n\n\n\n<li><a href='?page_no=36999'>36999<\/a><\/li>\n\n\n\n<li><a href='?page_no=37000'>37000<\/a><\/li>\n\n    \n\t\n\n<li >\n\t<a href='?page_no=14472'>Next<\/a>\n\t<\/li>\n\n\n    \n\n<li><a href='?page_no=37000'>Last &rsaquo;&rsaquo;<\/a><\/li>\n\n<\/ul>\n\n\n--><br \/>\n<\/body><\/p>\n","protected":false},"excerpt":{"rendered":"<p>New York, EE.UU., 27 de Septiembre.-Un profesor universitario y coordinador del Frente Febrerista sostuvo que los grupos progresistas, incluyendo parte de las izquierdas que se han aliados a los partidos del sistema no han logrados sus objetivos de cambios sociales que beneficien a los pobres. Wilson Spencer ofreci\u00f3 su opini\u00f3n durante un conversatorio en el [&hellip;]<\/p>\n","protected":false},"author":3,"featured_media":0,"comment_status":"open","ping_status":"open","sticky":false,"template":"","format":"standard","meta":{"footnotes":""},"categories":[22],"tags":[],"class_list":["post-162024","post","type-post","status-publish","format-standard","hentry","category-politica"],"_links":{"self":[{"href":"https:\/\/diariodominicano.com\/index.php?rest_route=\/wp\/v2\/posts\/162024","targetHints":{"allow":["GET"]}}],"collection":[{"href":"https:\/\/diariodominicano.com\/index.php?rest_route=\/wp\/v2\/posts"}],"about":[{"href":"https:\/\/diariodominicano.com\/index.php?rest_route=\/wp\/v2\/types\/post"}],"author":[{"embeddable":true,"href":"https:\/\/diariodominicano.com\/index.php?rest_route=\/wp\/v2\/users\/3"}],"replies":[{"embeddable":true,"href":"https:\/\/diariodominicano.com\/index.php?rest_route=%2Fwp%2Fv2%2Fcomments&post=162024"}],"version-history":[{"count":0,"href":"https:\/\/diariodominicano.com\/index.php?rest_route=\/wp\/v2\/posts\/162024\/revisions"}],"wp:attachment":[{"href":"https:\/\/diariodominicano.com\/index.php?rest_route=%2Fwp%2Fv2%2Fmedia&parent=162024"}],"wp:term":[{"taxonomy":"category","embeddable":true,"href":"https:\/\/diariodominicano.com\/index.php?rest_route=%2Fwp%2Fv2%2Fcategories&post=162024"},{"taxonomy":"post_tag","embeddable":true,"href":"https:\/\/diariodominicano.com\/index.php?rest_route=%2Fwp%2Fv2%2Ftags&post=162024"}],"curies":[{"name":"wp","href":"https:\/\/api.w.org\/{rel}","templated":true}]}}