{"id":162023,"date":"2014-09-27T18:30:59","date_gmt":"2014-09-27T18:30:59","guid":{"rendered":"http:\/\/diariodominicano.ddns.net\/?p=162023"},"modified":"2014-09-27T18:30:59","modified_gmt":"2014-09-27T18:30:59","slug":"precandidato-a-regidor-sostiene-en-rd-urge-campana-educativa-favorezca-mantener-limpia-las-ciudades","status":"publish","type":"post","link":"https:\/\/diariodominicano.com\/?p=162023","title":{"rendered":"Precandidato a regidor sostiene en RD urge campa\u00f1a educativa favorezca mantener limpia las ciudades"},"content":{"rendered":"<p><body><\/p>\n<p><img decoding=\"async\" src=\"img3\/activista.jpg\" \/>  <\/p>\n<p><span class=\"text1noticias\">Santo Domingo, RD, 27 de Septiembre.- El precandidato a regidor del Partido de la Liberaci\u00f3n Dominicana (PLD), por el municipio Santo Domingo Este, Alfredo Pichardo proclam\u00f3 que en el pa\u00eds es necesario aplicar una efectiva campa\u00f1a educativa en las escuelas sobre la importancia de tener una ciudad limpia, para evitar el contagio de enfermedades que podr\u00edan hasta provocar p\u00e9rdidas de vidas.<\/span><\/p>\n<\/p>\n<p><span class=\"text1noticias\">Pichardo, quien tambi\u00e9n es empresario, dijo que mediante esa campa\u00f1a debe informarse a la poblaci\u00f3n el d\u00eda y la hora en que debe sacar la basura, para que el cami\u00f3n recolector la recoja y no haya regueros de desperdicios en las calles y avenidas de la Rep\u00fablica Dominicana.<\/span><\/p>\n<\/p>\n<p><span class=\"text1noticias\">Consider\u00f3 que la basura debe ser clasificada, que \u00aben una funda blanca se depositen los desperdicios pl\u00e1sticos, en una funda azul las botellas y en una negra, los dem\u00e1s desperdicios\u00bb. <\/span><\/p>\n<\/p>\n<p><span class=\"text1noticias\">Refiri\u00f3 que \u00abjuntos podemos (los diferentes sectores de la poblaci\u00f3n) hacer un estudio y un enfoque de c\u00f3mo mejorar. S\u00e9 que el s\u00edndico tiene los mejores hombres dispuestos para el trabajo de la recogida de la basura, pero se necesita una campa\u00f1a educativa, mediante la cual se pueda educar a la poblaci\u00f3n sobre lo importante que es mantener una ciudad higi\u00e9nica\u00bb. <\/span><\/p>\n<\/p>\n<p><span class=\"text1noticias\">\u00abNosotros (yo y mi seguidores) les vamos a llevar un proyecto que tenemos, sobre lo significativo que es tener una ciudad limpia, al alcalde Juan De los Santos, del cual soy muy amigo\u00bb, precis\u00f3 el candidato a regidor del PLD por Santo Domingo Este.<\/span><\/p>\n<\/p>\n<p><span class=\"text1noticias\"> Agreg\u00f3 que \u00abquiero hacer lo que ning\u00fan regidor ha hecho en la Circunscripci\u00f3n # 2. Soy como el slogan del presidente Danilo Medina, voy hacer lo que nadie ha hecho en esta circunscripci\u00f3n, como regidor\u00bb.  <\/span><\/p>\n<\/p>\n<p><span class=\"text1noticias\">En otro orden, sobre tema de la delincuencia en el municipio Santo Domingo Este, Pichardo expres\u00f3 que la poblaci\u00f3n debe unificarse para enfrentar este flagelo.<\/span><\/p>\n<\/p>\n<p><span class=\"text1noticias\">A\u00f1adi\u00f3 que para acabar con la delincuencia \u00abdebemos unirnos, tanto los Ayuntamientos, la Polic\u00eda, las Fuerzas Armadas, y toda la poblaci\u00f3n, para hacer un proyecto de seguridad nacional\u00bb. <\/span><\/p>\n<\/p>\n<p><span class=\"text1noticias\">Pichardo hizo estos sus pronunciamientos durante la celebraci\u00f3n de \u00abLa Tardecita con Pichardo\u00bb, ante decenas de peledeistas del Intermedio Luper\u00f3n F, que apoyan su candidatura a regidor.<\/span><\/p>\n<p><span class=\"text1noticias\"> <\/span><\/p>\n<p><span class=\"text1noticias\">Esta actividad se realiza un domingo s\u00ed y un domingo no de cada mes, por espacio de dos horas (de 6:00 de la tarde a 8:00 de la noche), en la Discoteca House Drink de la avenida Venezuela n\u00famero 10, esquina Club Rotario, Ensanche Ozama, en la Zona Oriental.<\/span><\/p>\n<\/p>\n<p><span class=\"text1noticias\">En el encuentro del pasado domingo Pichardo explic\u00f3 que en el municipio Santo Domingo Este existen unos 32 comit\u00e9s intermedios, con los cuales, uno por uno, ir\u00e1 realizando \u00abLa Tardecita con Pichardo\u00bb. El domingo comenz\u00f3 esta actividad con el Comit\u00e9 Intermedio Luper\u00f3n F que cuenta con m\u00e1s de 200 comit\u00e9s de base.(HG)<\/span>.<\/p>\n<\/p>\n<h6> 2014-09-27 18:30:59 <\/h6>\n<p><!--\n<link rel=\"stylesheet\" href=\"css\/bootstrap.min.css\">\n\n\n<ul class=\"pagination\">\n\t    \n\t\n\n<li >\n\t<a href='?page_no=14469'>Previous<\/a>\n\t<\/li>\n\n\n       \n    \n\n<li><a href='?page_no=1'>1<\/a><\/li>\n\n\n\n<li><a href='?page_no=2'>2<\/a><\/li>\n\n\n\n<li><a>...<\/a><\/li>\n\n\n\n<li><a href='?page_no=14468'>14468<\/a><\/li>\n\n\n\n<li><a href='?page_no=14469'>14469<\/a><\/li>\n\n\n\n<li class='active'><a>14470<\/a><\/li>\n\n\n\n<li><a href='?page_no=14471'>14471<\/a><\/li>\n\n\n\n<li><a href='?page_no=14472'>14472<\/a><\/li>\n\n\n\n<li><a>...<\/a><\/li>\n\n\n\n<li><a href='?page_no=36999'>36999<\/a><\/li>\n\n\n\n<li><a href='?page_no=37000'>37000<\/a><\/li>\n\n    \n\t\n\n<li >\n\t<a href='?page_no=14471'>Next<\/a>\n\t<\/li>\n\n\n    \n\n<li><a href='?page_no=37000'>Last &rsaquo;&rsaquo;<\/a><\/li>\n\n<\/ul>\n\n\n--><br \/>\n<\/body><\/p>\n","protected":false},"excerpt":{"rendered":"<p>Santo Domingo, RD, 27 de Septiembre.- El precandidato a regidor del Partido de la Liberaci\u00f3n Dominicana (PLD), por el municipio Santo Domingo Este, Alfredo Pichardo proclam\u00f3 que en el pa\u00eds es necesario aplicar una efectiva campa\u00f1a educativa en las escuelas sobre la importancia de tener una ciudad limpia, para evitar el contagio de enfermedades que [&hellip;]<\/p>\n","protected":false},"author":3,"featured_media":0,"comment_status":"open","ping_status":"open","sticky":false,"template":"","format":"standard","meta":{"footnotes":""},"categories":[22],"tags":[],"class_list":["post-162023","post","type-post","status-publish","format-standard","hentry","category-politica"],"_links":{"self":[{"href":"https:\/\/diariodominicano.com\/index.php?rest_route=\/wp\/v2\/posts\/162023","targetHints":{"allow":["GET"]}}],"collection":[{"href":"https:\/\/diariodominicano.com\/index.php?rest_route=\/wp\/v2\/posts"}],"about":[{"href":"https:\/\/diariodominicano.com\/index.php?rest_route=\/wp\/v2\/types\/post"}],"author":[{"embeddable":true,"href":"https:\/\/diariodominicano.com\/index.php?rest_route=\/wp\/v2\/users\/3"}],"replies":[{"embeddable":true,"href":"https:\/\/diariodominicano.com\/index.php?rest_route=%2Fwp%2Fv2%2Fcomments&post=162023"}],"version-history":[{"count":0,"href":"https:\/\/diariodominicano.com\/index.php?rest_route=\/wp\/v2\/posts\/162023\/revisions"}],"wp:attachment":[{"href":"https:\/\/diariodominicano.com\/index.php?rest_route=%2Fwp%2Fv2%2Fmedia&parent=162023"}],"wp:term":[{"taxonomy":"category","embeddable":true,"href":"https:\/\/diariodominicano.com\/index.php?rest_route=%2Fwp%2Fv2%2Fcategories&post=162023"},{"taxonomy":"post_tag","embeddable":true,"href":"https:\/\/diariodominicano.com\/index.php?rest_route=%2Fwp%2Fv2%2Ftags&post=162023"}],"curies":[{"name":"wp","href":"https:\/\/api.w.org\/{rel}","templated":true}]}}